{"id":7343,"date":"2023-09-11T15:10:13","date_gmt":"2023-09-11T18:10:13","guid":{"rendered":"https:\/\/infotep.com.ar\/?p=7343"},"modified":"2023-09-11T15:10:14","modified_gmt":"2023-09-11T18:10:14","slug":"ituzaingo-realiza-el-ix-congreso-pedagogico-y-la-apertura-estara-a-cargo-de-emilio-tenti-fanfani","status":"publish","type":"post","link":"https:\/\/infotep.com.ar\/index.php\/2023\/09\/11\/ituzaingo-realiza-el-ix-congreso-pedagogico-y-la-apertura-estara-a-cargo-de-emilio-tenti-fanfani\/","title":{"rendered":"Ituzaing\u00f3 realiza el IX Congreso Pedag\u00f3gico y la apertura estar\u00e1 a cargo de Emilio Tenti Fanfani"},"content":{"rendered":"\n<p>El Gobierno Municipal de Ituzaing\u00f3 invita a los vecinos y vecinas a participar del Congreso Pedag\u00f3gico 2023. Este a\u00f1o la cita ser\u00e1 los d\u00edas 14 y 15 de septiembre y las actividades tendr\u00e1n lugar en el Teatro Gran Ituzaing\u00f3, la Escuela Primaria N\u00b0 1 y el Centro Cultural Ituzaing\u00f3. <strong>En el marco de la celebraci\u00f3n por los 40 a\u00f1os de democracia, el eje central de esta edici\u00f3n ser\u00e1 el \u201cderecho a la educaci\u00f3n, a la investigaci\u00f3n y al conocimiento\u201d.<\/strong><\/p>\n\n\n\n<p>El Congreso Pedag\u00f3gico a\u00f1o tras a\u00f1o convoca a docentes, especialistas y profesionales de la comunidad educativa a debatir sobre el estado actual de la educaci\u00f3n, identificar las distintas problem\u00e1ticas a las que se enfrentan los estudiantes y docentes y proponer en conjunto soluciones y desaf\u00edos para mejorar la calidad educativa.<\/p>\n\n\n\n<p class=\"has-light-green-cyan-background-color has-background\">El jueves 14 de septiembre, a las 09hs tendr\u00e1 lugar el acto de apertura, en el Teatro Gran Ituzaing\u00f3 (Mariano Acosta 55), a cargo del Licenciado en Ciencias Pol\u00edticas y Sociales Emilio Tenti Fanfani. Adem\u00e1s, es consultor de la Organizaci\u00f3n de Estados Iberoamericanos en la Universidad Pedag\u00f3gica de la Provincia de Buenos Aires y actualmente se desempe\u00f1a como profesor en la UBA.<\/p>\n\n\n\n<p>La segunda jornada, el viernes 15, iniciar\u00e1 a partir de las 09hs de manera simult\u00e1nea en la Escuela Primaria N\u00b0 1 (Las Heras y Mansilla) y el Centro Cultural Ituzaing\u00f3 (Soler y Mansilla).<\/p>\n\n\n\n<p>A continuaci\u00f3n, el cronograma completo de ambas fechas:<\/p>\n\n\n\n<p>14 de septiembre &#8211; 9 a 15hs<\/p>\n\n\n\n<p>Teatro Gran Ituzaing\u00f3 (Mariano Acosta 55)<\/p>\n\n\n\n<ul>\n<li>08:30hs &#8211; Acreditaci\u00f3n<\/li>\n\n\n\n<li>09:00hs &#8211; Acto de apertura y conferencia inaugural. Lic. Emilio Tenti Fanfani. Modera Jorgelina Fittipaldi.<\/li>\n\n\n\n<li>10:00hs &#8211; 40 a\u00f1os de democracia. Prof. Mar\u00eda Raigada, Senadora Provincial, modera Jorgelina Fittipaldi.<\/li>\n\n\n\n<li>11:00hs &#8211; Escuela y democracia: de las certezas absolutas a las que crecen desde el pie. Lic. Gabriel Brenner. Modera Magal\u00ed Iglesias.<\/li>\n\n\n\n<li>12:00hs &#8211; Uso seguro de internet para ni\u00f1as, ni\u00f1os y adolescentes. Grooming como problem\u00e1tica y delito. Luciana Padulo, Diputada Provincial; Roxana Dominguez, Directora del Instituto de Pol\u00edtica P\u00fablica de Prevenci\u00f3n de Grooming. Modera Jorgelina Fittipaldi.<\/li>\n\n\n\n<li>13:00hs &#8211; Inteligencia Artificial, educaci\u00f3n y empleo. Propuesta curricular para la inclusi\u00f3n de ciencias de la computaci\u00f3n para primaria y secundaria. Fundaci\u00f3n Sadovsky. Modera Eliana Gonz\u00e1lez De Martino.<\/li>\n\n\n\n<li>15:00hs &#8211; Sistema Nacional de Deporte: del potrero al alto rendimiento. Jon Emili Uriarte, medallista ol\u00edmpico argentino en v\u00f3ley.<\/li>\n<\/ul>\n\n\n\n<p>15 de septiembre &#8211; 9 a 15hs<\/p>\n\n\n\n<p>Sal\u00f3n Auditorio E.P. N\u00b0 1 (Las Heras y Mansilla)<\/p>\n\n\n\n<ul>\n<li>09:00hs &#8211; Participaci\u00f3n juvenil y ciudadan\u00eda. Marcela Cabadas, Directora Provincial de Educaci\u00f3n de Gesti\u00f3n Privada; Sebasti\u00e1n Urquiza, Director Provincial de Educaci\u00f3n Especial; Galli Gustavo, Director Provincial de Educaci\u00f3n Secundaria; Prof. Mirta Marina, Directora Provincial de Educaci\u00f3n Sexual Integral. Modera Jorgelina Fittipaldi.<\/li>\n\n\n\n<li>10:30hs &#8211; Ciclo de Entrevistas de J\u00f3venes Estudiantes de Escuelas Secundarias y Especiales. Dirigidas a: Tatiana Sfiligoy, nieta recuperada militante por los DDHH; Martina Vergara, activista ambiental; Natasha Si\u00f1ani y Camina Sequeira, militantes del colectivo LGBTIQ+; Laura Dios, due\u00f1a de droguer\u00eda ALUMINE. Modera Fernanda Pennise.<\/li>\n\n\n\n<li>11:00hs &#8211; Pol\u00edticas de formaci\u00f3n docente, avances y pendientes. Lic. Ver\u00f3nica Piovani. Modera Jorgelina Fittipaldi.<\/li>\n\n\n\n<li>12:00hs &#8211; Conocimiento y democracia en la escuela. Dra. Patricia Sadovsky. Modera Eliana Gonz\u00e1lez De Martino.<\/li>\n\n\n\n<li>13:30hs &#8211; La autoridad pedag\u00f3gica para la implementaci\u00f3n del nuevo dise\u00f1o curricular. Nivel Inicial. Prof. Lila Spakowsky. Modera Lorena Lombardi.<\/li>\n\n\n\n<li>14:30hs &#8211; Ense\u00f1ar en escenarios que no vimos venir. Dra. Mariana Maggio. Modera Jorgelina Fittipaldi.<\/li>\n<\/ul>\n\n\n\n<p>15 de septiembre &#8211; 10 a 15hs<\/p>\n\n\n\n<p>Centro Cultural Ituzaing\u00f3 (Soler y Mansilla)<\/p>\n\n\n\n<p>Sala 1<\/p>\n\n\n\n<ul>\n<li>10:00hs &#8211; Las Pol\u00edticas educativas en la provincia de Buenos Aires, inclusi\u00f3n e integraci\u00f3n. Prof. N\u00e9stor Carasa, Lic. Marcelo Zarlenga. Modera Jorgelina Fittipaldi.<\/li>\n\n\n\n<li>11:00hs &#8211; Formaci\u00f3n para el camino al empleo. Lic. Natalia Lazzeri. Modera Lorena Lombardi.<\/li>\n\n\n\n<li>12:00hs &#8211; Ley Lucio: cuando el abuso calla, el aula debe gritar. Abordaje de la ley para las problem\u00e1ticas que atraviesan el aula. Lic. Miriam Bergalli. Modera Lorena Lombardi.<\/li>\n<\/ul>\n\n\n\n<p>Aula de exposici\u00f3n Soler<\/p>\n\n\n\n<ul>\n<li>10:00hs &#8211; Taller \u201cHerramientas para llevar educaci\u00f3n ambiental a las aulas: mirada naturalista\u201d. Lic. Julieta Antonelli.<\/li>\n<\/ul>\n\n\n\n<p>Los y las interesados en participar, pueden inscribirse completando el formulario en el siguiente enlace: <a href=\"https:\/\/bit.ly\/45FIxTj\" target=\"_blank\" rel=\"noreferrer noopener\">https:\/\/bit.ly\/45FIxTj<\/a><\/p>\n","protected":false},"excerpt":{"rendered":"<p>El Gobierno Municipal de Ituzaing&oacute; invita a los vecinos y vecinas a participar del Congreso Pedag&oacute;gico 2023. Este a&ntilde;o la cita ser&aacute; los d&iacute;as 14 y 15 de septiembre y las actividades tendr&aacute;n lugar en el Teatro Gran Ituzaing&oacute;, la Escuela Primaria N&deg; 1 y el Centro Cultural Ituzaing&oacute;. En el marco de la celebraci&oacute;n &hellip; <\/p>\n","protected":false},"author":5,"featured_media":7344,"comment_status":"closed","ping_status":"closed","sticky":false,"template":"","format":"standard","meta":{"om_disable_all_campaigns":false,"_joinchat":[]},"categories":[31,8],"tags":[],"featured_image_urls":{"full":["https:\/\/infotep.com.ar\/wp-content\/uploads\/2023\/09\/IX-Congreso-Pedagogico.jpeg",1600,1066,false],"thumbnail":["https:\/\/infotep.com.ar\/wp-content\/uploads\/2023\/09\/IX-Congreso-Pedagogico-150x150.jpeg",150,150,true],"medium":["https:\/\/infotep.com.ar\/wp-content\/uploads\/2023\/09\/IX-Congreso-Pedagogico-300x200.jpeg",300,200,true],"medium_large":["https:\/\/infotep.com.ar\/wp-content\/uploads\/2023\/09\/IX-Congreso-Pedagogico-768x512.jpeg",768,512,true],"large":["https:\/\/infotep.com.ar\/wp-content\/uploads\/2023\/09\/IX-Congreso-Pedagogico-1024x682.jpeg",1020,679,true],"1536x1536":["https:\/\/infotep.com.ar\/wp-content\/uploads\/2023\/09\/IX-Congreso-Pedagogico-1536x1023.jpeg",1536,1023,true],"2048x2048":["https:\/\/infotep.com.ar\/wp-content\/uploads\/2023\/09\/IX-Congreso-Pedagogico.jpeg",1600,1066,false],"blossom-feminine-slider":["https:\/\/infotep.com.ar\/wp-content\/uploads\/2023\/09\/IX-Congreso-Pedagogico-1600x649.jpeg",1600,649,true],"blossom-feminine-featured":["https:\/\/infotep.com.ar\/wp-content\/uploads\/2023\/09\/IX-Congreso-Pedagogico-1410x600.jpeg",1410,600,true],"blossom-feminine-with-sidebar":["https:\/\/infotep.com.ar\/wp-content\/uploads\/2023\/09\/IX-Congreso-Pedagogico-1020x600.jpeg",1020,600,true],"blossom-feminine-blog":["https:\/\/infotep.com.ar\/wp-content\/uploads\/2023\/09\/IX-Congreso-Pedagogico-435x435.jpeg",435,435,true],"blossom-feminine-cat":["https:\/\/infotep.com.ar\/wp-content\/uploads\/2023\/09\/IX-Congreso-Pedagogico-450x300.jpeg",450,300,true],"blossom-feminine-related":["https:\/\/infotep.com.ar\/wp-content\/uploads\/2023\/09\/IX-Congreso-Pedagogico-320x200.jpeg",320,200,true],"blossom-feminine-schema":["https:\/\/infotep.com.ar\/wp-content\/uploads\/2023\/09\/IX-Congreso-Pedagogico-90x60.jpeg",90,60,true],"blossom-mommy-blog-slider-big":["https:\/\/infotep.com.ar\/wp-content\/uploads\/2023\/09\/IX-Congreso-Pedagogico-920x650.jpeg",920,650,true],"blossom-mommy-blog-slider":["https:\/\/infotep.com.ar\/wp-content\/uploads\/2023\/09\/IX-Congreso-Pedagogico-460x310.jpeg",460,310,true],"blossom-mommy-blog-two":["https:\/\/infotep.com.ar\/wp-content\/uploads\/2023\/09\/IX-Congreso-Pedagogico-768x480.jpeg",768,480,true]},"author_info":{"info":["Angela Tobar"]},"category_info":"<a href=\"https:\/\/infotep.com.ar\/index.php\/category\/destacadas\/\" rel=\"category tag\">Destacadas<\/a> <a href=\"https:\/\/infotep.com.ar\/index.php\/category\/municipales\/ituzaingo\/\" rel=\"category tag\">Ituzaing\u00f3<\/a>","tag_info":"Ituzaing\u00f3","comment_count":"0","_links":{"self":[{"href":"https:\/\/infotep.com.ar\/index.php\/wp-json\/wp\/v2\/posts\/7343"}],"collection":[{"href":"https:\/\/infotep.com.ar\/index.php\/wp-json\/wp\/v2\/posts"}],"about":[{"href":"https:\/\/infotep.com.ar\/index.php\/wp-json\/wp\/v2\/types\/post"}],"author":[{"embeddable":true,"href":"https:\/\/infotep.com.ar\/index.php\/wp-json\/wp\/v2\/users\/5"}],"replies":[{"embeddable":true,"href":"https:\/\/infotep.com.ar\/index.php\/wp-json\/wp\/v2\/comments?post=7343"}],"version-history":[{"count":1,"href":"https:\/\/infotep.com.ar\/index.php\/wp-json\/wp\/v2\/posts\/7343\/revisions"}],"predecessor-version":[{"id":7345,"href":"https:\/\/infotep.com.ar\/index.php\/wp-json\/wp\/v2\/posts\/7343\/revisions\/7345"}],"wp:featuredmedia":[{"embeddable":true,"href":"https:\/\/infotep.com.ar\/index.php\/wp-json\/wp\/v2\/media\/7344"}],"wp:attachment":[{"href":"https:\/\/infotep.com.ar\/index.php\/wp-json\/wp\/v2\/media?parent=7343"}],"wp:term":[{"taxonomy":"category","embeddable":true,"href":"https:\/\/infotep.com.ar\/index.php\/wp-json\/wp\/v2\/categories?post=7343"},{"taxonomy":"post_tag","embeddable":true,"href":"https:\/\/infotep.com.ar\/index.php\/wp-json\/wp\/v2\/tags?post=7343"}],"curies":[{"name":"wp","href":"https:\/\/api.w.org\/{rel}","templated":true}]}}