{"id":7428,"date":"2023-09-13T01:43:00","date_gmt":"2023-09-13T04:43:00","guid":{"rendered":"https:\/\/infotep.com.ar\/?p=7428"},"modified":"2023-09-13T00:03:27","modified_gmt":"2023-09-13T03:03:27","slug":"kicillof-presento-drones-para-combatir-el-delito-rural-en-el-territorio-bonaerense","status":"publish","type":"post","link":"https:\/\/infotep.com.ar\/index.php\/2023\/09\/13\/kicillof-presento-drones-para-combatir-el-delito-rural-en-el-territorio-bonaerense\/","title":{"rendered":"Kicillof present\u00f3 drones para combatir el delito rural en el territorio bonaerense"},"content":{"rendered":"\n<p>El gobernador bonaerense, Axel Kicillof, present\u00f3 este martes drones que se aplicar\u00e1n a la prevenci\u00f3n y persecuci\u00f3n del delito rural y afirm\u00f3 que con la incorporaci\u00f3n de esa tecnolog\u00eda para la polic\u00eda de la provincia de Buenos Aires se entra &#8220;en una nueva era en materia de seguridad&#8221;.<\/p>\n\n\n\n<p>Se trata de aeronaves no tripuladas, con diez horas de autonom\u00eda de vuelo, iluminador l\u00e1ser y c\u00e1maras de alta definici\u00f3n, zoom de 30 aumentos y c\u00e1maras t\u00e9rmicas para visi\u00f3n nocturna que permitir\u00e1n mejor patrullaje real y aumentar la capacidad de reacci\u00f3n en esas zonas.<\/p>\n\n\n\n<p>Kicillof present\u00f3 los nuevos drones en el Aeroclub de la localidad de Ver\u00f3nica, en el partido de Punta Indio, junto a su ministro de Seguridad, Sergio Berni.<\/p>\n\n\n\n<p>El mandatario destac\u00f3 las particularidades que tiene el interior del territorio bonaerense, con grandes extensiones de campo que dificultaban el patrullaje.<\/p>\n\n\n\n<p>&#8220;Para dar respuesta a los problemas de inseguridad hab\u00eda que desarrollar nuevas tecnolog\u00edas y formar cuerpos (policiales) para \u00e1mbitos rurales. Los patrulleros eran un desastre, no hab\u00eda patrullero en el interior que no tuviera m\u00e1s de un mill\u00f3n de kilometraje&#8221;, detall\u00f3.<\/p>\n\n\n\n<p>Explic\u00f3 que se cre\u00f3 un cuerpo de Polic\u00eda Rural y una Escuela de Formaci\u00f3n de la Polic\u00eda Rural y se reequip\u00f3 la fuerza con veh\u00edculos 4&#215;4 cero kil\u00f3metro.<\/p>\n\n\n\n<p>&#8220;Combatir el delito en zona rural implicaba largos desplazamientos y zonas intransitables. Si un delito se comet\u00eda en una distancia larga con respecto a las patrullas, la verdad que por m\u00e1s que equip\u00e1ramos a la fuerza, cuando llegaba la polic\u00eda (al lugar del delito) ya era tarde. Hacia falta pensar algo que no se desplazar por tierra&#8221;, relat\u00f3 Kicillof.<\/p>\n\n\n\n<p>Cont\u00f3 que se evalu\u00f3 la posibilidad de incorporar helic\u00f3pteros &#8220;pero desde lo pecuniario y operativo era inconveniente&#8221;, hasta que en un viaje a China tom\u00f3 contacto con una empresa de drones.<\/p>\n\n\n\n<p>&#8220;Ahora tenemos esta nueva divisi\u00f3n de veh\u00edculos no tripulados a\u00e9reos que est\u00e1n en condiciones de empezar a operar en la provincia de Buenos Aires. Estamos inaugurando un nuevo m\u00e9todo, una nueva era en materia de seguridad rural y a partir de octubre estar\u00e1n operando en la provincia de Buenos Aires&#8221;, dijo.<\/p>\n\n\n\n<p>&#8220;Esto va a permitir una acci\u00f3n de respuesta r\u00e1pida, con diez dispositivos se puede cubrir todo el territorio provincial. Es una inversi\u00f3n de siete millones de d\u00f3lares. Es un compromiso muy grande con la seguridad en \u00e1mbitos rurales, una respuesta que necesit\u00e1bamos y nunca existi\u00f3&#8221;, asegur\u00f3 Kicillof.<\/p>\n\n\n\n<p>Celebr\u00f3 adem\u00e1s que &#8220;una vez que se conozca que los drones est\u00e1n patrullando eso va a disuadir (el delito)&#8221;.<\/p>\n\n\n\n<p>Por su parte, Berni repas\u00f3 las medidas adoptadas para combatir el delito rural desde la asunci\u00f3n de Kicillof, que incluy\u00f3 el reemplazo de patrulleros obsoletos, la formaci\u00f3n del polic\u00edas rurales y c\u00f3mo se evalu\u00f3 utilizar helic\u00f3pteros en esos \u00e1mbitos.<\/p>\n\n\n\n<p>&#8220;Pensamos en helic\u00f3pteros pero no pod\u00edan llevar un sistema de vigilancia los 365 d\u00edas del a\u00f1o y toda la noche. Adem\u00e1s los helic\u00f3pteros cada 100 horas hay que desarmarlos y volverlos a armar por una reglamentaci\u00f3n a\u00e9rea. Y ni con una flota de cien (helic\u00f3pteros) pod\u00edamos garantizar videovigilancia de toda la Provincia&#8221;, destac\u00f3.<\/p>\n\n\n\n<p>Remarc\u00f3 que con diez drones &#8220;cubrimos la totalidad de la superficie de la provincia de Buenos Aires. En una hora tiene el control de entre 30 y 40 mil hect\u00e1reas, ni siquiera con un helic\u00f3ptero tradicional se puede realizar eso&#8221;.<\/p>\n\n\n\n<p>&#8220;Ahora desde octubre tendremos diez aeronaves no tripuladas que van a estar mirando y custodiar\u00e1n nuestros intereses patrimoniales, porque en el campo se guardan miles de millones de pesos custodiados por cinco alambres. Ahora habr\u00e1 diez ojos mirando y custodiando junto a ustedes ese patrimonio que es producto de su esfuerzo y sacrificio y es el gran aporte del campo al PBI de la provincia&#8221;, concluy\u00f3.<\/p>\n","protected":false},"excerpt":{"rendered":"<p>El gobernador bonaerense, Axel Kicillof, present&oacute; este martes drones que se aplicar&aacute;n a la prevenci&oacute;n y persecuci&oacute;n del delito rural y afirm&oacute; que con la incorporaci&oacute;n de esa tecnolog&iacute;a para la polic&iacute;a de la provincia de Buenos Aires se entra &ldquo;en una nueva era en materia de seguridad&rdquo;. Se trata de aeronaves no tripuladas, con &hellip; <\/p>\n","protected":false},"author":5,"featured_media":7429,"comment_status":"closed","ping_status":"closed","sticky":false,"template":"","format":"standard","meta":{"om_disable_all_campaigns":false,"_joinchat":[]},"categories":[31,4],"tags":[46,43],"featured_image_urls":{"full":["https:\/\/infotep.com.ar\/wp-content\/uploads\/2023\/09\/650100096a188_1200.jpg",1200,675,false],"thumbnail":["https:\/\/infotep.com.ar\/wp-content\/uploads\/2023\/09\/650100096a188_1200-150x150.jpg",150,150,true],"medium":["https:\/\/infotep.com.ar\/wp-content\/uploads\/2023\/09\/650100096a188_1200-300x169.jpg",300,169,true],"medium_large":["https:\/\/infotep.com.ar\/wp-content\/uploads\/2023\/09\/650100096a188_1200-768x432.jpg",768,432,true],"large":["https:\/\/infotep.com.ar\/wp-content\/uploads\/2023\/09\/650100096a188_1200-1024x576.jpg",1020,574,true],"1536x1536":["https:\/\/infotep.com.ar\/wp-content\/uploads\/2023\/09\/650100096a188_1200.jpg",1200,675,false],"2048x2048":["https:\/\/infotep.com.ar\/wp-content\/uploads\/2023\/09\/650100096a188_1200.jpg",1200,675,false],"blossom-feminine-slider":["https:\/\/infotep.com.ar\/wp-content\/uploads\/2023\/09\/650100096a188_1200-1200x649.jpg",1200,649,true],"blossom-feminine-featured":["https:\/\/infotep.com.ar\/wp-content\/uploads\/2023\/09\/650100096a188_1200-1200x600.jpg",1200,600,true],"blossom-feminine-with-sidebar":["https:\/\/infotep.com.ar\/wp-content\/uploads\/2023\/09\/650100096a188_1200-1020x600.jpg",1020,600,true],"blossom-feminine-blog":["https:\/\/infotep.com.ar\/wp-content\/uploads\/2023\/09\/650100096a188_1200-435x435.jpg",435,435,true],"blossom-feminine-cat":["https:\/\/infotep.com.ar\/wp-content\/uploads\/2023\/09\/650100096a188_1200-450x300.jpg",450,300,true],"blossom-feminine-related":["https:\/\/infotep.com.ar\/wp-content\/uploads\/2023\/09\/650100096a188_1200-320x200.jpg",320,200,true],"blossom-feminine-schema":["https:\/\/infotep.com.ar\/wp-content\/uploads\/2023\/09\/650100096a188_1200-107x60.jpg",107,60,true],"blossom-mommy-blog-slider-big":["https:\/\/infotep.com.ar\/wp-content\/uploads\/2023\/09\/650100096a188_1200-920x650.jpg",920,650,true],"blossom-mommy-blog-slider":["https:\/\/infotep.com.ar\/wp-content\/uploads\/2023\/09\/650100096a188_1200-460x310.jpg",460,310,true],"blossom-mommy-blog-two":["https:\/\/infotep.com.ar\/wp-content\/uploads\/2023\/09\/650100096a188_1200-768x480.jpg",768,480,true]},"author_info":{"info":["Angela Tobar"]},"category_info":"<a href=\"https:\/\/infotep.com.ar\/index.php\/category\/destacadas\/\" rel=\"category tag\">Destacadas<\/a> <a href=\"https:\/\/infotep.com.ar\/index.php\/category\/provinciales\/\" rel=\"category tag\">Provinciales<\/a>","tag_info":"Provinciales","comment_count":"0","_links":{"self":[{"href":"https:\/\/infotep.com.ar\/index.php\/wp-json\/wp\/v2\/posts\/7428"}],"collection":[{"href":"https:\/\/infotep.com.ar\/index.php\/wp-json\/wp\/v2\/posts"}],"about":[{"href":"https:\/\/infotep.com.ar\/index.php\/wp-json\/wp\/v2\/types\/post"}],"author":[{"embeddable":true,"href":"https:\/\/infotep.com.ar\/index.php\/wp-json\/wp\/v2\/users\/5"}],"replies":[{"embeddable":true,"href":"https:\/\/infotep.com.ar\/index.php\/wp-json\/wp\/v2\/comments?post=7428"}],"version-history":[{"count":1,"href":"https:\/\/infotep.com.ar\/index.php\/wp-json\/wp\/v2\/posts\/7428\/revisions"}],"predecessor-version":[{"id":7430,"href":"https:\/\/infotep.com.ar\/index.php\/wp-json\/wp\/v2\/posts\/7428\/revisions\/7430"}],"wp:featuredmedia":[{"embeddable":true,"href":"https:\/\/infotep.com.ar\/index.php\/wp-json\/wp\/v2\/media\/7429"}],"wp:attachment":[{"href":"https:\/\/infotep.com.ar\/index.php\/wp-json\/wp\/v2\/media?parent=7428"}],"wp:term":[{"taxonomy":"category","embeddable":true,"href":"https:\/\/infotep.com.ar\/index.php\/wp-json\/wp\/v2\/categories?post=7428"},{"taxonomy":"post_tag","embeddable":true,"href":"https:\/\/infotep.com.ar\/index.php\/wp-json\/wp\/v2\/tags?post=7428"}],"curies":[{"name":"wp","href":"https:\/\/api.w.org\/{rel}","templated":true}]}}