{"id":7587,"date":"2023-09-19T01:07:36","date_gmt":"2023-09-19T04:07:36","guid":{"rendered":"https:\/\/infotep.com.ar\/?p=7587"},"modified":"2023-09-20T22:46:08","modified_gmt":"2023-09-21T01:46:08","slug":"merlo-kicillof-inauguro-un-complejo-penitenciario","status":"publish","type":"post","link":"https:\/\/infotep.com.ar\/index.php\/2023\/09\/19\/merlo-kicillof-inauguro-un-complejo-penitenciario\/","title":{"rendered":"Merlo: Kicillof inaugur\u00f3 un complejo penitenciario"},"content":{"rendered":"\n<p>El Intendente Gustavo Men\u00e9ndez y el Gobernador Axel Kicillof inauguraron la Alcaid\u00eda departamental y las nuevas unidades penitenciarias N \u00b059 y N\u00b060 en Merlo, en el marco de Plan de Infraestructura Penitenciaria.<\/p>\n\n\n\n<p>Estuvieron presentes el Ministro de Justicia y Derechos Humanos de la Provincia de Buenos Aires Julio Alak, la Ministra de Gobierno de la Provincia Cristina \u00c1lvarez Rodr\u00edguez, la Senadora Juliana Di Tullio, la Intendenta interina Karina Men\u00e9ndez, la Secretaria de Desarrollo Econ\u00f3mico Sustentable Roxana Monz\u00f3n y funcionarios municipales.<\/p>\n\n\n\n<p>Durante la jornada, las autoridades realizaron la entrega de 15 nuevos patrulleros para reforzar la flota del Servicio Penitenciario Bonaerense y el DNI n\u00famero 30 mil del programa \u201cM\u00e1s Identidad, Menos Reincidencia\u201d.<\/p>\n\n\n\n<figure class=\"wp-block-image size-full\"><img decoding=\"async\" loading=\"lazy\" width=\"640\" height=\"360\" src=\"https:\/\/infotep.com.ar\/wp-content\/uploads\/2023\/09\/INAUGURACION-COMPLEJO-PENITENCIARIO-8.jpg\" alt=\"\" class=\"wp-image-7588\" srcset=\"https:\/\/infotep.com.ar\/wp-content\/uploads\/2023\/09\/INAUGURACION-COMPLEJO-PENITENCIARIO-8.jpg 640w, https:\/\/infotep.com.ar\/wp-content\/uploads\/2023\/09\/INAUGURACION-COMPLEJO-PENITENCIARIO-8-300x169.jpg 300w, https:\/\/infotep.com.ar\/wp-content\/uploads\/2023\/09\/INAUGURACION-COMPLEJO-PENITENCIARIO-8-107x60.jpg 107w\" sizes=\"(max-width: 640px) 100vw, 640px\" \/><\/figure>\n\n\n\n<p><strong>El Gobernador inform\u00f3 que \u201cLas dos unidades penitenciarias cuentan con capacidad para 1200 internos cada una, dos escuelas, dos talleres para la reinserci\u00f3n laboral y educativa\u201d, al tiempo que destac\u00f3 \u201cGustavo y Karina fueron los primeros en apoyar este nuevo impulso que le estamos dando al Plan, y esta obra se transform\u00f3 en una ciudad penitenciaria que a su vez genera nuevos puestos de trabajo\u201d.<\/strong><\/p>\n\n\n\n<p>El Ministro Alak se\u00f1al\u00f3 que \u201cPara bajar la reincidencia es importante construir las unidades penitenciarias en cercan\u00edas de donde viven los internos, porque esto favorece a la visita de los familiares, interpela de manera favorable al preso y reduce los gastos de traslado\u201d.<\/p>\n\n\n\n<p><strong>El objetivo principal del Plan de Infraestructura Penitenciaria es disminuir la sobrepoblaci\u00f3n en c\u00e1rceles, comisar\u00edas y mejorar la seguridad ciudadana, permitiendo que los agentes est\u00e9n en el espacio p\u00fablico atendiendo prevenci\u00f3n del delito.<\/strong><\/p>\n","protected":false},"excerpt":{"rendered":"<p>El Intendente Gustavo Men&eacute;ndez y el Gobernador Axel Kicillof inauguraron la Alcaid&iacute;a departamental y las nuevas unidades penitenciarias N &deg;59 y N&deg;60 en Merlo, en el marco de Plan de Infraestructura Penitenciaria. Estuvieron presentes el Ministro de Justicia y Derechos Humanos de la Provincia de Buenos Aires Julio Alak, la Ministra de Gobierno de la &hellip; <\/p>\n","protected":false},"author":5,"featured_media":7589,"comment_status":"closed","ping_status":"closed","sticky":false,"template":"","format":"standard","meta":{"om_disable_all_campaigns":false,"_joinchat":[]},"categories":[31,10],"tags":[46,43],"featured_image_urls":{"full":["https:\/\/infotep.com.ar\/wp-content\/uploads\/2023\/09\/kicill-merlo.jpg",2560,1707,false],"thumbnail":["https:\/\/infotep.com.ar\/wp-content\/uploads\/2023\/09\/kicill-merlo-150x150.jpg",150,150,true],"medium":["https:\/\/infotep.com.ar\/wp-content\/uploads\/2023\/09\/kicill-merlo-300x200.jpg",300,200,true],"medium_large":["https:\/\/infotep.com.ar\/wp-content\/uploads\/2023\/09\/kicill-merlo-768x512.jpg",768,512,true],"large":["https:\/\/infotep.com.ar\/wp-content\/uploads\/2023\/09\/kicill-merlo-1024x683.jpg",1020,680,true],"1536x1536":["https:\/\/infotep.com.ar\/wp-content\/uploads\/2023\/09\/kicill-merlo-1536x1024.jpg",1536,1024,true],"2048x2048":["https:\/\/infotep.com.ar\/wp-content\/uploads\/2023\/09\/kicill-merlo-2048x1366.jpg",2048,1366,true],"blossom-feminine-slider":["https:\/\/infotep.com.ar\/wp-content\/uploads\/2023\/09\/kicill-merlo-1920x649.jpg",1920,649,true],"blossom-feminine-featured":["https:\/\/infotep.com.ar\/wp-content\/uploads\/2023\/09\/kicill-merlo-1410x600.jpg",1410,600,true],"blossom-feminine-with-sidebar":["https:\/\/infotep.com.ar\/wp-content\/uploads\/2023\/09\/kicill-merlo-1020x600.jpg",1020,600,true],"blossom-feminine-blog":["https:\/\/infotep.com.ar\/wp-content\/uploads\/2023\/09\/kicill-merlo-435x435.jpg",435,435,true],"blossom-feminine-cat":["https:\/\/infotep.com.ar\/wp-content\/uploads\/2023\/09\/kicill-merlo-450x300.jpg",450,300,true],"blossom-feminine-related":["https:\/\/infotep.com.ar\/wp-content\/uploads\/2023\/09\/kicill-merlo-320x200.jpg",320,200,true],"blossom-feminine-schema":["https:\/\/infotep.com.ar\/wp-content\/uploads\/2023\/09\/kicill-merlo-90x60.jpg",90,60,true],"blossom-mommy-blog-slider-big":["https:\/\/infotep.com.ar\/wp-content\/uploads\/2023\/09\/kicill-merlo-920x650.jpg",920,650,true],"blossom-mommy-blog-slider":["https:\/\/infotep.com.ar\/wp-content\/uploads\/2023\/09\/kicill-merlo-460x310.jpg",460,310,true],"blossom-mommy-blog-two":["https:\/\/infotep.com.ar\/wp-content\/uploads\/2023\/09\/kicill-merlo-768x480.jpg",768,480,true]},"author_info":{"info":["Angela Tobar"]},"category_info":"<a href=\"https:\/\/infotep.com.ar\/index.php\/category\/destacadas\/\" rel=\"category tag\">Destacadas<\/a> <a href=\"https:\/\/infotep.com.ar\/index.php\/category\/municipales\/merlo\/\" rel=\"category tag\">Merlo<\/a>","tag_info":"Merlo","comment_count":"0","_links":{"self":[{"href":"https:\/\/infotep.com.ar\/index.php\/wp-json\/wp\/v2\/posts\/7587"}],"collection":[{"href":"https:\/\/infotep.com.ar\/index.php\/wp-json\/wp\/v2\/posts"}],"about":[{"href":"https:\/\/infotep.com.ar\/index.php\/wp-json\/wp\/v2\/types\/post"}],"author":[{"embeddable":true,"href":"https:\/\/infotep.com.ar\/index.php\/wp-json\/wp\/v2\/users\/5"}],"replies":[{"embeddable":true,"href":"https:\/\/infotep.com.ar\/index.php\/wp-json\/wp\/v2\/comments?post=7587"}],"version-history":[{"count":1,"href":"https:\/\/infotep.com.ar\/index.php\/wp-json\/wp\/v2\/posts\/7587\/revisions"}],"predecessor-version":[{"id":7590,"href":"https:\/\/infotep.com.ar\/index.php\/wp-json\/wp\/v2\/posts\/7587\/revisions\/7590"}],"wp:featuredmedia":[{"embeddable":true,"href":"https:\/\/infotep.com.ar\/index.php\/wp-json\/wp\/v2\/media\/7589"}],"wp:attachment":[{"href":"https:\/\/infotep.com.ar\/index.php\/wp-json\/wp\/v2\/media?parent=7587"}],"wp:term":[{"taxonomy":"category","embeddable":true,"href":"https:\/\/infotep.com.ar\/index.php\/wp-json\/wp\/v2\/categories?post=7587"},{"taxonomy":"post_tag","embeddable":true,"href":"https:\/\/infotep.com.ar\/index.php\/wp-json\/wp\/v2\/tags?post=7587"}],"curies":[{"name":"wp","href":"https:\/\/api.w.org\/{rel}","templated":true}]}}