{"id":7650,"date":"2023-09-21T01:12:00","date_gmt":"2023-09-21T04:12:00","guid":{"rendered":"https:\/\/infotep.com.ar\/?p=7650"},"modified":"2023-09-22T00:25:22","modified_gmt":"2023-09-22T03:25:22","slug":"se-inauguro-una-nueva-central-de-operaciones-y-emergencias-en-moron-sur","status":"publish","type":"post","link":"https:\/\/infotep.com.ar\/index.php\/2023\/09\/21\/se-inauguro-una-nueva-central-de-operaciones-y-emergencias-en-moron-sur\/","title":{"rendered":"Se inaugur\u00f3 una nueva Central de Operaciones y Emergencias en Mor\u00f3n sur"},"content":{"rendered":"\n<p>Es la segunda central de monitoreo municipal. Ubicada en la rotonda de Texalar, cuenta con operadores y personal policial las 24hs. Permitir\u00e1 hacer m\u00e1s eficiente las tareas de prevenci\u00f3n y control de c\u00e1maras, focalizadas en esa zona de Mor\u00f3n y Castelar sur.<\/p>\n\n\n\n<p><strong>El intendente Lucas Ghi, junto al secretario de Obras y Servicios P\u00fablicos, Diego Spina y el secretario de Seguridad, Gustavo Yapura, inauguraron la nueva Central de Operaciones y Emergencias ubicada en la rotonda de Texalar, Mor\u00f3n sur. Este nuevo espacio permite visualizar las c\u00e1maras de todo el distrito, focalizando en las zonas de Mor\u00f3n sur y Castelar sur de forma m\u00e1s efectiva. Adem\u00e1s, contar\u00e1 con personal policial las 24hs.<\/strong><\/p>\n\n\n\n<figure class=\"wp-block-image size-large\"><img decoding=\"async\" loading=\"lazy\" width=\"1024\" height=\"683\" src=\"https:\/\/infotep.com.ar\/wp-content\/uploads\/2023\/09\/moron-alerta-1024x683.webp\" alt=\"\" class=\"wp-image-7653\" srcset=\"https:\/\/infotep.com.ar\/wp-content\/uploads\/2023\/09\/moron-alerta-1024x683.webp 1024w, https:\/\/infotep.com.ar\/wp-content\/uploads\/2023\/09\/moron-alerta-300x200.webp 300w, https:\/\/infotep.com.ar\/wp-content\/uploads\/2023\/09\/moron-alerta-768x512.webp 768w, https:\/\/infotep.com.ar\/wp-content\/uploads\/2023\/09\/moron-alerta-1536x1024.webp 1536w, https:\/\/infotep.com.ar\/wp-content\/uploads\/2023\/09\/moron-alerta-450x300.webp 450w, https:\/\/infotep.com.ar\/wp-content\/uploads\/2023\/09\/moron-alerta-90x60.webp 90w, https:\/\/infotep.com.ar\/wp-content\/uploads\/2023\/09\/moron-alerta.webp 1599w\" sizes=\"(max-width: 1024px) 100vw, 1024px\" \/><\/figure>\n\n\n\n<p><\/p>\n\n\n\n<p>La nueva Central implic\u00f3 una inversi\u00f3n de $31.024.350 y se llev\u00f3 adelante a trav\u00e9s del Fondo de Fortalecimiento para la Seguridad Bonaerense, proveniente del Gobierno de la Provincia de Buenos Aires. Las instalaciones contribuyen a una mejor operatividad y la ampliaci\u00f3n de las zonas monitoreadas, permitiendo as\u00ed una respuesta m\u00e1s inmediata y mayor seguridad para los vecinos y vecinas del distrito.<\/p>\n\n\n\n<p class=\"has-light-green-cyan-background-color has-background\">Tras finalizar el acto, el jefe comunal resalt\u00f3: \u201cEs la manifestaci\u00f3n de un compromiso que, a trav\u00e9s de la tecnolog\u00eda, seguimos llevando adelante a lo largo y a lo ancho de todo el distrito. Somos conscientes de que la seguridad es la principal demanda de nuestra comunidad y es en consecuencia, el principal objeto de preocupaci\u00f3n y de acci\u00f3n de este gobierno municipal\u201d.<\/p>\n\n\n\n<p>\u201cDesde ac\u00e1 vamos a monitorear las c\u00e1maras y desde ac\u00e1 se le van a dar disposiciones a la polic\u00eda. Y tambi\u00e9n vamos a profundizar el trabajo con los Foros de Seguridad, porque a partir de ese intercambio de informaci\u00f3n se pueden construir mejores pol\u00edticas p\u00fablicas y acciones directas para lograr el objetivo que perseguimos y que anhela nuestra comunidad: vivir m\u00e1s seguro, reducir los niveles de criminalidad, de delitos, de conflictividad\u201d agreg\u00f3 Ghi.<\/p>\n\n\n\n<figure class=\"wp-block-image size-large\"><img decoding=\"async\" loading=\"lazy\" width=\"1024\" height=\"683\" src=\"https:\/\/infotep.com.ar\/wp-content\/uploads\/2023\/09\/emergencia-moron-2-1024x683.webp\" alt=\"\" class=\"wp-image-7651\" srcset=\"https:\/\/infotep.com.ar\/wp-content\/uploads\/2023\/09\/emergencia-moron-2-1024x683.webp 1024w, https:\/\/infotep.com.ar\/wp-content\/uploads\/2023\/09\/emergencia-moron-2-300x200.webp 300w, https:\/\/infotep.com.ar\/wp-content\/uploads\/2023\/09\/emergencia-moron-2-768x512.webp 768w, https:\/\/infotep.com.ar\/wp-content\/uploads\/2023\/09\/emergencia-moron-2-1536x1024.webp 1536w, https:\/\/infotep.com.ar\/wp-content\/uploads\/2023\/09\/emergencia-moron-2-450x300.webp 450w, https:\/\/infotep.com.ar\/wp-content\/uploads\/2023\/09\/emergencia-moron-2-90x60.webp 90w, https:\/\/infotep.com.ar\/wp-content\/uploads\/2023\/09\/emergencia-moron-2.webp 1599w\" sizes=\"(max-width: 1024px) 100vw, 1024px\" \/><\/figure>\n\n\n\n<p>Cabe destacar que este espacio se complementa con el Centro que est\u00e1 ubicado actualmente en la Av. Rivadavia 17.251, que funciona las 24hs los 365 d\u00edas del a\u00f1o. Desde all\u00ed se articula el trabajo conjunto entre la Secretar\u00eda de Seguridad con las distintas fuerzas que operan en el municipio, como as\u00ed tambi\u00e9n SAME y bomberos.<\/p>\n\n\n\n<p>se inform\u00f3 que ante alguna necesidad puntual vinculada a la seguridad puede comunicarse por tel\u00e9fono al 4443\u20132012.<\/p>\n\n\n\n<p>Tambi\u00e9n participaron de la inauguraci\u00f3n el jefe de Gabinete, Damian Aguilar; la vicejefa de Gabinete, Camila Sabbatella; la secretaria de Fortalecimiento Ciudadano, Florencia de Luca; el secretario de Desarrollo Productivo, Santiago Mu\u00f1iz; la secretaria de Mujeres, G\u00e9neros, Diversidad y Derechos Humanos, Cinthia Fr\u00edas; el subsecretario de Tr\u00e1nsito y Transporte, Agust\u00edn Ramponelli; la subsecretaria de Gesti\u00f3n y Planificaci\u00f3n, Ana Otonello; el subsecretario de Seguimiento de Obras, Jos\u00e9 Mar\u00eda Gayoso y la directora de la UGC 6, Rogelia Franco, entre otros y otras.<\/p>\n\n\n\n<figure class=\"wp-block-image size-full\"><img decoding=\"async\" loading=\"lazy\" width=\"640\" height=\"427\" src=\"https:\/\/infotep.com.ar\/wp-content\/uploads\/2023\/09\/emergencia-moron.webp\" alt=\"\" class=\"wp-image-7652\" srcset=\"https:\/\/infotep.com.ar\/wp-content\/uploads\/2023\/09\/emergencia-moron.webp 640w, https:\/\/infotep.com.ar\/wp-content\/uploads\/2023\/09\/emergencia-moron-300x200.webp 300w, https:\/\/infotep.com.ar\/wp-content\/uploads\/2023\/09\/emergencia-moron-450x300.webp 450w, https:\/\/infotep.com.ar\/wp-content\/uploads\/2023\/09\/emergencia-moron-90x60.webp 90w\" sizes=\"(max-width: 640px) 100vw, 640px\" \/><\/figure>\n","protected":false},"excerpt":{"rendered":"<p>Es la segunda central de monitoreo municipal. Ubicada en la rotonda de Texalar, cuenta con operadores y personal policial las 24hs. Permitir&aacute; hacer m&aacute;s eficiente las tareas de prevenci&oacute;n y control de c&aacute;maras, focalizadas en esa zona de Mor&oacute;n y Castelar sur. El intendente Lucas Ghi, junto al secretario de Obras y Servicios P&uacute;blicos, Diego &hellip; <\/p>\n","protected":false},"author":5,"featured_media":7654,"comment_status":"closed","ping_status":"closed","sticky":false,"template":"","format":"standard","meta":{"om_disable_all_campaigns":false,"_joinchat":[]},"categories":[9],"tags":[46,56,53,43],"featured_image_urls":{"full":["https:\/\/infotep.com.ar\/wp-content\/uploads\/2023\/09\/lucas-ghi-moron-alerta.webp",720,480,false],"thumbnail":["https:\/\/infotep.com.ar\/wp-content\/uploads\/2023\/09\/lucas-ghi-moron-alerta-150x150.webp",150,150,true],"medium":["https:\/\/infotep.com.ar\/wp-content\/uploads\/2023\/09\/lucas-ghi-moron-alerta-300x200.webp",300,200,true],"medium_large":["https:\/\/infotep.com.ar\/wp-content\/uploads\/2023\/09\/lucas-ghi-moron-alerta.webp",720,480,false],"large":["https:\/\/infotep.com.ar\/wp-content\/uploads\/2023\/09\/lucas-ghi-moron-alerta.webp",720,480,false],"1536x1536":["https:\/\/infotep.com.ar\/wp-content\/uploads\/2023\/09\/lucas-ghi-moron-alerta.webp",720,480,false],"2048x2048":["https:\/\/infotep.com.ar\/wp-content\/uploads\/2023\/09\/lucas-ghi-moron-alerta.webp",720,480,false],"blossom-feminine-slider":["https:\/\/infotep.com.ar\/wp-content\/uploads\/2023\/09\/lucas-ghi-moron-alerta.webp",720,480,false],"blossom-feminine-featured":["https:\/\/infotep.com.ar\/wp-content\/uploads\/2023\/09\/lucas-ghi-moron-alerta.webp",720,480,false],"blossom-feminine-with-sidebar":["https:\/\/infotep.com.ar\/wp-content\/uploads\/2023\/09\/lucas-ghi-moron-alerta.webp",720,480,false],"blossom-feminine-blog":["https:\/\/infotep.com.ar\/wp-content\/uploads\/2023\/09\/lucas-ghi-moron-alerta-435x435.webp",435,435,true],"blossom-feminine-cat":["https:\/\/infotep.com.ar\/wp-content\/uploads\/2023\/09\/lucas-ghi-moron-alerta-450x300.webp",450,300,true],"blossom-feminine-related":["https:\/\/infotep.com.ar\/wp-content\/uploads\/2023\/09\/lucas-ghi-moron-alerta-320x200.webp",320,200,true],"blossom-feminine-schema":["https:\/\/infotep.com.ar\/wp-content\/uploads\/2023\/09\/lucas-ghi-moron-alerta-90x60.webp",90,60,true],"blossom-mommy-blog-slider-big":["https:\/\/infotep.com.ar\/wp-content\/uploads\/2023\/09\/lucas-ghi-moron-alerta.webp",720,480,false],"blossom-mommy-blog-slider":["https:\/\/infotep.com.ar\/wp-content\/uploads\/2023\/09\/lucas-ghi-moron-alerta-460x310.webp",460,310,true],"blossom-mommy-blog-two":["https:\/\/infotep.com.ar\/wp-content\/uploads\/2023\/09\/lucas-ghi-moron-alerta.webp",720,480,false]},"author_info":{"info":["Angela Tobar"]},"category_info":"<a href=\"https:\/\/infotep.com.ar\/index.php\/category\/municipales\/moron\/\" rel=\"category tag\">Mor\u00f3n<\/a>","tag_info":"Mor\u00f3n","comment_count":"0","_links":{"self":[{"href":"https:\/\/infotep.com.ar\/index.php\/wp-json\/wp\/v2\/posts\/7650"}],"collection":[{"href":"https:\/\/infotep.com.ar\/index.php\/wp-json\/wp\/v2\/posts"}],"about":[{"href":"https:\/\/infotep.com.ar\/index.php\/wp-json\/wp\/v2\/types\/post"}],"author":[{"embeddable":true,"href":"https:\/\/infotep.com.ar\/index.php\/wp-json\/wp\/v2\/users\/5"}],"replies":[{"embeddable":true,"href":"https:\/\/infotep.com.ar\/index.php\/wp-json\/wp\/v2\/comments?post=7650"}],"version-history":[{"count":1,"href":"https:\/\/infotep.com.ar\/index.php\/wp-json\/wp\/v2\/posts\/7650\/revisions"}],"predecessor-version":[{"id":7655,"href":"https:\/\/infotep.com.ar\/index.php\/wp-json\/wp\/v2\/posts\/7650\/revisions\/7655"}],"wp:featuredmedia":[{"embeddable":true,"href":"https:\/\/infotep.com.ar\/index.php\/wp-json\/wp\/v2\/media\/7654"}],"wp:attachment":[{"href":"https:\/\/infotep.com.ar\/index.php\/wp-json\/wp\/v2\/media?parent=7650"}],"wp:term":[{"taxonomy":"category","embeddable":true,"href":"https:\/\/infotep.com.ar\/index.php\/wp-json\/wp\/v2\/categories?post=7650"},{"taxonomy":"post_tag","embeddable":true,"href":"https:\/\/infotep.com.ar\/index.php\/wp-json\/wp\/v2\/tags?post=7650"}],"curies":[{"name":"wp","href":"https:\/\/api.w.org\/{rel}","templated":true}]}}