{"id":7695,"date":"2023-09-22T17:01:45","date_gmt":"2023-09-22T20:01:45","guid":{"rendered":"https:\/\/infotep.com.ar\/?p=7695"},"modified":"2023-09-24T22:47:17","modified_gmt":"2023-09-25T01:47:17","slug":"moron-inauguro-un-nuevo-parque-lineal-en-homenaje-a-un-soldado-caido-en-malvinas","status":"publish","type":"post","link":"https:\/\/infotep.com.ar\/index.php\/2023\/09\/22\/moron-inauguro-un-nuevo-parque-lineal-en-homenaje-a-un-soldado-caido-en-malvinas\/","title":{"rendered":"Mor\u00f3n inaugur\u00f3 un nuevo parque lineal en homenaje a un soldado ca\u00eddo en Malvinas"},"content":{"rendered":"\n<p><a href=\"https:\/\/medium.com\/@prensamunicipiodemoron?source=post_page-----d486276b45c--------------------------------\"><\/a><\/p>\n\n\n\n<p>Se trata del Parque lineal Soldado Jos\u00e9 Antonio Reyes. Forma parte de un sector del Corredor Stevenson, uno de los m\u00e1s importantes de nuestro Municipio, ubicado en la calle Stevenson entre Ferr\u00e9 y Betbeder, Castelar sur.<\/p>\n\n\n\n<p>El intendente Lucas Ghi junto al director del Museo Malvinas e Islas del Atl\u00e1ntico Sur, Edgardo Esteban, el secretario de Gobierno, Claudio Rom\u00e1n y el secretario de Obras y Servicios P\u00fablicos local, Diego Spina, presidieron este emotivo acto.<\/p>\n\n\n\n<p>Con el objetivo de recuperar y embellecer nuestros espacios p\u00fablicos, el equipo de Arte P\u00fablico de Villa Mecenas realiz\u00f3 un mural en homenaje al h\u00e9roe ca\u00eddo en Malvinas Reyes Lobos, que fuera vecino del barrio.<\/p>\n\n\n\n<p>El parque lineal Stevenson cuenta con senderos, iluminaci\u00f3n led, bancos, parquizado, muros did\u00e1cticos y decorativos y juegos infantiles. El mismo fue realizado a trav\u00e9s del Presupuesto Participativo 2021, d\u00f3nde fue el proyecto ganador.<\/p>\n\n\n\n<p>La idea surgi\u00f3 de estudiantes del Centro Educativo Integral Municipal N\u00ba1 que trabajaron junto al equipo docente, la comunidad, la UGC N\u00b05 y la direcci\u00f3n de Veteranos de Guerra del Municipio y conectarse con la historia de Jos\u00e9 Antonio Reyes Lobos, soldado ca\u00eddo en Malvinas. que vivi\u00f3 en este barrio, donde a\u00fan reside su familia.<\/p>\n\n\n\n<figure class=\"wp-block-image size-large\"><img decoding=\"async\" loading=\"lazy\" width=\"1024\" height=\"683\" src=\"https:\/\/infotep.com.ar\/wp-content\/uploads\/2023\/09\/lucas-ghi-1024x683.webp\" alt=\"\" class=\"wp-image-7697\" srcset=\"https:\/\/infotep.com.ar\/wp-content\/uploads\/2023\/09\/lucas-ghi-1024x683.webp 1024w, https:\/\/infotep.com.ar\/wp-content\/uploads\/2023\/09\/lucas-ghi-300x200.webp 300w, https:\/\/infotep.com.ar\/wp-content\/uploads\/2023\/09\/lucas-ghi-768x512.webp 768w, https:\/\/infotep.com.ar\/wp-content\/uploads\/2023\/09\/lucas-ghi-450x300.webp 450w, https:\/\/infotep.com.ar\/wp-content\/uploads\/2023\/09\/lucas-ghi-90x60.webp 90w, https:\/\/infotep.com.ar\/wp-content\/uploads\/2023\/09\/lucas-ghi.webp 1392w\" sizes=\"(max-width: 1024px) 100vw, 1024px\" \/><\/figure>\n\n\n\n<p><strong>Durante la inauguraci\u00f3n, se present\u00f3 una obra de t\u00edtulos elaborada por alumnas, alumnos y docentes que cuenta la guerra y la historia de las Islas Malvinas a trav\u00e9s de los animales aut\u00f3ctonos de la zona. Tambi\u00e9n se plant\u00f3 un \u00e1rbol y se colocaron baldosas pintadas por los jardines N\u00b03, N\u00b05 y N\u00ba10 que trabajaron bajo la consigna \u201cAbrazo a nuestros h\u00e9roes de Malvinas\u201d. La actividad tuvo un cierre musical a cargo de Nina Portela junto a Charly de Hoz.<\/strong><\/p>\n\n\n\n<p>El jefe comunal destac\u00f3 la resignificaci\u00f3n de este espacio y recalc\u00f3 que antes era \u201cun lugar olvidado, postergado y oscuro que no se pod\u00eda habitar, disfrutar, ni transitar. A partir de la participaci\u00f3n, el compromiso, el protagonismo ciudadano y popular hoy estamos ac\u00e1 celebrando la vida y la memoria de un vecino, de un h\u00e9roe, con otros h\u00e9roes como son nuestros veteranos que tambi\u00e9n nos acompa\u00f1an y nos honran siempre con su presencia\u201d .<\/p>\n\n\n\n<p>Esta es una muestra m\u00e1s del homenaje permanente de toda la comunidad de Mor\u00f3n hacia nuestros h\u00e9roes de Malvinas y sus familias.<\/p>\n\n\n\n<figure class=\"wp-block-image size-large\"><img decoding=\"async\" loading=\"lazy\" width=\"1024\" height=\"683\" src=\"https:\/\/infotep.com.ar\/wp-content\/uploads\/2023\/09\/lucasa-1024x683.webp\" alt=\"\" class=\"wp-image-7698\" srcset=\"https:\/\/infotep.com.ar\/wp-content\/uploads\/2023\/09\/lucasa-1024x683.webp 1024w, https:\/\/infotep.com.ar\/wp-content\/uploads\/2023\/09\/lucasa-300x200.webp 300w, https:\/\/infotep.com.ar\/wp-content\/uploads\/2023\/09\/lucasa-768x512.webp 768w, https:\/\/infotep.com.ar\/wp-content\/uploads\/2023\/09\/lucasa-450x300.webp 450w, https:\/\/infotep.com.ar\/wp-content\/uploads\/2023\/09\/lucasa-90x60.webp 90w, https:\/\/infotep.com.ar\/wp-content\/uploads\/2023\/09\/lucasa.webp 1290w\" sizes=\"(max-width: 1024px) 100vw, 1024px\" \/><\/figure>\n\n\n\n<p>Estuvieron presentes el director de Veteranos, Carlos Fasciolo, la secretar\u00eda de Fortalecimiento Ciudadano, Florencia de Luca, la secretar\u00eda de Desarrollo Social, Roxana Pierpaoli, la vicejefa de Gabinete, Camila Sabbatella, el director de la UGC N\u00b05, Mariano Manoni, la familia Reyes Lobo y el Centro de Veteranos de Guerra de Mor\u00f3n.<\/p>\n","protected":false},"excerpt":{"rendered":"<p>Se trata del Parque lineal Soldado Jos&eacute; Antonio Reyes. Forma parte de un sector del Corredor Stevenson, uno de los m&aacute;s importantes de nuestro Municipio, ubicado en la calle Stevenson entre Ferr&eacute; y Betbeder, Castelar sur. El intendente Lucas Ghi junto al director del Museo Malvinas e Islas del Atl&aacute;ntico Sur, Edgardo Esteban, el secretario &hellip; <\/p>\n","protected":false},"author":5,"featured_media":7696,"comment_status":"closed","ping_status":"closed","sticky":false,"template":"","format":"standard","meta":{"om_disable_all_campaigns":false,"_joinchat":[]},"categories":[31,9],"tags":[46,56,53,43],"featured_image_urls":{"full":["https:\/\/infotep.com.ar\/wp-content\/uploads\/2023\/09\/moron-o.webp",720,480,false],"thumbnail":["https:\/\/infotep.com.ar\/wp-content\/uploads\/2023\/09\/moron-o-150x150.webp",150,150,true],"medium":["https:\/\/infotep.com.ar\/wp-content\/uploads\/2023\/09\/moron-o-300x200.webp",300,200,true],"medium_large":["https:\/\/infotep.com.ar\/wp-content\/uploads\/2023\/09\/moron-o.webp",720,480,false],"large":["https:\/\/infotep.com.ar\/wp-content\/uploads\/2023\/09\/moron-o.webp",720,480,false],"1536x1536":["https:\/\/infotep.com.ar\/wp-content\/uploads\/2023\/09\/moron-o.webp",720,480,false],"2048x2048":["https:\/\/infotep.com.ar\/wp-content\/uploads\/2023\/09\/moron-o.webp",720,480,false],"blossom-feminine-slider":["https:\/\/infotep.com.ar\/wp-content\/uploads\/2023\/09\/moron-o.webp",720,480,false],"blossom-feminine-featured":["https:\/\/infotep.com.ar\/wp-content\/uploads\/2023\/09\/moron-o.webp",720,480,false],"blossom-feminine-with-sidebar":["https:\/\/infotep.com.ar\/wp-content\/uploads\/2023\/09\/moron-o.webp",720,480,false],"blossom-feminine-blog":["https:\/\/infotep.com.ar\/wp-content\/uploads\/2023\/09\/moron-o-435x435.webp",435,435,true],"blossom-feminine-cat":["https:\/\/infotep.com.ar\/wp-content\/uploads\/2023\/09\/moron-o-450x300.webp",450,300,true],"blossom-feminine-related":["https:\/\/infotep.com.ar\/wp-content\/uploads\/2023\/09\/moron-o-320x200.webp",320,200,true],"blossom-feminine-schema":["https:\/\/infotep.com.ar\/wp-content\/uploads\/2023\/09\/moron-o-90x60.webp",90,60,true],"blossom-mommy-blog-slider-big":["https:\/\/infotep.com.ar\/wp-content\/uploads\/2023\/09\/moron-o.webp",720,480,false],"blossom-mommy-blog-slider":["https:\/\/infotep.com.ar\/wp-content\/uploads\/2023\/09\/moron-o-460x310.webp",460,310,true],"blossom-mommy-blog-two":["https:\/\/infotep.com.ar\/wp-content\/uploads\/2023\/09\/moron-o.webp",720,480,false]},"author_info":{"info":["Angela Tobar"]},"category_info":"<a href=\"https:\/\/infotep.com.ar\/index.php\/category\/destacadas\/\" rel=\"category tag\">Destacadas<\/a> <a href=\"https:\/\/infotep.com.ar\/index.php\/category\/municipales\/moron\/\" rel=\"category tag\">Mor\u00f3n<\/a>","tag_info":"Mor\u00f3n","comment_count":"0","_links":{"self":[{"href":"https:\/\/infotep.com.ar\/index.php\/wp-json\/wp\/v2\/posts\/7695"}],"collection":[{"href":"https:\/\/infotep.com.ar\/index.php\/wp-json\/wp\/v2\/posts"}],"about":[{"href":"https:\/\/infotep.com.ar\/index.php\/wp-json\/wp\/v2\/types\/post"}],"author":[{"embeddable":true,"href":"https:\/\/infotep.com.ar\/index.php\/wp-json\/wp\/v2\/users\/5"}],"replies":[{"embeddable":true,"href":"https:\/\/infotep.com.ar\/index.php\/wp-json\/wp\/v2\/comments?post=7695"}],"version-history":[{"count":1,"href":"https:\/\/infotep.com.ar\/index.php\/wp-json\/wp\/v2\/posts\/7695\/revisions"}],"predecessor-version":[{"id":7699,"href":"https:\/\/infotep.com.ar\/index.php\/wp-json\/wp\/v2\/posts\/7695\/revisions\/7699"}],"wp:featuredmedia":[{"embeddable":true,"href":"https:\/\/infotep.com.ar\/index.php\/wp-json\/wp\/v2\/media\/7696"}],"wp:attachment":[{"href":"https:\/\/infotep.com.ar\/index.php\/wp-json\/wp\/v2\/media?parent=7695"}],"wp:term":[{"taxonomy":"category","embeddable":true,"href":"https:\/\/infotep.com.ar\/index.php\/wp-json\/wp\/v2\/categories?post=7695"},{"taxonomy":"post_tag","embeddable":true,"href":"https:\/\/infotep.com.ar\/index.php\/wp-json\/wp\/v2\/tags?post=7695"}],"curies":[{"name":"wp","href":"https:\/\/api.w.org\/{rel}","templated":true}]}}