{"id":7704,"date":"2023-09-22T17:14:52","date_gmt":"2023-09-22T20:14:52","guid":{"rendered":"https:\/\/infotep.com.ar\/?p=7704"},"modified":"2023-09-22T17:14:53","modified_gmt":"2023-09-22T20:14:53","slug":"un-enfrentamiento-entre-policias-y-delincuentes-dejo-dos-muertos-en-gonzalez-catan","status":"publish","type":"post","link":"https:\/\/infotep.com.ar\/index.php\/2023\/09\/22\/un-enfrentamiento-entre-policias-y-delincuentes-dejo-dos-muertos-en-gonzalez-catan\/","title":{"rendered":"Un enfrentamiento entre polic\u00edas y delincuentes dej\u00f3 dos muertos en Gonz\u00e1lez Cat\u00e1n"},"content":{"rendered":"\n<p><br>Dos delincuentes murieron y una result\u00f3 herido durante un enfrentamiento con agentes de la Polic\u00eda Federal Argentina (PFA) en Gonz\u00e1lez Cat\u00e1n.<\/p>\n\n\n\n<p>Las primeras informaciones es que los ladrones se ubicaron en la calle Baez y Lavalleja a bordo de un auto VW Gol Trend color gris oscuro y quisieron robarle a dos efectivos policiales, uno de ellos seguridad de la Casa Rosada y el otro custodio vicepresidencial.<\/p>\n\n\n\n<p>Cuando notificaron el hecho, comenz\u00f3 un enfrentamiento que termin\u00f3 con dos de los agresores fallecidos y el tercero result\u00f3 herido. Con respecto a los integrantes de la fuerza de seguridad, no fueron lesionados.<\/p>\n\n\n\n<p>Se comprob\u00f3 que los agentes estaban vestidos de civil y ahora se trata de comprobar si al momento de la balacera dieron voz de alto.<\/p>\n\n\n\n<p>Los efectivos fueron identificados como Robles Jos\u00e9 Emilio (41) que trabaja como personal de la Polic\u00eda Federal con jer\u00e1rquia de Cabo y que presta servicio en el Departamento de seguridad de custodia de la Casa Rosada.<\/p>\n\n\n\n<p>El otro agente es Rodr\u00edguez Maximiliano Daniel (37) tambi\u00e9n integrante de la PFA con jer\u00e1rquia de Cabo que presta Servicio Custodia de seguridad Vicepresidencial. Ambos estaba de franco al momento del robo.<\/p>\n\n\n\n<p>Con respecto a los delincuentes fallecidos, fueron identificados como un hombre de entre 40 y 45 a\u00f1os, con un disparo a la altura torax. El otro sujeto ten\u00eda 35 a\u00f1os y recibi\u00f3 un tiro en la cintura.<\/p>\n\n\n\n<p>La ambulancia traslad\u00f3 a Gonz\u00e1lez Juan Jos\u00e9 (40) con un disparo en el tobillo derecho y cuenta con custodia policial en el Hospital Simplemente Evita de Villa Dorrego.<\/p>\n\n\n\n<p>El caso qued\u00f3 en manos del Fiscal de homicidios, Adrian Arriba, y en lugar trabajan Polic\u00eda de la provincia de Buenos Aires y Polic\u00eda Cient\u00edfica.<\/p>\n\n\n\n<p>En la escena se incautaron un arma de fuego marca Bers Thunder 9MM pertenenciente a la Polic\u00eda Federal y que ten\u00eda su numeraci\u00f3n limada.<\/p>\n","protected":false},"excerpt":{"rendered":"<p>Dos delincuentes murieron y una result&oacute; herido durante un enfrentamiento con agentes de la Polic&iacute;a Federal Argentina (PFA) en Gonz&aacute;lez Cat&aacute;n. Las primeras informaciones es que los ladrones se ubicaron en la calle Baez y Lavalleja a bordo de un auto VW Gol Trend color gris oscuro y quisieron robarle a dos efectivos policiales, uno &hellip; <\/p>\n","protected":false},"author":5,"featured_media":7705,"comment_status":"closed","ping_status":"closed","sticky":false,"template":"","format":"standard","meta":{"om_disable_all_campaigns":false,"_joinchat":[]},"categories":[26],"tags":[46,59,43],"featured_image_urls":{"full":["https:\/\/infotep.com.ar\/wp-content\/uploads\/2023\/09\/WhatsApp-Image-2023-09-22-at-17.13.57.jpeg",539,309,false],"thumbnail":["https:\/\/infotep.com.ar\/wp-content\/uploads\/2023\/09\/WhatsApp-Image-2023-09-22-at-17.13.57-150x150.jpeg",150,150,true],"medium":["https:\/\/infotep.com.ar\/wp-content\/uploads\/2023\/09\/WhatsApp-Image-2023-09-22-at-17.13.57-300x172.jpeg",300,172,true],"medium_large":["https:\/\/infotep.com.ar\/wp-content\/uploads\/2023\/09\/WhatsApp-Image-2023-09-22-at-17.13.57.jpeg",539,309,false],"large":["https:\/\/infotep.com.ar\/wp-content\/uploads\/2023\/09\/WhatsApp-Image-2023-09-22-at-17.13.57.jpeg",539,309,false],"1536x1536":["https:\/\/infotep.com.ar\/wp-content\/uploads\/2023\/09\/WhatsApp-Image-2023-09-22-at-17.13.57.jpeg",539,309,false],"2048x2048":["https:\/\/infotep.com.ar\/wp-content\/uploads\/2023\/09\/WhatsApp-Image-2023-09-22-at-17.13.57.jpeg",539,309,false],"blossom-feminine-slider":["https:\/\/infotep.com.ar\/wp-content\/uploads\/2023\/09\/WhatsApp-Image-2023-09-22-at-17.13.57.jpeg",539,309,false],"blossom-feminine-featured":["https:\/\/infotep.com.ar\/wp-content\/uploads\/2023\/09\/WhatsApp-Image-2023-09-22-at-17.13.57.jpeg",539,309,false],"blossom-feminine-with-sidebar":["https:\/\/infotep.com.ar\/wp-content\/uploads\/2023\/09\/WhatsApp-Image-2023-09-22-at-17.13.57.jpeg",539,309,false],"blossom-feminine-blog":["https:\/\/infotep.com.ar\/wp-content\/uploads\/2023\/09\/WhatsApp-Image-2023-09-22-at-17.13.57-435x309.jpeg",435,309,true],"blossom-feminine-cat":["https:\/\/infotep.com.ar\/wp-content\/uploads\/2023\/09\/WhatsApp-Image-2023-09-22-at-17.13.57-450x300.jpeg",450,300,true],"blossom-feminine-related":["https:\/\/infotep.com.ar\/wp-content\/uploads\/2023\/09\/WhatsApp-Image-2023-09-22-at-17.13.57-320x200.jpeg",320,200,true],"blossom-feminine-schema":["https:\/\/infotep.com.ar\/wp-content\/uploads\/2023\/09\/WhatsApp-Image-2023-09-22-at-17.13.57-105x60.jpeg",105,60,true],"blossom-mommy-blog-slider-big":["https:\/\/infotep.com.ar\/wp-content\/uploads\/2023\/09\/WhatsApp-Image-2023-09-22-at-17.13.57.jpeg",539,309,false],"blossom-mommy-blog-slider":["https:\/\/infotep.com.ar\/wp-content\/uploads\/2023\/09\/WhatsApp-Image-2023-09-22-at-17.13.57-460x309.jpeg",460,309,true],"blossom-mommy-blog-two":["https:\/\/infotep.com.ar\/wp-content\/uploads\/2023\/09\/WhatsApp-Image-2023-09-22-at-17.13.57.jpeg",539,309,false]},"author_info":{"info":["Angela Tobar"]},"category_info":"<a href=\"https:\/\/infotep.com.ar\/index.php\/category\/municipales\/la-matanza\/\" rel=\"category tag\">La Matanza<\/a>","tag_info":"La Matanza","comment_count":"0","_links":{"self":[{"href":"https:\/\/infotep.com.ar\/index.php\/wp-json\/wp\/v2\/posts\/7704"}],"collection":[{"href":"https:\/\/infotep.com.ar\/index.php\/wp-json\/wp\/v2\/posts"}],"about":[{"href":"https:\/\/infotep.com.ar\/index.php\/wp-json\/wp\/v2\/types\/post"}],"author":[{"embeddable":true,"href":"https:\/\/infotep.com.ar\/index.php\/wp-json\/wp\/v2\/users\/5"}],"replies":[{"embeddable":true,"href":"https:\/\/infotep.com.ar\/index.php\/wp-json\/wp\/v2\/comments?post=7704"}],"version-history":[{"count":1,"href":"https:\/\/infotep.com.ar\/index.php\/wp-json\/wp\/v2\/posts\/7704\/revisions"}],"predecessor-version":[{"id":7706,"href":"https:\/\/infotep.com.ar\/index.php\/wp-json\/wp\/v2\/posts\/7704\/revisions\/7706"}],"wp:featuredmedia":[{"embeddable":true,"href":"https:\/\/infotep.com.ar\/index.php\/wp-json\/wp\/v2\/media\/7705"}],"wp:attachment":[{"href":"https:\/\/infotep.com.ar\/index.php\/wp-json\/wp\/v2\/media?parent=7704"}],"wp:term":[{"taxonomy":"category","embeddable":true,"href":"https:\/\/infotep.com.ar\/index.php\/wp-json\/wp\/v2\/categories?post=7704"},{"taxonomy":"post_tag","embeddable":true,"href":"https:\/\/infotep.com.ar\/index.php\/wp-json\/wp\/v2\/tags?post=7704"}],"curies":[{"name":"wp","href":"https:\/\/api.w.org\/{rel}","templated":true}]}}