{"id":7716,"date":"2023-09-23T16:33:44","date_gmt":"2023-09-23T19:33:44","guid":{"rendered":"https:\/\/infotep.com.ar\/?p=7716"},"modified":"2023-09-23T16:33:45","modified_gmt":"2023-09-23T19:33:45","slug":"trabajadores-de-apinta-convocan-en-estas-elecciones-a-votar-en-defensa-propia","status":"publish","type":"post","link":"https:\/\/infotep.com.ar\/index.php\/2023\/09\/23\/trabajadores-de-apinta-convocan-en-estas-elecciones-a-votar-en-defensa-propia\/","title":{"rendered":"Trabajadores de Apinta convocan en estas elecciones a votar &#8220;en defensa propia&#8221;"},"content":{"rendered":"\n<p>El mi\u00e9rcoles pasado se llevo adelnte un plenario de secretarios generales de las seccionales de la Asociaci\u00f3n del Personal del Instituto Nacional de Tecnolog\u00eda Agropecuaria (Apinta) y luego de un debate y analisis de la coyuntura politica de cara a las elecciones de octubre, y los proyectos de pa\u00eds en discusi\u00f3n, se emiti\u00f3 una declaraci\u00f3n que insta a los y las tranajadoras votar este 22 de octubre en defensa del trabajo, la produccci\u00f3n y los derechos conquistados. <\/p>\n\n\n\n<p>Los representantes sindicales debatieron en la sede gremial de Palermo y luego de un intenso analisis politico, economico y social se marc\u00f3 que sectores politicos \u00abdesvalorizan a los organismos nacionales p\u00fablicos de ciencia y tecnolog\u00eda como justificaci\u00f3n de las dr\u00e1sticas reducciones presupuestarias\u00bb.<\/p>\n\n\n\n<p>&#8220;En un contexto donde nuevamente desde diferentes sectores se tiende a desvalorizar a los organismos nacionales p\u00fablicos de ciencia y tecnolog\u00eda como justificaci\u00f3n de las dr\u00e1sticas reducciones presupuestarias y se emiten expresiones que pretenden minimizar o a\u00fan hacer desaparecer el sistema p\u00fablico de investigaci\u00f3n, extensi\u00f3n y transferencia, desligando al INTA del territorio y su compromiso con el desarrollo regional, una vez m\u00e1s urge dar la discusi\u00f3n sobre el INTA que queremos los trabajadores y las trabajadoras&#8221;, se analiz\u00f3.<\/p>\n\n\n\n<p>Y se reafirm\u00f3 que se apuesta &#8220;<strong>en la articulaci\u00f3n con otros organismos oficiales, la relaci\u00f3n p\u00fablico &#8211; privada y en los v\u00ednculos internacionales<\/strong>, pero entendemos que<strong> ninguna circunstancia puede remplazar el rol directriz del Estado y que las necesidades territoriales, deben ser las que marque el camino de nuestro trabajo\u201d.<\/strong>&#8220;<\/p>\n\n\n\n<p>En la declaraci\u00f3n se destac\u00f3 que <strong>tener 15 centros regionales, 53 estaciones experimentales, 6 centros de investigaci\u00f3n, 22 institutos de investigaci\u00f3n y 379 agencias de extensi\u00f3n rural que cubren la amplia extensi\u00f3n territorial permite tener un enfoque federal y administrar de forma eficiente y eficaz un patrimonio que la sociedad delega para cumplir los objetivos.<\/strong><\/p>\n\n\n\n<p>El organismo, seg\u00fan afirm\u00f3 el sindicalista, contempla temas como los recursos humanos, presupuesto, autarqu\u00eda, equipamiento e inversiones, entre muchos otros, detall\u00f3.<\/p>\n\n\n\n<p class=\"has-light-green-cyan-background-color has-background\">Y se record\u00f3 que durante &#8220;las distintas experiencias neoliberales (que tienen en com\u00fan el predominio del capital financiero sobre el trabajo y el capital productivo) afectaron el funcionamiento de la instituci\u00f3n. Haciendo un recorrido hist\u00f3rico, durante la dictadura instaurada en 1976 adem\u00e1s de la represi\u00f3n y persecuci\u00f3n con sus secuelas de asesinatos, desapariciones y cesant\u00edas se elimin\u00f3 la autarqu\u00eda del INTA (que fue recuperada con el retorno a la democracia) y se eliminaron las actividades de extensi\u00f3n relacionadas con las familias y las juventudes rurales como eran los Clubes de Hogar Rural y los Clubes 4 A&#8221;.<\/p>\n\n\n\n<p>\u00abLas medidas de restricci\u00f3n presupuestaria afectan el cumplimiento de funciones indelegables como organismo del Estado, como la evaluaci\u00f3n y control del ambiente, la conservaci\u00f3n de los recursos naturales y la biodiversidad, el acompa\u00f1amiento de la agricultura familiar, la sustentabilidad de los sistemas productivos, la viabilidad de las econom\u00edas regionales y el mejoramiento de la calidad de vida de la familia rural\u00bb, afirm\u00f3.<\/p>\n\n\n\n<p>La Ley de Financiamiento del Sistema Nacional de Ciencia, Tecnolog\u00eda e Innovaci\u00f3n promulgada en 2021 propuso un incremento progresivo y sostenido de la asignaci\u00f3n total presupuestaria, pasando del 0,52% de inversi\u00f3n del PBI en 2020 al 1,70% en 2030.<\/p>\n\n\n\n<p>\u00abAl contrario de lo que el discurso neoliberal procura instalar para el sistema cient\u00edfico y tecnol\u00f3gico, se necesita m\u00e1s y mejor gesti\u00f3n estatal y una activa participaci\u00f3n de los actores de la sociedad civil como las empresas privadas, la agricultura familiar, las organizaciones de los trabajadores y los consumidores\u00bb, dijo Romero, quien reclam\u00f3 \u00abun Estado presente y un INTA fortalecido con personal capacitado y compromiso social\u00bb, se acord\u00f3<\/p>\n\n\n\n<p>La declaraci\u00f3n, finaliz\u00f3 al reforzar que &#8220;A la inversa de lo que el discurso neoliberal intenta instalar para el Sistema Cient\u00edfico y Tecnol\u00f3gico Argentino, lo que se necesita es m\u00e1s y mejor gesti\u00f3n estatal con una activa participaci\u00f3n del conjunto de los actores de la sociedad civil como son entre otros las empresas privadas, la agricultura familiar, las organizaciones de los trabajadores\/as, los consumidores, etc&#8221;.<\/p>\n\n\n\n<p class=\"has-light-green-cyan-background-color has-background\">&#8220;La Sociedad necesita un Estado presente, con un INTA fortalecido con trabajadoras y trabajadores capacitados y con compromiso social. Por todo lo expresado en este documento, en la inminente coyuntura electoral se define el destino de nuestro pa\u00eds, nuestra soberan\u00eda, nuestra fuente de trabajo y la de nuestras familias. La decisi\u00f3n est\u00e1 en nuestras manos, Votemos en defensa propia&#8221;, se inst\u00f3.<\/p>\n","protected":false},"excerpt":{"rendered":"<p>El mi&eacute;rcoles pasado se llevo adelnte un plenario de secretarios generales de las seccionales de la Asociaci&oacute;n del Personal del Instituto Nacional de Tecnolog&iacute;a Agropecuaria (Apinta) y luego de un debate y analisis de la coyuntura politica de cara a las elecciones de octubre, y los proyectos de pa&iacute;s en discusi&oacute;n, se emiti&oacute; una declaraci&oacute;n &hellip; <\/p>\n","protected":false},"author":5,"featured_media":7717,"comment_status":"closed","ping_status":"closed","sticky":false,"template":"","format":"standard","meta":{"om_disable_all_campaigns":false,"_joinchat":[]},"categories":[7],"tags":[52,46,43],"featured_image_urls":{"full":["https:\/\/infotep.com.ar\/wp-content\/uploads\/2023\/09\/apinta.jpeg",696,416,false],"thumbnail":["https:\/\/infotep.com.ar\/wp-content\/uploads\/2023\/09\/apinta-150x150.jpeg",150,150,true],"medium":["https:\/\/infotep.com.ar\/wp-content\/uploads\/2023\/09\/apinta-300x179.jpeg",300,179,true],"medium_large":["https:\/\/infotep.com.ar\/wp-content\/uploads\/2023\/09\/apinta.jpeg",696,416,false],"large":["https:\/\/infotep.com.ar\/wp-content\/uploads\/2023\/09\/apinta.jpeg",696,416,false],"1536x1536":["https:\/\/infotep.com.ar\/wp-content\/uploads\/2023\/09\/apinta.jpeg",696,416,false],"2048x2048":["https:\/\/infotep.com.ar\/wp-content\/uploads\/2023\/09\/apinta.jpeg",696,416,false],"blossom-feminine-slider":["https:\/\/infotep.com.ar\/wp-content\/uploads\/2023\/09\/apinta.jpeg",696,416,false],"blossom-feminine-featured":["https:\/\/infotep.com.ar\/wp-content\/uploads\/2023\/09\/apinta.jpeg",696,416,false],"blossom-feminine-with-sidebar":["https:\/\/infotep.com.ar\/wp-content\/uploads\/2023\/09\/apinta.jpeg",696,416,false],"blossom-feminine-blog":["https:\/\/infotep.com.ar\/wp-content\/uploads\/2023\/09\/apinta-435x416.jpeg",435,416,true],"blossom-feminine-cat":["https:\/\/infotep.com.ar\/wp-content\/uploads\/2023\/09\/apinta-450x300.jpeg",450,300,true],"blossom-feminine-related":["https:\/\/infotep.com.ar\/wp-content\/uploads\/2023\/09\/apinta-320x200.jpeg",320,200,true],"blossom-feminine-schema":["https:\/\/infotep.com.ar\/wp-content\/uploads\/2023\/09\/apinta-100x60.jpeg",100,60,true],"blossom-mommy-blog-slider-big":["https:\/\/infotep.com.ar\/wp-content\/uploads\/2023\/09\/apinta.jpeg",696,416,false],"blossom-mommy-blog-slider":["https:\/\/infotep.com.ar\/wp-content\/uploads\/2023\/09\/apinta-460x310.jpeg",460,310,true],"blossom-mommy-blog-two":["https:\/\/infotep.com.ar\/wp-content\/uploads\/2023\/09\/apinta.jpeg",696,416,false]},"author_info":{"info":["Angela Tobar"]},"category_info":"<a href=\"https:\/\/infotep.com.ar\/index.php\/category\/gremios\/\" rel=\"category tag\">Gremios<\/a>","tag_info":"Gremios","comment_count":"0","_links":{"self":[{"href":"https:\/\/infotep.com.ar\/index.php\/wp-json\/wp\/v2\/posts\/7716"}],"collection":[{"href":"https:\/\/infotep.com.ar\/index.php\/wp-json\/wp\/v2\/posts"}],"about":[{"href":"https:\/\/infotep.com.ar\/index.php\/wp-json\/wp\/v2\/types\/post"}],"author":[{"embeddable":true,"href":"https:\/\/infotep.com.ar\/index.php\/wp-json\/wp\/v2\/users\/5"}],"replies":[{"embeddable":true,"href":"https:\/\/infotep.com.ar\/index.php\/wp-json\/wp\/v2\/comments?post=7716"}],"version-history":[{"count":1,"href":"https:\/\/infotep.com.ar\/index.php\/wp-json\/wp\/v2\/posts\/7716\/revisions"}],"predecessor-version":[{"id":7718,"href":"https:\/\/infotep.com.ar\/index.php\/wp-json\/wp\/v2\/posts\/7716\/revisions\/7718"}],"wp:featuredmedia":[{"embeddable":true,"href":"https:\/\/infotep.com.ar\/index.php\/wp-json\/wp\/v2\/media\/7717"}],"wp:attachment":[{"href":"https:\/\/infotep.com.ar\/index.php\/wp-json\/wp\/v2\/media?parent=7716"}],"wp:term":[{"taxonomy":"category","embeddable":true,"href":"https:\/\/infotep.com.ar\/index.php\/wp-json\/wp\/v2\/categories?post=7716"},{"taxonomy":"post_tag","embeddable":true,"href":"https:\/\/infotep.com.ar\/index.php\/wp-json\/wp\/v2\/tags?post=7716"}],"curies":[{"name":"wp","href":"https:\/\/api.w.org\/{rel}","templated":true}]}}