{"id":7782,"date":"2023-09-27T01:46:00","date_gmt":"2023-09-27T04:46:00","guid":{"rendered":"https:\/\/infotep.com.ar\/?p=7782"},"modified":"2023-09-28T00:22:41","modified_gmt":"2023-09-28T03:22:41","slug":"moron-abrio-el-nuevo-centro-territorial-integral-de-politicas-de-generos-y-diversidad","status":"publish","type":"post","link":"https:\/\/infotep.com.ar\/index.php\/2023\/09\/27\/moron-abrio-el-nuevo-centro-territorial-integral-de-politicas-de-generos-y-diversidad\/","title":{"rendered":"Mor\u00f3n abri\u00f3 el nuevo Centro Territorial Integral de Pol\u00edticas de G\u00e9neros y Diversidad"},"content":{"rendered":"\n<p>Ubicado en Castelar Sur y con una superficie cubierta de casi 1000 mts2, est\u00e1 destinado al desarrollo de pol\u00edticas p\u00fablicas para abordar las violencias de g\u00e9nero, el acceso a la Justicia de mujeres y LGBTI+, y la formaci\u00f3n e investigaci\u00f3n.<\/p>\n\n\n\n<p>En la tarde del martes, el Municipio de Mor\u00f3n realiz\u00f3 la apertura del nuevo Centro Territorial Integral de Pol\u00edticas de G\u00e9neros y Diversidad en Castelar sur. El acto estuvo encabezado por el intendente Lucas Ghi, junto al presidente, Alberto Fern\u00e1ndez, el ex intendente, Mart\u00edn Sabbatella; la ministra nacional de Mujeres, Pol\u00edticas de G\u00e9nero y Diversidad Sexual, Ayel\u00e9n Mazzina; su par bonaerense, Estela D\u00edaz; la secretaria de Pol\u00edticas contra la Violencia por Razones de G\u00e9nero, Josefina Kelly; la diputada nacional y presidenta de la comisi\u00f3n de Mujeres y Diversidad, M\u00f3nica Macha, y la secretaria de Mujeres, G\u00e9neros, Diversidad y Derechos Humanos de Mor\u00f3n, Cinthia Fr\u00edas.<\/p>\n\n\n\n<p>El Centro Territorial tendr\u00e1 como objetivo fomentar la participaci\u00f3n comunitaria de mujeres y diversidades, la promoci\u00f3n de sus derechos y el acceso al trabajo, la cultura, el deporte y la formaci\u00f3n e investigaci\u00f3n. El nuevo espacio estar\u00e1 a cargo de la Secretar\u00eda de Mujeres, G\u00e9neros, Diversidad y Derechos Humanos municipal que llevar\u00e1 adelante acciones y programas en articulaci\u00f3n con el ministerio nacional de Mujeres.<\/p>\n\n\n\n<p><strong>Ubicado en la calle Granada, entre La Tribuna y Alcorta, de Barrio Ser\u00e9, el centro territorial cuenta con 980 m2 cubiertos e implic\u00f3 una inversi\u00f3n de $154.190.692.<\/strong><\/p>\n\n\n\n<p>Al respecto<strong><em>, Ghi destac\u00f3 que \u201cnos sentimos muy orgullosos de tener este centro de car\u00e1cter regional en nuestro distrito. Eso nos obliga a estar a la altura de las expectativas que hay depositadas en este espacio. Sabemos que tiene que dar respuesta no s\u00f3lo a demandas de vecinos y vecinas de esta ciudad, sino que tambi\u00e9n va a tener una incidencia regional y vamos a profundizar el camino hacia una sociedad libre de violencia, con igualdad de oportunidades, que sepa que lo personal es pol\u00edtico. Las mujeres y las diversidades tienen que saber que existe un espacio de contenci\u00f3n y de acompa\u00f1amiento y tambi\u00e9n de generaci\u00f3n de un proyecto de vida distinto, en donde el respeto a la integridad y a la dignidad sea la norma\u201d.<\/em><\/strong><\/p>\n\n\n\n<p class=\"has-light-green-cyan-background-color has-background\">En el lugar trabajar\u00e1n equipos t\u00e9cnicos interdisciplinarios sobre tres ejes principales: el abordaje de las violencias por razones de g\u00e9nero, las pol\u00edticas de cuidado para mujeres y diversidades, y el desarrollo de espacios de formaci\u00f3n e investigaci\u00f3n.<\/p>\n\n\n\n<p>Por su parte<strong> la ministra Ayel\u00e9n Mazzina destac\u00f3 que \u201cesta obra habla de una decisi\u00f3n pol\u00edtica de este Gobierno Nacional que puso entre sus prioridades de gesti\u00f3n la construcci\u00f3n de una Argentina sin violencias, con m\u00e1s igualdad y m\u00e1s justicia social, con m\u00e1s inversi\u00f3n en infraestructura de los cuidados\u201d. <\/strong>Adem\u00e1s, indic\u00f3 que el Centro Territorial ser\u00e1 un espacio de \u201ccontenci\u00f3n, hogar y acompa\u00f1amiento para las personas que atraviesan una situaci\u00f3n de violencia de g\u00e9nero o para quienes necesitan asesoramiento para acceder a la justicia\u201d, entre otras necesidades.<\/p>\n\n\n\n<p>En tanto, la ministra provincial,<strong> Estela D\u00edaz, destac\u00f3 sobre el funcionamiento del centro que: \u201cAc\u00e1 van a venir personas que est\u00e1n sufriendo, que tienen dolores, que tienen vulnerados sus derechos, y se van a encontrar con un hermoso edificio para que las abriguen, para que encuentren respuestas y acompa\u00f1amiento en un proceso de salida de la violencia\u201d<\/strong>. Adem\u00e1s, agreg\u00f3 que \u201cesta articulaci\u00f3n fue muy virtuosa entre la Naci\u00f3n, la Provincia y el Municipio de Mor\u00f3n, que siempre ha sido pionero en pol\u00edticas en contra de la violencia de g\u00e9nero, pero tambi\u00e9n en promoci\u00f3n de derechos, en promoci\u00f3n de igualdad, y sumando Estado en pol\u00edtica p\u00fablica\u201d.<\/p>\n\n\n\n<p class=\"has-white-background-color has-background\">El nuevo Centro Territorial Integral se suma al conjunto de pol\u00edticas en materia de g\u00e9nero y diversidad que caracterizan a esta gesti\u00f3n del Municipio de Mor\u00f3n. En ese marco, se destaca el Centro Vivir Sin Violencia, otro espacio pionero en el abordaje de las violencias por razones de g\u00e9nero, que fue inaugurado en 2005 por el entonces intendente Mart\u00edn Sabbatella.<\/p>\n\n\n\n<p>En el acto de apertura de esta tarde, adem\u00e1s se realiz\u00f3 la entrega de equipamiento tecnol\u00f3gico a promotoras territoriales de g\u00e9nero y diversidad. En 2023, el Ministerio de las Mujeres, G\u00e9neros y Diversidad de Naci\u00f3n impuls\u00f3 el programa \u201cConectadas por la Democracia\u201d, que tiene como objetivo fortalecer las tareas de las promotoras.<\/p>\n\n\n\n<p>En la actividad estuvieron presentes el jefe de gabinete, Dami\u00e1n Aguilar; secretario de Obras y Servicios P\u00fablicos, Diego Spina; el secretario de Planificaci\u00f3n Estrat\u00e9gica, Pablo Itzcovich; la secretaria general, Mariana Fasciolo; la secretaria de Fortalecimiento ciudadano, Florencia De Luca; el secretario de Seguridad Ciudadana, Gustavo Yapura, la vicejefa de Gabinete, Camila Sabbatella, la directora de la Unidad de Gesti\u00f3n Comunitaria N\u00b014, Rosario Aguiar Sol\u00e1, entre otras y otros funcionarios municipales.<\/p>\n","protected":false},"excerpt":{"rendered":"<p>Ubicado en Castelar Sur y con una superficie cubierta de casi 1000 mts2, est&aacute; destinado al desarrollo de pol&iacute;ticas p&uacute;blicas para abordar las violencias de g&eacute;nero, el acceso a la Justicia de mujeres y LGBTI+, y la formaci&oacute;n e investigaci&oacute;n. En la tarde del martes, el Municipio de Mor&oacute;n realiz&oacute; la apertura del nuevo Centro &hellip; <\/p>\n","protected":false},"author":5,"featured_media":7783,"comment_status":"closed","ping_status":"closed","sticky":false,"template":"","format":"standard","meta":{"om_disable_all_campaigns":false,"_joinchat":[]},"categories":[9],"tags":[53,43],"featured_image_urls":{"full":["https:\/\/infotep.com.ar\/wp-content\/uploads\/2023\/09\/diversidad-moron.webp",1600,1066,false],"thumbnail":["https:\/\/infotep.com.ar\/wp-content\/uploads\/2023\/09\/diversidad-moron-150x150.webp",150,150,true],"medium":["https:\/\/infotep.com.ar\/wp-content\/uploads\/2023\/09\/diversidad-moron-300x200.webp",300,200,true],"medium_large":["https:\/\/infotep.com.ar\/wp-content\/uploads\/2023\/09\/diversidad-moron-768x512.webp",768,512,true],"large":["https:\/\/infotep.com.ar\/wp-content\/uploads\/2023\/09\/diversidad-moron-1024x682.webp",1020,679,true],"1536x1536":["https:\/\/infotep.com.ar\/wp-content\/uploads\/2023\/09\/diversidad-moron-1536x1023.webp",1536,1023,true],"2048x2048":["https:\/\/infotep.com.ar\/wp-content\/uploads\/2023\/09\/diversidad-moron.webp",1600,1066,false],"blossom-feminine-slider":["https:\/\/infotep.com.ar\/wp-content\/uploads\/2023\/09\/diversidad-moron-1600x649.webp",1600,649,true],"blossom-feminine-featured":["https:\/\/infotep.com.ar\/wp-content\/uploads\/2023\/09\/diversidad-moron-1410x600.webp",1410,600,true],"blossom-feminine-with-sidebar":["https:\/\/infotep.com.ar\/wp-content\/uploads\/2023\/09\/diversidad-moron-1020x600.webp",1020,600,true],"blossom-feminine-blog":["https:\/\/infotep.com.ar\/wp-content\/uploads\/2023\/09\/diversidad-moron-435x435.webp",435,435,true],"blossom-feminine-cat":["https:\/\/infotep.com.ar\/wp-content\/uploads\/2023\/09\/diversidad-moron-450x300.webp",450,300,true],"blossom-feminine-related":["https:\/\/infotep.com.ar\/wp-content\/uploads\/2023\/09\/diversidad-moron-320x200.webp",320,200,true],"blossom-feminine-schema":["https:\/\/infotep.com.ar\/wp-content\/uploads\/2023\/09\/diversidad-moron-90x60.webp",90,60,true],"blossom-mommy-blog-slider-big":["https:\/\/infotep.com.ar\/wp-content\/uploads\/2023\/09\/diversidad-moron-920x650.webp",920,650,true],"blossom-mommy-blog-slider":["https:\/\/infotep.com.ar\/wp-content\/uploads\/2023\/09\/diversidad-moron-460x310.webp",460,310,true],"blossom-mommy-blog-two":["https:\/\/infotep.com.ar\/wp-content\/uploads\/2023\/09\/diversidad-moron-768x480.webp",768,480,true]},"author_info":{"info":["Angela Tobar"]},"category_info":"<a href=\"https:\/\/infotep.com.ar\/index.php\/category\/municipales\/moron\/\" rel=\"category tag\">Mor\u00f3n<\/a>","tag_info":"Mor\u00f3n","comment_count":"0","_links":{"self":[{"href":"https:\/\/infotep.com.ar\/index.php\/wp-json\/wp\/v2\/posts\/7782"}],"collection":[{"href":"https:\/\/infotep.com.ar\/index.php\/wp-json\/wp\/v2\/posts"}],"about":[{"href":"https:\/\/infotep.com.ar\/index.php\/wp-json\/wp\/v2\/types\/post"}],"author":[{"embeddable":true,"href":"https:\/\/infotep.com.ar\/index.php\/wp-json\/wp\/v2\/users\/5"}],"replies":[{"embeddable":true,"href":"https:\/\/infotep.com.ar\/index.php\/wp-json\/wp\/v2\/comments?post=7782"}],"version-history":[{"count":1,"href":"https:\/\/infotep.com.ar\/index.php\/wp-json\/wp\/v2\/posts\/7782\/revisions"}],"predecessor-version":[{"id":7784,"href":"https:\/\/infotep.com.ar\/index.php\/wp-json\/wp\/v2\/posts\/7782\/revisions\/7784"}],"wp:featuredmedia":[{"embeddable":true,"href":"https:\/\/infotep.com.ar\/index.php\/wp-json\/wp\/v2\/media\/7783"}],"wp:attachment":[{"href":"https:\/\/infotep.com.ar\/index.php\/wp-json\/wp\/v2\/media?parent=7782"}],"wp:term":[{"taxonomy":"category","embeddable":true,"href":"https:\/\/infotep.com.ar\/index.php\/wp-json\/wp\/v2\/categories?post=7782"},{"taxonomy":"post_tag","embeddable":true,"href":"https:\/\/infotep.com.ar\/index.php\/wp-json\/wp\/v2\/tags?post=7782"}],"curies":[{"name":"wp","href":"https:\/\/api.w.org\/{rel}","templated":true}]}}