{"id":7785,"date":"2023-09-27T01:50:00","date_gmt":"2023-09-27T04:50:00","guid":{"rendered":"https:\/\/infotep.com.ar\/?p=7785"},"modified":"2023-09-28T00:22:47","modified_gmt":"2023-09-28T03:22:47","slug":"fernando-espinoza-inauguro-el-nuevo-centro-de-operaciones-y-monitoreo-de-la-matanza","status":"publish","type":"post","link":"https:\/\/infotep.com.ar\/index.php\/2023\/09\/27\/fernando-espinoza-inauguro-el-nuevo-centro-de-operaciones-y-monitoreo-de-la-matanza\/","title":{"rendered":"Fernando Espinoza inaugur\u00f3 el nuevo Centro de Operaciones y monitoreo de La Matanza"},"content":{"rendered":"\n<p><\/p>\n\n\n\n<p><strong>Con una importante inversi\u00f3n, el nuevo Centro de Operaciones y Monitoreo de La Matanza asegura una presencia eficiente las 24 horas del d\u00eda en situaciones de emergencia, manteniendo una interacci\u00f3n instant\u00e1nea y constante con las Fuerzas de Seguridad.<\/strong><\/p>\n\n\n\n<p>El intendente y presidente de la Federaci\u00f3n Argentina de Municipios (FAM), Fernando Espinoza, inaugur\u00f3 el nuevo Centro de Operaciones y Monitoreo de La Matanza (COM), que incorpor\u00f3 tecnolog\u00eda de avanzada. El COM cuenta con una innovadora plataforma de videovigilancia, que a trav\u00e9s de algoritmos de inteligencia artificial realiza un an\u00e1lisis de las alertas de emergencia para una detecci\u00f3n precisa y una actuaci\u00f3n inmediata de las fuerzas de seguridad.<br><br>En este sentido, Fernando Espinoza expres\u00f3: \u201cComo sucede en las grandes ciudades del mundo, a partir de hoy vamos a tener toda la log\u00edstica centralizada, sistematizada y coordinada desde este gran Centro de Operaciones\u201d.<\/p>\n\n\n\n<p>\u201cEstamos inaugurando el nuevo Centro de Operaciones y Monitoreo con la \u00faltima tecnolog\u00eda de vanguardia cuya funci\u00f3n principal tiene que ver con recibir las alertas de cualquier hecho de inseguridad o emergencia que se produzca en el distrito, m\u00e1s la supervisi\u00f3n de los m\u00f3viles de la Polic\u00eda Bonaerense o de las Fuerzas federales, que a trav\u00e9s de un seguimiento de geolocalizaci\u00f3n permiten seguir el minuto a minuto del lugar donde est\u00e1 cada uno de los patrulleros\u201d, se\u00f1al\u00f3 Fernando Espinoza.<\/p>\n\n\n\n<p>Desde este nuevo COM, se gestionar\u00e1 la innovadora plataforma de videovigilancia, que incluye m\u00e1s de mil nuevos dispositivos de captura de video de alta resoluci\u00f3n (4k) y domos de 360\u00ba, que se incorporar\u00e1n a las 2 mil c\u00e1maras ya instaladas en el distrito, as\u00ed como un sistema de identificaci\u00f3n autom\u00e1tica de placas vehiculares para controlar los principales corredores viales y un sistema seguro de almacenamiento de im\u00e1genes, entre otras caracter\u00edsticas. Adem\u00e1s, contar\u00e1 con un nuevo video wall para una vigilancia de excelencia.<\/p>\n\n\n\n<p>Asimismo, Fernando Espinoza indic\u00f3 que \u201cacabamos de firmar un convenio muy importante con la Uni\u00f3n Tranviarios Automotor (UTA) y con las empresas de transporte locales de La Matanza a trav\u00e9s del cual, con un esfuerzo muy importante del gobierno local, le entregamos un subsidio para equipar las unidades con kits de seguridad que consta de cuatro c\u00e1maras de videovigilancia y un bot\u00f3n antip\u00e1nico\u201d, y asever\u00f3: \u201cSomos el primer lugar de la Argentina que lleg\u00f3 a este acuerdo con el gremio a nivel nacional y con las empresas de colectivos, lo cual hace que le podamos dar m\u00e1s seguridad a nuestros choferes de transporte p\u00fablico y a nuestros pasajeros\u201d.<\/p>\n\n\n\n<p>Adem\u00e1s, el Intendente hizo referencia a la \u201creciente inauguraci\u00f3n de la Base de Comando Unificado de la Fuerzas Federales en Ciudad Evita, que permitir\u00e1 la presencia permanente de 1200 efectivos de Gendarmer\u00eda nacional, Polic\u00eda federal, Prefectura y Polic\u00eda de seguridad aeroportuaria\u201d, y se\u00f1al\u00f3: \u201cYa nadie le va a poder quitar la Gendarmer\u00eda a las vecinas y vecinos de La Matanza\u201d.<\/p>\n\n\n\n<p>Por \u00faltimo, Fernando Espinoza subray\u00f3: \u201cDe esta manera, desarrollamos un sistema de \u00faltima tecnolog\u00eda para brindar un servicio de excelencia en protecci\u00f3n ciudadana para nuestras vecinas y vecinos\u201d.<\/p>\n\n\n\n<p>El COM, ubicado en San Justo, es un centro de comando, control, comunicaciones y c\u00f3mputo integral desde el cual se coordinan y gestionan las respuestas a emergencias y crisis en todo el distrito de manera centralizada. Su objetivo principal es coordinar un sistema de respuesta a emergencias que integra diferentes \u00e1reas de asistencia. Desde aqu\u00ed, se emiten instrucciones para brindar asistencia inmediata a trav\u00e9s de las ambulancias de la Secretar\u00eda de Salud, se presta apoyo a v\u00edctimas de violencia de g\u00e9nero y se coordina la asistencia de los cuerpos de bomberos y Defensa Civil, adem\u00e1s de mantener una comunicaci\u00f3n directa e inmediata las 24 horas con las fuerzas federales de seguridad.<\/p>\n","protected":false},"excerpt":{"rendered":"<p>Con una importante inversi&oacute;n, el nuevo Centro de Operaciones y Monitoreo de La Matanza asegura una presencia eficiente las 24 horas del d&iacute;a en situaciones de emergencia, manteniendo una interacci&oacute;n instant&aacute;nea y constante con las Fuerzas de Seguridad. El intendente y presidente de la Federaci&oacute;n Argentina de Municipios (FAM), Fernando Espinoza, inaugur&oacute; el nuevo Centro &hellip; <\/p>\n","protected":false},"author":5,"featured_media":7787,"comment_status":"closed","ping_status":"closed","sticky":false,"template":"","format":"standard","meta":{"om_disable_all_campaigns":false,"_joinchat":[]},"categories":[26],"tags":[60,46,59,43],"featured_image_urls":{"full":["https:\/\/infotep.com.ar\/wp-content\/uploads\/2023\/09\/224-Inauguracion-nuevo-COM-3.jpg",900,600,false],"thumbnail":["https:\/\/infotep.com.ar\/wp-content\/uploads\/2023\/09\/224-Inauguracion-nuevo-COM-3-150x150.jpg",150,150,true],"medium":["https:\/\/infotep.com.ar\/wp-content\/uploads\/2023\/09\/224-Inauguracion-nuevo-COM-3-300x200.jpg",300,200,true],"medium_large":["https:\/\/infotep.com.ar\/wp-content\/uploads\/2023\/09\/224-Inauguracion-nuevo-COM-3-768x512.jpg",768,512,true],"large":["https:\/\/infotep.com.ar\/wp-content\/uploads\/2023\/09\/224-Inauguracion-nuevo-COM-3.jpg",900,600,false],"1536x1536":["https:\/\/infotep.com.ar\/wp-content\/uploads\/2023\/09\/224-Inauguracion-nuevo-COM-3.jpg",900,600,false],"2048x2048":["https:\/\/infotep.com.ar\/wp-content\/uploads\/2023\/09\/224-Inauguracion-nuevo-COM-3.jpg",900,600,false],"blossom-feminine-slider":["https:\/\/infotep.com.ar\/wp-content\/uploads\/2023\/09\/224-Inauguracion-nuevo-COM-3.jpg",900,600,false],"blossom-feminine-featured":["https:\/\/infotep.com.ar\/wp-content\/uploads\/2023\/09\/224-Inauguracion-nuevo-COM-3.jpg",900,600,false],"blossom-feminine-with-sidebar":["https:\/\/infotep.com.ar\/wp-content\/uploads\/2023\/09\/224-Inauguracion-nuevo-COM-3.jpg",900,600,false],"blossom-feminine-blog":["https:\/\/infotep.com.ar\/wp-content\/uploads\/2023\/09\/224-Inauguracion-nuevo-COM-3-435x435.jpg",435,435,true],"blossom-feminine-cat":["https:\/\/infotep.com.ar\/wp-content\/uploads\/2023\/09\/224-Inauguracion-nuevo-COM-3-450x300.jpg",450,300,true],"blossom-feminine-related":["https:\/\/infotep.com.ar\/wp-content\/uploads\/2023\/09\/224-Inauguracion-nuevo-COM-3-320x200.jpg",320,200,true],"blossom-feminine-schema":["https:\/\/infotep.com.ar\/wp-content\/uploads\/2023\/09\/224-Inauguracion-nuevo-COM-3-90x60.jpg",90,60,true],"blossom-mommy-blog-slider-big":["https:\/\/infotep.com.ar\/wp-content\/uploads\/2023\/09\/224-Inauguracion-nuevo-COM-3.jpg",900,600,false],"blossom-mommy-blog-slider":["https:\/\/infotep.com.ar\/wp-content\/uploads\/2023\/09\/224-Inauguracion-nuevo-COM-3-460x310.jpg",460,310,true],"blossom-mommy-blog-two":["https:\/\/infotep.com.ar\/wp-content\/uploads\/2023\/09\/224-Inauguracion-nuevo-COM-3-768x480.jpg",768,480,true]},"author_info":{"info":["Angela Tobar"]},"category_info":"<a href=\"https:\/\/infotep.com.ar\/index.php\/category\/municipales\/la-matanza\/\" rel=\"category tag\">La Matanza<\/a>","tag_info":"La Matanza","comment_count":"0","_links":{"self":[{"href":"https:\/\/infotep.com.ar\/index.php\/wp-json\/wp\/v2\/posts\/7785"}],"collection":[{"href":"https:\/\/infotep.com.ar\/index.php\/wp-json\/wp\/v2\/posts"}],"about":[{"href":"https:\/\/infotep.com.ar\/index.php\/wp-json\/wp\/v2\/types\/post"}],"author":[{"embeddable":true,"href":"https:\/\/infotep.com.ar\/index.php\/wp-json\/wp\/v2\/users\/5"}],"replies":[{"embeddable":true,"href":"https:\/\/infotep.com.ar\/index.php\/wp-json\/wp\/v2\/comments?post=7785"}],"version-history":[{"count":1,"href":"https:\/\/infotep.com.ar\/index.php\/wp-json\/wp\/v2\/posts\/7785\/revisions"}],"predecessor-version":[{"id":7788,"href":"https:\/\/infotep.com.ar\/index.php\/wp-json\/wp\/v2\/posts\/7785\/revisions\/7788"}],"wp:featuredmedia":[{"embeddable":true,"href":"https:\/\/infotep.com.ar\/index.php\/wp-json\/wp\/v2\/media\/7787"}],"wp:attachment":[{"href":"https:\/\/infotep.com.ar\/index.php\/wp-json\/wp\/v2\/media?parent=7785"}],"wp:term":[{"taxonomy":"category","embeddable":true,"href":"https:\/\/infotep.com.ar\/index.php\/wp-json\/wp\/v2\/categories?post=7785"},{"taxonomy":"post_tag","embeddable":true,"href":"https:\/\/infotep.com.ar\/index.php\/wp-json\/wp\/v2\/tags?post=7785"}],"curies":[{"name":"wp","href":"https:\/\/api.w.org\/{rel}","templated":true}]}}