{"id":7802,"date":"2023-09-27T01:15:00","date_gmt":"2023-09-27T04:15:00","guid":{"rendered":"https:\/\/infotep.com.ar\/?p=7802"},"modified":"2023-09-26T23:18:05","modified_gmt":"2023-09-27T02:18:05","slug":"fernandez-el-estado-tiene-que-estar-cerca-de-la-mujer-que-es-victima-de-violencia","status":"publish","type":"post","link":"https:\/\/infotep.com.ar\/index.php\/2023\/09\/27\/fernandez-el-estado-tiene-que-estar-cerca-de-la-mujer-que-es-victima-de-violencia\/","title":{"rendered":"Fern\u00e1ndez: &#8220;El Estado tiene que estar cerca de la mujer que es v\u00edctima de violencia&#8221;"},"content":{"rendered":"\n<p>El presidente se manifest\u00f3 de esa manera en la inauguraci\u00f3n de un Centro Territorial Integral de Pol\u00edticas de G\u00e9nero y Diversidad de la localidad bonaerense Castelar, en el partido de Mor\u00f3n.<\/p>\n\n\n\n<p><strong>El presidente Alberto Fern\u00e1ndez manifest\u00f3 que &#8220;el Estado tiene que estar cerca de la mujer que es v\u00edctima de un acto violento&#8221;, en la inauguraci\u00f3n de un Centro Territorial Integral de Pol\u00edticas de G\u00e9nero y Diversidad de Mor\u00f3n, en la localidad bonaerense de Castelar.<\/strong><\/p>\n\n\n\n<p>&#8220;El Estado tiene que estar cerca de la mujer que es v\u00edctima de un acto violento y este es el primer lugar donde puede recurrir a plantear su problema, aqu\u00ed va a encontrar la protecci\u00f3n que ella y sus hijos necesitan&#8221;, remarc\u00f3 el mandatario luego de recorrer el espacio junto a la ministra de las Mujeres, G\u00e9neros y Diversidad, Ayel\u00e9n Mazzina, y al intendente local, Lucas Ghi, seg\u00fan se indic\u00f3 en un comunicado.<\/p>\n\n\n\n<p>Adem\u00e1s, el jefe de Estado confi\u00f3 que aspira a que ese tipo de medida &#8220;siga siendo una pol\u00edtica para adelante&#8221; y exhort\u00f3 a &#8220;terminar con la violencia de g\u00e9nero&#8221;.<\/p>\n\n\n\n<p>En sinton\u00eda, Mazzina destac\u00f3 la relevancia de &#8220;los presupuestos para pensar pol\u00edticas p\u00fablicas que permitan achicar no solamente la brecha de desigualdad, sino tambi\u00e9n poder acompa\u00f1ar y poder asesorar, que es lo que va a funcionar en estos espacios&#8221;.<\/p>\n\n\n\n<figure class=\"wp-block-image size-full\"><img decoding=\"async\" loading=\"lazy\" width=\"900\" height=\"506\" src=\"https:\/\/infotep.com.ar\/wp-content\/uploads\/2023\/09\/6513761c53ba9_1200.jpg\" alt=\"\" class=\"wp-image-7804\" srcset=\"https:\/\/infotep.com.ar\/wp-content\/uploads\/2023\/09\/6513761c53ba9_1200.jpg 900w, https:\/\/infotep.com.ar\/wp-content\/uploads\/2023\/09\/6513761c53ba9_1200-300x169.jpg 300w, https:\/\/infotep.com.ar\/wp-content\/uploads\/2023\/09\/6513761c53ba9_1200-768x432.jpg 768w, https:\/\/infotep.com.ar\/wp-content\/uploads\/2023\/09\/6513761c53ba9_1200-107x60.jpg 107w\" sizes=\"(max-width: 900px) 100vw, 900px\" \/><\/figure>\n\n\n\n<p>&#8220;Vamos a seguir por este camino y todav\u00eda nos faltan muchos m\u00e1s centros: ya hemos inaugurado 4 y son 30 en total en el resto del pa\u00eds&#8221;, agreg\u00f3 la ministra.<\/p>\n\n\n\n<p><strong>El intendente Ghi destac\u00f3 &#8220;el compromiso del Presidente en la materia, que desde el primer d\u00eda us\u00f3 las bases para que el Estado no mire para otro lado, no naturalice la violencia y no le resulte indiferente a un fen\u00f3meno que nos afecta tanto&#8221;.<\/strong><\/p>\n\n\n\n<p><strong>El nuevo centro<br><\/strong>La obra, que se ejecut\u00f3 en 12 meses y gener\u00f3 25 empleos directos, requiri\u00f3 una inversi\u00f3n de 291 millones de pesos que fue financiada por el Banco Centroamericano de Integraci\u00f3n Econ\u00f3mica (BCIE), se inform\u00f3.<\/p>\n\n\n\n<p>El Centro est\u00e1 integrado por un equipo profesional interdisciplinario que llevar\u00e1 adelante actividades de prevenci\u00f3n, asistencia, protecci\u00f3n integral y promoci\u00f3n de la igualdad de g\u00e9nero dirigidas a mujeres y LGBTI+.<\/p>\n\n\n\n<p>Tendr\u00e1, tambi\u00e9n, movilidad para situaciones de emergencia y para instancias programadas que requieran trasladarse hacia los distintos municipios.<\/p>\n\n\n\n<p>Los Centros Territoriales Integrales de Pol\u00edticas de G\u00e9nero y Diversidad son una pol\u00edtica ejecutada de manera conjunta por los ministerios de las Mujeres, G\u00e9neros y Diversidad y de Obras P\u00fablicas.<\/p>\n\n\n\n<p>Tambi\u00e9n estuvieron presentes en la inauguraci\u00f3n la diputada nacional y presidenta de la Comisi\u00f3n de Mujeres y Diversidad, M\u00f3nica Macha; la ministra de Mujeres, Pol\u00edticas de G\u00e9nero y Diversidad Sexual de la provincia de Buenos Aires, Estela D\u00edaz; el titular de ACUMAR, Mart\u00edn Sabbatella; la secretaria de Mujeres, G\u00e9neros, Diversidad y Derechos Humanos, Cinthia Fr\u00edas, y el secretario de Planificaci\u00f3n Estrat\u00e9gica de Mor\u00f3n, Pablo Itzcovich.<\/p>\n","protected":false},"excerpt":{"rendered":"<p>El presidente se manifest&oacute; de esa manera en la inauguraci&oacute;n de un Centro Territorial Integral de Pol&iacute;ticas de G&eacute;nero y Diversidad de la localidad bonaerense Castelar, en el partido de Mor&oacute;n. El presidente Alberto Fern&aacute;ndez manifest&oacute; que &ldquo;el Estado tiene que estar cerca de la mujer que es v&iacute;ctima de un acto violento&rdquo;, en la &hellip; <\/p>\n","protected":false},"author":5,"featured_media":7803,"comment_status":"closed","ping_status":"closed","sticky":false,"template":"","format":"standard","meta":{"om_disable_all_campaigns":false,"_joinchat":[]},"categories":[9],"tags":[46,53,43],"featured_image_urls":{"full":["https:\/\/infotep.com.ar\/wp-content\/uploads\/2023\/09\/lucas-ghi-alberto-fernandez.jpg",900,506,false],"thumbnail":["https:\/\/infotep.com.ar\/wp-content\/uploads\/2023\/09\/lucas-ghi-alberto-fernandez-150x150.jpg",150,150,true],"medium":["https:\/\/infotep.com.ar\/wp-content\/uploads\/2023\/09\/lucas-ghi-alberto-fernandez-300x169.jpg",300,169,true],"medium_large":["https:\/\/infotep.com.ar\/wp-content\/uploads\/2023\/09\/lucas-ghi-alberto-fernandez-768x432.jpg",768,432,true],"large":["https:\/\/infotep.com.ar\/wp-content\/uploads\/2023\/09\/lucas-ghi-alberto-fernandez.jpg",900,506,false],"1536x1536":["https:\/\/infotep.com.ar\/wp-content\/uploads\/2023\/09\/lucas-ghi-alberto-fernandez.jpg",900,506,false],"2048x2048":["https:\/\/infotep.com.ar\/wp-content\/uploads\/2023\/09\/lucas-ghi-alberto-fernandez.jpg",900,506,false],"blossom-feminine-slider":["https:\/\/infotep.com.ar\/wp-content\/uploads\/2023\/09\/lucas-ghi-alberto-fernandez.jpg",900,506,false],"blossom-feminine-featured":["https:\/\/infotep.com.ar\/wp-content\/uploads\/2023\/09\/lucas-ghi-alberto-fernandez.jpg",900,506,false],"blossom-feminine-with-sidebar":["https:\/\/infotep.com.ar\/wp-content\/uploads\/2023\/09\/lucas-ghi-alberto-fernandez.jpg",900,506,false],"blossom-feminine-blog":["https:\/\/infotep.com.ar\/wp-content\/uploads\/2023\/09\/lucas-ghi-alberto-fernandez-435x435.jpg",435,435,true],"blossom-feminine-cat":["https:\/\/infotep.com.ar\/wp-content\/uploads\/2023\/09\/lucas-ghi-alberto-fernandez-450x300.jpg",450,300,true],"blossom-feminine-related":["https:\/\/infotep.com.ar\/wp-content\/uploads\/2023\/09\/lucas-ghi-alberto-fernandez-320x200.jpg",320,200,true],"blossom-feminine-schema":["https:\/\/infotep.com.ar\/wp-content\/uploads\/2023\/09\/lucas-ghi-alberto-fernandez-107x60.jpg",107,60,true],"blossom-mommy-blog-slider-big":["https:\/\/infotep.com.ar\/wp-content\/uploads\/2023\/09\/lucas-ghi-alberto-fernandez.jpg",900,506,false],"blossom-mommy-blog-slider":["https:\/\/infotep.com.ar\/wp-content\/uploads\/2023\/09\/lucas-ghi-alberto-fernandez-460x310.jpg",460,310,true],"blossom-mommy-blog-two":["https:\/\/infotep.com.ar\/wp-content\/uploads\/2023\/09\/lucas-ghi-alberto-fernandez-768x480.jpg",768,480,true]},"author_info":{"info":["Angela Tobar"]},"category_info":"<a href=\"https:\/\/infotep.com.ar\/index.php\/category\/municipales\/moron\/\" rel=\"category tag\">Mor\u00f3n<\/a>","tag_info":"Mor\u00f3n","comment_count":"0","_links":{"self":[{"href":"https:\/\/infotep.com.ar\/index.php\/wp-json\/wp\/v2\/posts\/7802"}],"collection":[{"href":"https:\/\/infotep.com.ar\/index.php\/wp-json\/wp\/v2\/posts"}],"about":[{"href":"https:\/\/infotep.com.ar\/index.php\/wp-json\/wp\/v2\/types\/post"}],"author":[{"embeddable":true,"href":"https:\/\/infotep.com.ar\/index.php\/wp-json\/wp\/v2\/users\/5"}],"replies":[{"embeddable":true,"href":"https:\/\/infotep.com.ar\/index.php\/wp-json\/wp\/v2\/comments?post=7802"}],"version-history":[{"count":1,"href":"https:\/\/infotep.com.ar\/index.php\/wp-json\/wp\/v2\/posts\/7802\/revisions"}],"predecessor-version":[{"id":7805,"href":"https:\/\/infotep.com.ar\/index.php\/wp-json\/wp\/v2\/posts\/7802\/revisions\/7805"}],"wp:featuredmedia":[{"embeddable":true,"href":"https:\/\/infotep.com.ar\/index.php\/wp-json\/wp\/v2\/media\/7803"}],"wp:attachment":[{"href":"https:\/\/infotep.com.ar\/index.php\/wp-json\/wp\/v2\/media?parent=7802"}],"wp:term":[{"taxonomy":"category","embeddable":true,"href":"https:\/\/infotep.com.ar\/index.php\/wp-json\/wp\/v2\/categories?post=7802"},{"taxonomy":"post_tag","embeddable":true,"href":"https:\/\/infotep.com.ar\/index.php\/wp-json\/wp\/v2\/tags?post=7802"}],"curies":[{"name":"wp","href":"https:\/\/api.w.org\/{rel}","templated":true}]}}