{"id":7810,"date":"2023-09-27T01:28:00","date_gmt":"2023-09-27T04:28:00","guid":{"rendered":"https:\/\/infotep.com.ar\/?p=7810"},"modified":"2023-09-26T23:30:12","modified_gmt":"2023-09-27T02:30:12","slug":"despedidos-de-garbarino-marcharon-en-reclamo-de-sueldos-e-indemnizaciones","status":"publish","type":"post","link":"https:\/\/infotep.com.ar\/index.php\/2023\/09\/27\/despedidos-de-garbarino-marcharon-en-reclamo-de-sueldos-e-indemnizaciones\/","title":{"rendered":"Despedidos de Garbarino marcharon en reclamo de sueldos e indemnizaciones"},"content":{"rendered":"\n<p>Bajo el lema \u201cQueremos Nuestra Plata\u201d, les trabajadores de Garbarino se movilizaron este lunes, en el D\u00eda del Empleado de Comercio, con el objetivo de exigir el pago de sueldos atrasados e indemnizaciones.<br><br>Primero denunciaron descontrol en la empresa, ahora marcharon. La concentraci\u00f3n fue este lunes en el Obelisco y cont\u00f3 con una movilizaci\u00f3n hacia el juzgado N\u00ba 7 para solicitar la quiebra.<\/p>\n\n\n\n<p>Hace un mes, los empleados despedidos de la casa de venta de electrodom\u00e9sticos Garbarino realizaron una \u201cmarcha virtual\u201d para denunciar el descontrol total que vive la empresa, ahora la marcha fue real.<\/p>\n\n\n\n<p>Bajo el lema \u201cQueremos Nuestra Plata\u201d, les trabajadores de Garbarino se movilizaron este lunes, en el D\u00eda del Empleado de Comercio, con el objetivo de exigir el pago de sueldos atrasados e indemnizaciones. Tras concentrarse en el Obelisco, marcharon al Juzgado N\u00b0 para solicitarle al juez Fernando D\u2019Alesandro la quiebra de la empresa.<\/p>\n\n\n\n<p>Durante toda la ma\u00f1ana y el mediod\u00eda, les manifestantes fueron acompa\u00f1ados por entidades como la Asociaci\u00f3n Gremial Docente (ADG-UBA) y referentes pol\u00edtiques del Partido Obrero (PO).<\/p>\n\n\n\n<p>Las leyendas en las banderas transmit\u00edan el sentimiento de desamparo y decepci\u00f3n que expresan desde este grupo de trabajadores hacia el presidente de la Naci\u00f3n, el actual titular de la firma y el eterno secretario general del Sindicato de Comercio, respectivamente: \u201cAlberto, nos mentiste\u201d, \u201cRosales estafador\u201d y \u201cCavalieri Traidor\u201d.<\/p>\n\n\n\n<p><strong>Sin Garant\u00eda de Confianza<br><\/strong>El hist\u00f3rico slogan de la firma siempre fue \u201cGarant\u00eda de Confianza\u201d, pero la realidad indica todo lo contrario. Los empleados despedidos no le echan la culpa al actual due\u00f1o. La agrupaci\u00f3n auto convocada denuncia que la crisis de la compa\u00f1\u00eda fue provocada por los propietarios originales, Omar y Daniel Garbarino, con la ayuda de su gerente general Carlos Garc\u00eda.<\/p>\n\n\n\n<p>\u201cFueron ellos los que montaron empresas off shore en para\u00edsos fiscales para sacar los recursos, bienes activos que generaron los trabajadores a\u00f1os tras a\u00f1os\u201d, sostuvieron en un documento de prensa.<\/p>\n\n\n\n<p><strong>Sin apoyo del Sindicato de Comercio<\/strong><\/p>\n\n\n\n<p>Gabriel Yapura es actualmente el representante a nivel nacional de los empleados despedidos de Garbarino, se vio obligado a tomar ese lugar luego de que el<strong> Sindicato de Empleados de Comercio decidiera dejarlos solos en su lucha. <\/strong>Los delegados del Gremio, quienes llevaron la protesta adelante en un principio, abandonaron el barco.<\/p>\n\n\n\n<p><strong>Cronolog\u00eca de un fracaso anunciado<br><\/strong>En 2020 Garbarino vende sus acciones al empresario Carlos Rosales, due\u00f1o del grupo asegurador Prof, quien fue dirigente de San Lorenzo y funcionario bonaerense durante la gobernaci\u00f3n de Daniel Scioli. Adem\u00e1s es due\u00f1o de Radio Continental.<\/p>\n\n\n\n<p>La situaci\u00f3n financiera de la firma ya era inviable y el \u00fanico activo que le quedaba era el nombre. De hecho comenz\u00f3 a funcionar como un intermediario, vendiendo productos de otras empresas bajo un mismo paraguas en su sitio web.<\/p>\n\n\n\n<p>En mayo de 2021 cierra sucursales y aumenta el atraso en el pago de sueldo. El d\u00eda 12 de noviembre de 2021 cierra todos sus locales y despide a m\u00e1s de 1800 empleados sin pagar Indemnizaciones.<\/p>\n\n\n\n<p>A fines de diciembre de 2021 el titular del Juzgado en lo Comercial 7, Fernando D&#8217;Alessandro, habilit\u00f3 el concurso de acreedores para que la empresa pueda renegociar una deuda que roza los $28.000 millones. En forma preventiva, adem\u00e1s, le prohibi\u00f3 a su due\u00f1o Carlos Rosales salir del pa\u00eds.<\/p>\n\n\n\n<p>La irrupci\u00f3n de este hombre vinculado al mundo del f\u00fatbol, la pol\u00edtica, los medicamentos, los medios y los seguros siempre despert\u00f3 dudas entre los empleados de Garbarino, pero no hab\u00eda muchas opciones, casi nadie se quer\u00eda hacer cargo del fierro caliente. Pero las dudas eran correctas, Rosales termin\u00f3 siendo un salvavidas de plomo para la empresa y para sus empleados.<\/p>\n","protected":false},"excerpt":{"rendered":"<p>Bajo el lema &ldquo;Queremos Nuestra Plata&rdquo;, les trabajadores de Garbarino se movilizaron este lunes, en el D&iacute;a del Empleado de Comercio, con el objetivo de exigir el pago de sueldos atrasados e indemnizaciones. Primero denunciaron descontrol en la empresa, ahora marcharon. La concentraci&oacute;n fue este lunes en el Obelisco y cont&oacute; con una movilizaci&oacute;n hacia &hellip; <\/p>\n","protected":false},"author":5,"featured_media":7811,"comment_status":"closed","ping_status":"closed","sticky":false,"template":"","format":"standard","meta":{"om_disable_all_campaigns":false,"_joinchat":[]},"categories":[7],"tags":[46,43],"featured_image_urls":{"full":["https:\/\/infotep.com.ar\/wp-content\/uploads\/2023\/09\/garbarino.jpg",1024,580,false],"thumbnail":["https:\/\/infotep.com.ar\/wp-content\/uploads\/2023\/09\/garbarino-150x150.jpg",150,150,true],"medium":["https:\/\/infotep.com.ar\/wp-content\/uploads\/2023\/09\/garbarino-300x170.jpg",300,170,true],"medium_large":["https:\/\/infotep.com.ar\/wp-content\/uploads\/2023\/09\/garbarino-768x435.jpg",768,435,true],"large":["https:\/\/infotep.com.ar\/wp-content\/uploads\/2023\/09\/garbarino.jpg",1020,578,false],"1536x1536":["https:\/\/infotep.com.ar\/wp-content\/uploads\/2023\/09\/garbarino.jpg",1024,580,false],"2048x2048":["https:\/\/infotep.com.ar\/wp-content\/uploads\/2023\/09\/garbarino.jpg",1024,580,false],"blossom-feminine-slider":["https:\/\/infotep.com.ar\/wp-content\/uploads\/2023\/09\/garbarino.jpg",1024,580,false],"blossom-feminine-featured":["https:\/\/infotep.com.ar\/wp-content\/uploads\/2023\/09\/garbarino.jpg",1024,580,false],"blossom-feminine-with-sidebar":["https:\/\/infotep.com.ar\/wp-content\/uploads\/2023\/09\/garbarino-1020x580.jpg",1020,580,true],"blossom-feminine-blog":["https:\/\/infotep.com.ar\/wp-content\/uploads\/2023\/09\/garbarino-435x435.jpg",435,435,true],"blossom-feminine-cat":["https:\/\/infotep.com.ar\/wp-content\/uploads\/2023\/09\/garbarino-450x300.jpg",450,300,true],"blossom-feminine-related":["https:\/\/infotep.com.ar\/wp-content\/uploads\/2023\/09\/garbarino-320x200.jpg",320,200,true],"blossom-feminine-schema":["https:\/\/infotep.com.ar\/wp-content\/uploads\/2023\/09\/garbarino-106x60.jpg",106,60,true],"blossom-mommy-blog-slider-big":["https:\/\/infotep.com.ar\/wp-content\/uploads\/2023\/09\/garbarino-920x580.jpg",920,580,true],"blossom-mommy-blog-slider":["https:\/\/infotep.com.ar\/wp-content\/uploads\/2023\/09\/garbarino-460x310.jpg",460,310,true],"blossom-mommy-blog-two":["https:\/\/infotep.com.ar\/wp-content\/uploads\/2023\/09\/garbarino-768x480.jpg",768,480,true]},"author_info":{"info":["Angela Tobar"]},"category_info":"<a href=\"https:\/\/infotep.com.ar\/index.php\/category\/gremios\/\" rel=\"category tag\">Gremios<\/a>","tag_info":"Gremios","comment_count":"0","_links":{"self":[{"href":"https:\/\/infotep.com.ar\/index.php\/wp-json\/wp\/v2\/posts\/7810"}],"collection":[{"href":"https:\/\/infotep.com.ar\/index.php\/wp-json\/wp\/v2\/posts"}],"about":[{"href":"https:\/\/infotep.com.ar\/index.php\/wp-json\/wp\/v2\/types\/post"}],"author":[{"embeddable":true,"href":"https:\/\/infotep.com.ar\/index.php\/wp-json\/wp\/v2\/users\/5"}],"replies":[{"embeddable":true,"href":"https:\/\/infotep.com.ar\/index.php\/wp-json\/wp\/v2\/comments?post=7810"}],"version-history":[{"count":1,"href":"https:\/\/infotep.com.ar\/index.php\/wp-json\/wp\/v2\/posts\/7810\/revisions"}],"predecessor-version":[{"id":7812,"href":"https:\/\/infotep.com.ar\/index.php\/wp-json\/wp\/v2\/posts\/7810\/revisions\/7812"}],"wp:featuredmedia":[{"embeddable":true,"href":"https:\/\/infotep.com.ar\/index.php\/wp-json\/wp\/v2\/media\/7811"}],"wp:attachment":[{"href":"https:\/\/infotep.com.ar\/index.php\/wp-json\/wp\/v2\/media?parent=7810"}],"wp:term":[{"taxonomy":"category","embeddable":true,"href":"https:\/\/infotep.com.ar\/index.php\/wp-json\/wp\/v2\/categories?post=7810"},{"taxonomy":"post_tag","embeddable":true,"href":"https:\/\/infotep.com.ar\/index.php\/wp-json\/wp\/v2\/tags?post=7810"}],"curies":[{"name":"wp","href":"https:\/\/api.w.org\/{rel}","templated":true}]}}