{"id":7886,"date":"2023-09-29T11:06:00","date_gmt":"2023-09-29T14:06:00","guid":{"rendered":"https:\/\/infotep.com.ar\/?p=7886"},"modified":"2023-09-28T23:07:41","modified_gmt":"2023-09-29T02:07:41","slug":"kicillof-en-la-matanza-la-educacion-volvio-a-ser-una-prioridad-en-la-provincia-de-buenos-aires","status":"publish","type":"post","link":"https:\/\/infotep.com.ar\/index.php\/2023\/09\/29\/kicillof-en-la-matanza-la-educacion-volvio-a-ser-una-prioridad-en-la-provincia-de-buenos-aires\/","title":{"rendered":"Kicillof en La Matanza: &#8220;La educaci\u00f3n volvi\u00f3 a ser una prioridad en la provincia de Buenos Aires&#8221;"},"content":{"rendered":"\n<p>En la inauguraci\u00f3n de una escuela secundaria en La Matanza, el gobernador bonaerense subray\u00f3 que en menos de cuatro a\u00f1os de gesti\u00f3n &#8220;se construyeron 201 nuevos edificios escolares y se desarrollaron m\u00e1s de 6.100 obras de refacci\u00f3n y mejoras de establecimientos en los 135 municipios&#8221;.<\/p>\n\n\n\n<p>El gobernador bonaerense, Axel Kicillof, asegur\u00f3 este jueves que durante su gesti\u00f3n la &#8220;educaci\u00f3n volvi\u00f3 a ser una prioridad en la provincia&#8221; y destac\u00f3, en ese sentido, la construcci\u00f3n de &#8220;201 nuevas escuelas, levantadas en menos de cuatro a\u00f1os y las m\u00e1s de 6.100 obras de refacci\u00f3n y mejoras en establecimientos de 135 municipios&#8221;.<\/p>\n\n\n\n<p class=\"has-light-green-cyan-background-color has-background\">As\u00ed se expres\u00f3 el mandatario al recorrer el nuevo edificio de la Escuela Secundaria N\u00b068 de La Matanza, junto al ministro de Educaci\u00f3n nacional, Jaime Perczyk; el director general de Cultura y Educaci\u00f3n, Alberto Sileoni; y el intendente local, Fernando Espinoza.<\/p>\n\n\n\n<p>&#8220;No prometimos hacer nuevas escuelas, sino que asumimos el compromiso de que la educaci\u00f3n iba a volver a ser una prioridad en la provincia de Buenos Aires&#8221;, enfatiz\u00f3 y ahora podemos decir que cumplimos&#8221;, enfatiz\u00f3 Kicillof.<\/p>\n\n\n\n<p>En ese sentido, detall\u00f3: &#8220;En menos de cuatro a\u00f1os hemos construido 201 nuevos edificios escolares y terminamos m\u00e1s de 6.100 obras de refacci\u00f3n y mejoras en establecimientos de los 135 municipios&#8221;.<\/p>\n\n\n\n<p>A partir de una inversi\u00f3n de $187 millones, el nuevo edificio de la Escuela Secundaria N\u00b068 de La Matanza cuenta con una planta baja con cuatro aulas, dependencias administrativas, sanitarios y patio y una planta alta con otras cuatro aulas, preceptor\u00eda y ba\u00f1os.<\/p>\n\n\n\n<p>Actualmente, la EES N\u00b068 posee una matr\u00edcula de 360 alumnos y alumnas.<\/p>\n\n\n\n<p>&#8220;Toda esta inversi\u00f3n que realizamos desde 2020 para reparar 400 escuelas y sumar 850 nuevas aulas estuvo acompa\u00f1ada por m\u00e1s horas de clase, libros y computadoras que sirven para que todos y todas las estudiantes tengan las mismas oportunidades&#8221;, se\u00f1al\u00f3 el gobernador.<\/p>\n\n\n\n<p>Alumnos secundarios de La Matanza contarn con nuevas instalaciones para estudiar Foto Prensa GPBA<br>Alumnos secundarios de La Matanza contar\u00e1n con nuevas instalaciones para estudiar \/ Foto: Prensa GPBA.<\/p>\n\n\n\n<p>Cont\u00f3 que &#8220;cuando uno habla con los pibes y las pibas, observa que valoran las mejoras en infraestructura educativa y que est\u00e1n dispuestos a cuidar la escuela porque la ven como una herramienta que iguala y les brinda mejores perspectivas para el futuro&#8221;.<\/p>\n\n\n\n<p>En los \u00faltimos d\u00edas se pusieron en funcionamiento los nuevos edificios de la Escuela Secundaria N\u00b0 103 y del Jard\u00edn de Infantes N\u00b01031, producto de una inversi\u00f3n total que super\u00f3 los $310 millones.<\/p>\n\n\n\n<p>Por su parte, el intendente Espinoza destac\u00f3 que &#8220;junto al gobierno provincial estamos realizando una verdadera revoluci\u00f3n educativa en La Matanza porque entendemos que el conocimiento es la herramienta m\u00e1s poderosa para cambiar el futuro&#8221;.<\/p>\n\n\n\n<p>En el municipio de La Matanza se destin\u00f3 un total de $3.423 millones para distintas obras de infraestructura escolar que ya est\u00e1n finalizadas, en tanto que se encuentran en ejecuci\u00f3n proyectos de nuevos edificios educativos por $4.363 millones.<\/p>\n","protected":false},"excerpt":{"rendered":"<p>En la inauguraci&oacute;n de una escuela secundaria en La Matanza, el gobernador bonaerense subray&oacute; que en menos de cuatro a&ntilde;os de gesti&oacute;n &ldquo;se construyeron 201 nuevos edificios escolares y se desarrollaron m&aacute;s de 6.100 obras de refacci&oacute;n y mejoras de establecimientos en los 135 municipios&rdquo;. El gobernador bonaerense, Axel Kicillof, asegur&oacute; este jueves que durante &hellip; <\/p>\n","protected":false},"author":5,"featured_media":7887,"comment_status":"closed","ping_status":"closed","sticky":false,"template":"","format":"standard","meta":{"om_disable_all_campaigns":false,"_joinchat":[]},"categories":[26,4],"tags":[46,59,43],"featured_image_urls":{"full":["https:\/\/infotep.com.ar\/wp-content\/uploads\/2023\/09\/kicillof-la-matanza.jpg",1200,675,false],"thumbnail":["https:\/\/infotep.com.ar\/wp-content\/uploads\/2023\/09\/kicillof-la-matanza-150x150.jpg",150,150,true],"medium":["https:\/\/infotep.com.ar\/wp-content\/uploads\/2023\/09\/kicillof-la-matanza-300x169.jpg",300,169,true],"medium_large":["https:\/\/infotep.com.ar\/wp-content\/uploads\/2023\/09\/kicillof-la-matanza-768x432.jpg",768,432,true],"large":["https:\/\/infotep.com.ar\/wp-content\/uploads\/2023\/09\/kicillof-la-matanza-1024x576.jpg",1020,574,true],"1536x1536":["https:\/\/infotep.com.ar\/wp-content\/uploads\/2023\/09\/kicillof-la-matanza.jpg",1200,675,false],"2048x2048":["https:\/\/infotep.com.ar\/wp-content\/uploads\/2023\/09\/kicillof-la-matanza.jpg",1200,675,false],"blossom-feminine-slider":["https:\/\/infotep.com.ar\/wp-content\/uploads\/2023\/09\/kicillof-la-matanza-1200x649.jpg",1200,649,true],"blossom-feminine-featured":["https:\/\/infotep.com.ar\/wp-content\/uploads\/2023\/09\/kicillof-la-matanza-1200x600.jpg",1200,600,true],"blossom-feminine-with-sidebar":["https:\/\/infotep.com.ar\/wp-content\/uploads\/2023\/09\/kicillof-la-matanza-1020x600.jpg",1020,600,true],"blossom-feminine-blog":["https:\/\/infotep.com.ar\/wp-content\/uploads\/2023\/09\/kicillof-la-matanza-435x435.jpg",435,435,true],"blossom-feminine-cat":["https:\/\/infotep.com.ar\/wp-content\/uploads\/2023\/09\/kicillof-la-matanza-450x300.jpg",450,300,true],"blossom-feminine-related":["https:\/\/infotep.com.ar\/wp-content\/uploads\/2023\/09\/kicillof-la-matanza-320x200.jpg",320,200,true],"blossom-feminine-schema":["https:\/\/infotep.com.ar\/wp-content\/uploads\/2023\/09\/kicillof-la-matanza-107x60.jpg",107,60,true],"blossom-mommy-blog-slider-big":["https:\/\/infotep.com.ar\/wp-content\/uploads\/2023\/09\/kicillof-la-matanza-920x650.jpg",920,650,true],"blossom-mommy-blog-slider":["https:\/\/infotep.com.ar\/wp-content\/uploads\/2023\/09\/kicillof-la-matanza-460x310.jpg",460,310,true],"blossom-mommy-blog-two":["https:\/\/infotep.com.ar\/wp-content\/uploads\/2023\/09\/kicillof-la-matanza-768x480.jpg",768,480,true]},"author_info":{"info":["Angela Tobar"]},"category_info":"<a href=\"https:\/\/infotep.com.ar\/index.php\/category\/municipales\/la-matanza\/\" rel=\"category tag\">La Matanza<\/a> <a href=\"https:\/\/infotep.com.ar\/index.php\/category\/provinciales\/\" rel=\"category tag\">Provinciales<\/a>","tag_info":"Provinciales","comment_count":"0","_links":{"self":[{"href":"https:\/\/infotep.com.ar\/index.php\/wp-json\/wp\/v2\/posts\/7886"}],"collection":[{"href":"https:\/\/infotep.com.ar\/index.php\/wp-json\/wp\/v2\/posts"}],"about":[{"href":"https:\/\/infotep.com.ar\/index.php\/wp-json\/wp\/v2\/types\/post"}],"author":[{"embeddable":true,"href":"https:\/\/infotep.com.ar\/index.php\/wp-json\/wp\/v2\/users\/5"}],"replies":[{"embeddable":true,"href":"https:\/\/infotep.com.ar\/index.php\/wp-json\/wp\/v2\/comments?post=7886"}],"version-history":[{"count":1,"href":"https:\/\/infotep.com.ar\/index.php\/wp-json\/wp\/v2\/posts\/7886\/revisions"}],"predecessor-version":[{"id":7888,"href":"https:\/\/infotep.com.ar\/index.php\/wp-json\/wp\/v2\/posts\/7886\/revisions\/7888"}],"wp:featuredmedia":[{"embeddable":true,"href":"https:\/\/infotep.com.ar\/index.php\/wp-json\/wp\/v2\/media\/7887"}],"wp:attachment":[{"href":"https:\/\/infotep.com.ar\/index.php\/wp-json\/wp\/v2\/media?parent=7886"}],"wp:term":[{"taxonomy":"category","embeddable":true,"href":"https:\/\/infotep.com.ar\/index.php\/wp-json\/wp\/v2\/categories?post=7886"},{"taxonomy":"post_tag","embeddable":true,"href":"https:\/\/infotep.com.ar\/index.php\/wp-json\/wp\/v2\/tags?post=7886"}],"curies":[{"name":"wp","href":"https:\/\/api.w.org\/{rel}","templated":true}]}}