{"id":8061,"date":"2023-10-06T01:01:00","date_gmt":"2023-10-06T04:01:00","guid":{"rendered":"https:\/\/infotep.com.ar\/?p=8061"},"modified":"2023-10-05T23:13:22","modified_gmt":"2023-10-06T02:13:22","slug":"el-municipio-de-la-matanza-se-suma-a-la-convocatoria-de-jovenes-que-quieran-formar-parte-de-la-policia-bonaerense","status":"publish","type":"post","link":"https:\/\/infotep.com.ar\/index.php\/2023\/10\/06\/el-municipio-de-la-matanza-se-suma-a-la-convocatoria-de-jovenes-que-quieran-formar-parte-de-la-policia-bonaerense\/","title":{"rendered":"El Municipio de La Matanza se suma a la convocatoria de j\u00f3venes que quieran formar parte de la Polic\u00eda Bonaerense"},"content":{"rendered":"\n<p>Desde el Municipio de La Matanza, y a trav\u00e9s de la Secretar\u00eda de Protecci\u00f3n Ciudadana, se inform\u00f3 que se lanza la convocatoria del Ministerio de Seguridad de la Provincia de Buenos Aires destinada a las y los j\u00f3venes del distrito que quieran formar parte del Programa de Reclutamiento e ingreso a las Escuelas de Formaci\u00f3n Policial Bonaerense.<\/p>\n\n\n\n<p>Las interesadas e interesados en convertirse en cadetes de Polic\u00eda de Provincia de Buenos Aires deben cumplir los siguientes requisitos:<\/p>\n\n\n\n<p>\u2022 Ser argentino\/a nativo\/a, naturalizado\/a o por opci\u00f3n<\/p>\n\n\n\n<p>\u2022 Tener entre 17 y 29 a\u00f1os.<\/p>\n\n\n\n<p>\u2022 Haber finalizado los estudios secundarios, en el t\u00e9rmino de la Ley 13.688 o equivalente.<\/p>\n\n\n\n<p>\u2022 Poseer domicilio real en la Provincia de Buenos Aires.<\/p>\n\n\n\n<p>\u2022 Responder a las aptitudes psicof\u00edsicas establecidas en la Ley 13.982 y su reglamentaci\u00f3n.<\/p>\n\n\n\n<p>\u2022 No registrar antecedentes penales.<\/p>\n\n\n\n<p>La convocatoria no tiene fecha l\u00edmite para la inscripci\u00f3n y los CV se reciben \u00fanicamente en la Secretar\u00eda de Protecci\u00f3n Ciudadana de La Matanza, ubicada en Almafuerte 3050, planta baja, San Justo,<\/p>\n\n\n\n<p>de lunes a viernes de 9 a 13 horas.<\/p>\n\n\n\n<p>Desde el Gobierno local se destac\u00f3 que se &#8220;llev\u00f3 adelante el mayor reclutamiento de la historia de aspirantes para las fuerzas policiales, con m\u00e1s de 11 mil inscriptas e inscriptos, de los cuales 1300 se est\u00e1n formando como cadetes&#8221;.<\/p>\n\n\n\n<p>En ese sentido desde el Municipio de La Matanza, afirm\u00f3 que &#8220;se sigue llevando adelante el Plan Integral de Seguridad, impulsado por el intendente Fernando Espinoza, que en materia de protecci\u00f3n ciudadana, contempla una mega inversi\u00f3n en tecnolog\u00eda, la asignaci\u00f3n de recursos econ\u00f3micos, el accionar de la Guardia Urbana por todo el territorio, y las gestiones pertinentes con las autoridades provinciales y nacionales para una mayor presencia de la Polic\u00eda Bonaerense, de Gendarmer\u00eda Nacional y del Comando Unificado Conurbano en todas las ciudades de La Matanza&#8221;.<\/p>\n\n\n\n<p>Adem\u00e1s, recientemente el Municipio realiz\u00f3 una importante inversi\u00f3n en el nuevo Centro de Operaciones y Monitoreo de La Matanza (COM) que incorpor\u00f3 un sofisticado sistema inteligente de c\u00e1maras, videowall, todos con lectoras de patentes y la \u00faltima tecnolog\u00eda en im\u00e1genes de vigilancia. El COM asegura una presencia eficiente las 24 horas en situaciones de emergencia, manteniendo una interacci\u00f3n instant\u00e1nea y constante con las Fuerzas de Seguridad.<\/p>\n","protected":false},"excerpt":{"rendered":"<p>Desde el Municipio de La Matanza, y a trav&eacute;s de la Secretar&iacute;a de Protecci&oacute;n Ciudadana, se inform&oacute; que se lanza la convocatoria del Ministerio de Seguridad de la Provincia de Buenos Aires destinada a las y los j&oacute;venes del distrito que quieran formar parte del Programa de Reclutamiento e ingreso a las Escuelas de Formaci&oacute;n &hellip; <\/p>\n","protected":false},"author":5,"featured_media":8062,"comment_status":"closed","ping_status":"closed","sticky":false,"template":"","format":"standard","meta":{"om_disable_all_campaigns":false,"_joinchat":[]},"categories":[26],"tags":[46,59,43],"featured_image_urls":{"full":["https:\/\/infotep.com.ar\/wp-content\/uploads\/2023\/10\/POLICIA.jpeg",740,740,false],"thumbnail":["https:\/\/infotep.com.ar\/wp-content\/uploads\/2023\/10\/POLICIA-150x150.jpeg",150,150,true],"medium":["https:\/\/infotep.com.ar\/wp-content\/uploads\/2023\/10\/POLICIA-300x300.jpeg",300,300,true],"medium_large":["https:\/\/infotep.com.ar\/wp-content\/uploads\/2023\/10\/POLICIA.jpeg",740,740,false],"large":["https:\/\/infotep.com.ar\/wp-content\/uploads\/2023\/10\/POLICIA.jpeg",740,740,false],"1536x1536":["https:\/\/infotep.com.ar\/wp-content\/uploads\/2023\/10\/POLICIA.jpeg",740,740,false],"2048x2048":["https:\/\/infotep.com.ar\/wp-content\/uploads\/2023\/10\/POLICIA.jpeg",740,740,false],"blossom-feminine-slider":["https:\/\/infotep.com.ar\/wp-content\/uploads\/2023\/10\/POLICIA-740x649.jpeg",740,649,true],"blossom-feminine-featured":["https:\/\/infotep.com.ar\/wp-content\/uploads\/2023\/10\/POLICIA-740x600.jpeg",740,600,true],"blossom-feminine-with-sidebar":["https:\/\/infotep.com.ar\/wp-content\/uploads\/2023\/10\/POLICIA-740x600.jpeg",740,600,true],"blossom-feminine-blog":["https:\/\/infotep.com.ar\/wp-content\/uploads\/2023\/10\/POLICIA-435x435.jpeg",435,435,true],"blossom-feminine-cat":["https:\/\/infotep.com.ar\/wp-content\/uploads\/2023\/10\/POLICIA-450x300.jpeg",450,300,true],"blossom-feminine-related":["https:\/\/infotep.com.ar\/wp-content\/uploads\/2023\/10\/POLICIA-320x200.jpeg",320,200,true],"blossom-feminine-schema":["https:\/\/infotep.com.ar\/wp-content\/uploads\/2023\/10\/POLICIA-60x60.jpeg",60,60,true],"blossom-mommy-blog-slider-big":["https:\/\/infotep.com.ar\/wp-content\/uploads\/2023\/10\/POLICIA-740x650.jpeg",740,650,true],"blossom-mommy-blog-slider":["https:\/\/infotep.com.ar\/wp-content\/uploads\/2023\/10\/POLICIA-460x310.jpeg",460,310,true],"blossom-mommy-blog-two":["https:\/\/infotep.com.ar\/wp-content\/uploads\/2023\/10\/POLICIA-740x480.jpeg",740,480,true]},"author_info":{"info":["Angela Tobar"]},"category_info":"<a href=\"https:\/\/infotep.com.ar\/index.php\/category\/municipales\/la-matanza\/\" rel=\"category tag\">La Matanza<\/a>","tag_info":"La Matanza","comment_count":"0","_links":{"self":[{"href":"https:\/\/infotep.com.ar\/index.php\/wp-json\/wp\/v2\/posts\/8061"}],"collection":[{"href":"https:\/\/infotep.com.ar\/index.php\/wp-json\/wp\/v2\/posts"}],"about":[{"href":"https:\/\/infotep.com.ar\/index.php\/wp-json\/wp\/v2\/types\/post"}],"author":[{"embeddable":true,"href":"https:\/\/infotep.com.ar\/index.php\/wp-json\/wp\/v2\/users\/5"}],"replies":[{"embeddable":true,"href":"https:\/\/infotep.com.ar\/index.php\/wp-json\/wp\/v2\/comments?post=8061"}],"version-history":[{"count":1,"href":"https:\/\/infotep.com.ar\/index.php\/wp-json\/wp\/v2\/posts\/8061\/revisions"}],"predecessor-version":[{"id":8063,"href":"https:\/\/infotep.com.ar\/index.php\/wp-json\/wp\/v2\/posts\/8061\/revisions\/8063"}],"wp:featuredmedia":[{"embeddable":true,"href":"https:\/\/infotep.com.ar\/index.php\/wp-json\/wp\/v2\/media\/8062"}],"wp:attachment":[{"href":"https:\/\/infotep.com.ar\/index.php\/wp-json\/wp\/v2\/media?parent=8061"}],"wp:term":[{"taxonomy":"category","embeddable":true,"href":"https:\/\/infotep.com.ar\/index.php\/wp-json\/wp\/v2\/categories?post=8061"},{"taxonomy":"post_tag","embeddable":true,"href":"https:\/\/infotep.com.ar\/index.php\/wp-json\/wp\/v2\/tags?post=8061"}],"curies":[{"name":"wp","href":"https:\/\/api.w.org\/{rel}","templated":true}]}}