{"id":8475,"date":"2023-10-23T14:30:33","date_gmt":"2023-10-23T17:30:33","guid":{"rendered":"https:\/\/infotep.com.ar\/?p=8475"},"modified":"2023-10-23T14:30:33","modified_gmt":"2023-10-23T17:30:33","slug":"para-bregman-massa-no-puede-ser-igual-a-milei","status":"publish","type":"post","link":"https:\/\/infotep.com.ar\/index.php\/2023\/10\/23\/para-bregman-massa-no-puede-ser-igual-a-milei\/","title":{"rendered":"Para Bregman, &#8220;Massa no puede ser igual a Milei&#8221;"},"content":{"rendered":"\n<p>La excandidata asegur\u00f3 que en los pr\u00f3ximos d\u00edas el Frente de Izquierda definir\u00e1 una postura unificada ante el balotaje y celebr\u00f3 que por primera vez tendr\u00e1n un bloque de cinco diputados nacionales.<\/p>\n\n\n\n<p>La diputada nacional y excandidata presidencial del Frente de Izquierda Unidad (FIT-U) Myriam Bregman consider\u00f3 este lunes que Sergio Massa y Javier Milei &#8220;no son lo mismo&#8221;, una definici\u00f3n que si bien no confirma la postura que su espacio llevar\u00e1 el 19 de noviembre al balotaje, sella el debate interno que comienza puertas adentro en lo que defini\u00f3 ser\u00e1 &#8220;una etapa nueva&#8221;.<\/p>\n\n\n\n<p class=\"has-light-green-cyan-background-color has-background\">&#8220;Como voy a decir que son lo mismo. Nadie es igual a nadie y Sergio Massa no puede ser igual a Milei&#8221;, afirm\u00f3 Bregman en declaraciones a Radio 10 al referirse a los postulantes de Uni\u00f3n por la Patria (UxP) y La Libertad Avanza (LLA) tras los resultados obtenidos en los comicios de este domingo de cara al balotaje.<\/p>\n\n\n\n<p>La diputada anticip\u00f3 que &#8220;en los pr\u00f3ximos d\u00edas&#8221; su fuerza estar\u00e1 tomando una postura unificada de toda la alianza en lo que defini\u00f3 como &#8220;una nueva etapa&#8221; que comienza con la ampliaci\u00f3n de la representaci\u00f3n en Diputados, a cinco diputados nacionales.<\/p>\n\n\n\n<p><strong>El debate interno no se hizo esperar y, en respuesta, el dirigente del Partido Obrero (PO) Gabriel Solano escribi\u00f3 en su cuenta de la red X (exTwitter) que decir que Milei y Massa no son lo mismo &#8220;confunde m\u00e1s que lo que explica&#8221;.<\/strong><\/p>\n\n\n\n<p>&#8220;Por definici\u00f3n, nadie es igual a otro. La cuesti\u00f3n es si alguno representa un inter\u00e9s progresivo para los trabajadores: ah\u00ed empieza el debate que debemos dar&#8221;, escribi\u00f3 Solano anticipando las distintas posturas dentro de la alianza que integra el PTS, el PO, la IS y el MST..<\/p>\n\n\n\n<p>Durante la entrevista, Bregman rechaz\u00f3 la idea de sumarse a un gobierno de unidad nacional como el que convoca Massa y sostuvo que se trata de &#8220;una estrategia&#8221; electoral del ministro de Econom\u00eda.<\/p>\n\n\n\n<p>&#8220;Nadie puede pensar que podemos integrar un gobierno que siga recaudando para el FMI y mucho menos con (el gobernador de Jujuy) Gerardo Morales. Tengo valores y principios y no los voy a cambiar&#8221;, subray\u00f3.<\/p>\n\n\n\n<p><strong>Bregman a\u00f1adi\u00f3 que &#8220;hoy es un d\u00eda dif\u00edcil porque estamos en caliente&#8221; ya que exist\u00eda la idea de que Milei &#8220;pod\u00eda ganar en primera vuelta&#8221; en una elecci\u00f3n donde &#8220;prim\u00f3 c\u00f3mo frenar el tren fantasma que es la lista de Milei y quienes lo acompa\u00f1an&#8221;.<\/strong><\/p>\n\n\n\n<p>&#8220;Comienza una etapa nueva. Para la izquierda es muy importante haber ampliado su bancada a Diputados. Por primera vez en la historia vamos a tener cinco diputados nacionales porque ingres\u00f3 Christian Castillo, que es un gran militante y profesor universitario, y una legisladora por la Ciudad de Buenos Aires (Celeste Fierro)&#8221;, afirm\u00f3 Bregman en declaraciones a Radio 10.<\/p>\n\n\n\n<p>Seg\u00fan resultados provisorios, el FIT-U logr\u00f3 un 2,7 por ciento de votos a nivel nacional -frente al 2,61 alcanzado en las PASO- y de acuerdo a los alcanzados en territorio bonaerense Christian Castillo se sumar\u00eda a Bregman, Nicol\u00e1s del Ca\u00f1o, Alejandro Vilca y Romina del Pl\u00e1 en la C\u00e1mara de Diputados.<\/p>\n\n\n\n<p>Finalmente, sostuvo que &#8220;la izquierda tiene que defender los derechos de los trabajadores, enfrentar el ajuste y al FMI&#8221; y record\u00f3 que aunque Milei &#8220;iba desde el negacionismo de la dictadura a la venta de \u00f3rganos&#8221; no hay que &#8220;perder de vista que hoy un jubilado sigue cobrando 124 mil pesos&#8221;.<\/p>\n\n\n\n<p>&#8220;Gane quien gane, la bota del FMI est\u00e1 en nuestro pa\u00eds y vamos a estar en la calle enfrentando el ajuste. Se abri\u00f3 un desaf\u00edo muy importante m\u00e1s all\u00e1 de que no estemos en la carrera&#8221;, concluy\u00f3.<\/p>\n","protected":false},"excerpt":{"rendered":"<p>La excandidata asegur&oacute; que en los pr&oacute;ximos d&iacute;as el Frente de Izquierda definir&aacute; una postura unificada ante el balotaje y celebr&oacute; que por primera vez tendr&aacute;n un bloque de cinco diputados nacionales. La diputada nacional y excandidata presidencial del Frente de Izquierda Unidad (FIT-U) Myriam Bregman consider&oacute; este lunes que Sergio Massa y Javier Milei &hellip; <\/p>\n","protected":false},"author":5,"featured_media":8476,"comment_status":"closed","ping_status":"closed","sticky":false,"template":"","format":"standard","meta":{"om_disable_all_campaigns":false,"_joinchat":[]},"categories":[31,3],"tags":[46,43],"featured_image_urls":{"full":["https:\/\/infotep.com.ar\/wp-content\/uploads\/2023\/10\/bregman.jpg",1200,675,false],"thumbnail":["https:\/\/infotep.com.ar\/wp-content\/uploads\/2023\/10\/bregman-150x150.jpg",150,150,true],"medium":["https:\/\/infotep.com.ar\/wp-content\/uploads\/2023\/10\/bregman-300x169.jpg",300,169,true],"medium_large":["https:\/\/infotep.com.ar\/wp-content\/uploads\/2023\/10\/bregman-768x432.jpg",768,432,true],"large":["https:\/\/infotep.com.ar\/wp-content\/uploads\/2023\/10\/bregman-1024x576.jpg",1020,574,true],"1536x1536":["https:\/\/infotep.com.ar\/wp-content\/uploads\/2023\/10\/bregman.jpg",1200,675,false],"2048x2048":["https:\/\/infotep.com.ar\/wp-content\/uploads\/2023\/10\/bregman.jpg",1200,675,false],"blossom-feminine-slider":["https:\/\/infotep.com.ar\/wp-content\/uploads\/2023\/10\/bregman-1200x649.jpg",1200,649,true],"blossom-feminine-featured":["https:\/\/infotep.com.ar\/wp-content\/uploads\/2023\/10\/bregman-1200x600.jpg",1200,600,true],"blossom-feminine-with-sidebar":["https:\/\/infotep.com.ar\/wp-content\/uploads\/2023\/10\/bregman-1020x600.jpg",1020,600,true],"blossom-feminine-blog":["https:\/\/infotep.com.ar\/wp-content\/uploads\/2023\/10\/bregman-435x435.jpg",435,435,true],"blossom-feminine-cat":["https:\/\/infotep.com.ar\/wp-content\/uploads\/2023\/10\/bregman-450x300.jpg",450,300,true],"blossom-feminine-related":["https:\/\/infotep.com.ar\/wp-content\/uploads\/2023\/10\/bregman-320x200.jpg",320,200,true],"blossom-feminine-schema":["https:\/\/infotep.com.ar\/wp-content\/uploads\/2023\/10\/bregman-107x60.jpg",107,60,true],"blossom-mommy-blog-slider-big":["https:\/\/infotep.com.ar\/wp-content\/uploads\/2023\/10\/bregman-920x650.jpg",920,650,true],"blossom-mommy-blog-slider":["https:\/\/infotep.com.ar\/wp-content\/uploads\/2023\/10\/bregman-460x310.jpg",460,310,true],"blossom-mommy-blog-two":["https:\/\/infotep.com.ar\/wp-content\/uploads\/2023\/10\/bregman-768x480.jpg",768,480,true]},"author_info":{"info":["Angela Tobar"]},"category_info":"<a href=\"https:\/\/infotep.com.ar\/index.php\/category\/destacadas\/\" rel=\"category tag\">Destacadas<\/a> <a href=\"https:\/\/infotep.com.ar\/index.php\/category\/nacionales\/\" rel=\"category tag\">Nacionales<\/a>","tag_info":"Nacionales","comment_count":"0","_links":{"self":[{"href":"https:\/\/infotep.com.ar\/index.php\/wp-json\/wp\/v2\/posts\/8475"}],"collection":[{"href":"https:\/\/infotep.com.ar\/index.php\/wp-json\/wp\/v2\/posts"}],"about":[{"href":"https:\/\/infotep.com.ar\/index.php\/wp-json\/wp\/v2\/types\/post"}],"author":[{"embeddable":true,"href":"https:\/\/infotep.com.ar\/index.php\/wp-json\/wp\/v2\/users\/5"}],"replies":[{"embeddable":true,"href":"https:\/\/infotep.com.ar\/index.php\/wp-json\/wp\/v2\/comments?post=8475"}],"version-history":[{"count":1,"href":"https:\/\/infotep.com.ar\/index.php\/wp-json\/wp\/v2\/posts\/8475\/revisions"}],"predecessor-version":[{"id":8477,"href":"https:\/\/infotep.com.ar\/index.php\/wp-json\/wp\/v2\/posts\/8475\/revisions\/8477"}],"wp:featuredmedia":[{"embeddable":true,"href":"https:\/\/infotep.com.ar\/index.php\/wp-json\/wp\/v2\/media\/8476"}],"wp:attachment":[{"href":"https:\/\/infotep.com.ar\/index.php\/wp-json\/wp\/v2\/media?parent=8475"}],"wp:term":[{"taxonomy":"category","embeddable":true,"href":"https:\/\/infotep.com.ar\/index.php\/wp-json\/wp\/v2\/categories?post=8475"},{"taxonomy":"post_tag","embeddable":true,"href":"https:\/\/infotep.com.ar\/index.php\/wp-json\/wp\/v2\/tags?post=8475"}],"curies":[{"name":"wp","href":"https:\/\/api.w.org\/{rel}","templated":true}]}}