{"id":8547,"date":"2023-10-25T04:24:00","date_gmt":"2023-10-25T07:24:00","guid":{"rendered":"https:\/\/infotep.com.ar\/?p=8547"},"modified":"2023-10-25T16:26:30","modified_gmt":"2023-10-25T19:26:30","slug":"la-unlam-y-la-suprema-corte-de-justicia-de-buenos-aires-firmaron-un-acuerdo-para-fortalecer-el-sistema-judicial-bonaerense","status":"publish","type":"post","link":"https:\/\/infotep.com.ar\/index.php\/2023\/10\/25\/la-unlam-y-la-suprema-corte-de-justicia-de-buenos-aires-firmaron-un-acuerdo-para-fortalecer-el-sistema-judicial-bonaerense\/","title":{"rendered":"La UNLaM y la Suprema Corte de Justicia de Buenos Aires firmaron un acuerdo para fortalecer el sistema judicial bonaerense"},"content":{"rendered":"\n<p>La Universidad Nacional de La Matanza (UNLaM) y la Suprema Corte de Justicia de la Provincia de Buenos Aires celebraron un acuerdo de colaboraci\u00f3n rec\u00edproca para fortalecer el sistema judicial de la regi\u00f3n. El convenio, firmado por el Rector de la UNLaM, Dr. Daniel Mart\u00ednez, y el titular de la Suprema Corte de Justicia de Buenos Aires, Dr. Sergio Torres, tiene como objetivo principal atender la escasez de peritos oficiales en el fuero civil, comercial y laboral de la provincia de Buenos Aires, que actualmente se limitan al fuero penal y al fuero de menores.<\/p>\n\n\n\n<p>Mariano Gast\u00f3n Sohaner, juez del Juzgado de Primera Instancia en lo Civil y Comercial N\u00b0 5 del Departamento Judicial La Matanza y docente de la UNLaM desde el a\u00f1o 2005, quien fue una figura clave en la gestaci\u00f3n de este acuerdo, comparti\u00f3 su experiencia y brind\u00f3 detalles sobre la importancia de este convenio.<\/p>\n\n\n\n<p>En su testimonio, el juez Sohaner destac\u00f3 la falta de especialistas en el sistema judicial y c\u00f3mo esto afecta la calidad de las pericias. Explic\u00f3 que \u201cen cada departamento judicial, existe una asesor\u00eda pericial con peritos de diversas especialidades. Sin embargo, la limitaci\u00f3n de peritos oficiales al fuero penal y de menores crea una necesidad de recurrir a peritos de lista en casos civiles, comerciales y laborales\u201d. Actualmente, el sistema judicial enfrenta una carencia de peritos especializados en inform\u00e1tica y en varias especialidades m\u00e9dicas.<\/p>\n\n\n\n<p>Como resultado de esta necesidad, el Dr. Sohaner, en colaboraci\u00f3n con el decano del Departamento de Derecho y Ciencia Pol\u00edtica, Dr. Luis Busnelli y el Rector, Dr. Daniel Mart\u00ednez, se embarcaron en un esfuerzo conjunto para formalizar una iniciativa que cuenta con antecedentes positivos. Finalmente, con la colaboraci\u00f3n de la Suprema Corte de Justicia lograron establecer un acuerdo que permite a los profesionales judiciales recurrir a la Universidad cuando se requiere una pericia en un \u00e1rea no cubierta por los peritos de lista de la C\u00e1mara. Este acuerdo brinda una soluci\u00f3n efectiva y especializada a la escasez de peritos en campos espec\u00edficos, mejorando la calidad y eficiencia del sistema judicial.<\/p>\n\n\n\n<p>El primer antecedente que impuls\u00f3 este acuerdo se relaciona con un caso de mala praxis m\u00e9dica en el cual un perito de lista realiz\u00f3 una pericia que posteriormente fue impugnada. Esta situaci\u00f3n gener\u00f3 dudas en el juez sobre la calidad de las pericias de peritos de lista. Como resultado, se decidi\u00f3 buscar apoyo en la UNLaM a trav\u00e9s de la c\u00e1tedra de Medicina Legal, que proporcion\u00f3 una pericia de alta calidad, resolviendo el caso de manera efectiva.<\/p>\n\n\n\n<p>El juez Sohaner subraya que el valor principal de este acuerdo radica en la capacitaci\u00f3n, instrucci\u00f3n y dedicaci\u00f3n de los profesionales de la UNLaM en comparaci\u00f3n con los peritos de lista que pueden estar sobrecargados de trabajo. Adem\u00e1s, menciona la importancia de que los peritos de la Universidad cuenten con un respaldo y prestigio acad\u00e9mico que influye positivamente en la percepci\u00f3n de las pericias por parte de los letrados y las partes involucradas en un caso.<\/p>\n\n\n\n<p>\u201cLa UNLaM, como polo acad\u00e9mico de La Matanza, es reconocida por su excelencia en la formaci\u00f3n de profesionales y se considera una fuente confiable de recursos altamente capacitados\u201d, expres\u00f3 Sohaner.<\/p>\n\n\n\n<p>Para el juez, haber desempe\u00f1ado un papel central en la elaboraci\u00f3n de este acuerdo es motivo de doble satisfacci\u00f3n. \u201cComo docente de la UNLaM, siento un profundo amor y compromiso hacia la instituci\u00f3n, en la que estoy involucrado desde hace muchos a\u00f1os como docente de tres c\u00e1tedras. Como juez, es un orgullo poder contribuir a mejorar el servicio de justicia, aumentar la calidad y agilidad de los procesos judiciales y reducir los tiempos de resoluci\u00f3n de casos\u201d, explic\u00f3.<\/p>\n\n\n\n<p>Este acuerdo representa un paso significativo en la optimizaci\u00f3n del sistema judicial de Buenos Aires, donde antes se tardaban meses en designar peritos, pero ahora, gracias a la colaboraci\u00f3n entre la UNLaM y la Suprema Corte de Justicia, este proceso se ha agilizado enormemente, reduciendo los tiempos de espera a tan solo una semana.<\/p>\n","protected":false},"excerpt":{"rendered":"<p>La Universidad Nacional de La Matanza (UNLaM) y la Suprema Corte de Justicia de la Provincia de Buenos Aires celebraron un acuerdo de colaboraci&oacute;n rec&iacute;proca para fortalecer el sistema judicial de la regi&oacute;n. El convenio, firmado por el Rector de la UNLaM, Dr. Daniel Mart&iacute;nez, y el titular de la Suprema Corte de Justicia de &hellip; <\/p>\n","protected":false},"author":5,"featured_media":8548,"comment_status":"closed","ping_status":"closed","sticky":false,"template":"","format":"standard","meta":{"om_disable_all_campaigns":false,"_joinchat":[]},"categories":[6],"tags":[46,59,43,66],"featured_image_urls":{"full":["https:\/\/infotep.com.ar\/wp-content\/uploads\/2023\/10\/unnamed-3.jpg",832,458,false],"thumbnail":["https:\/\/infotep.com.ar\/wp-content\/uploads\/2023\/10\/unnamed-3-150x150.jpg",150,150,true],"medium":["https:\/\/infotep.com.ar\/wp-content\/uploads\/2023\/10\/unnamed-3-300x165.jpg",300,165,true],"medium_large":["https:\/\/infotep.com.ar\/wp-content\/uploads\/2023\/10\/unnamed-3-768x423.jpg",768,423,true],"large":["https:\/\/infotep.com.ar\/wp-content\/uploads\/2023\/10\/unnamed-3.jpg",832,458,false],"1536x1536":["https:\/\/infotep.com.ar\/wp-content\/uploads\/2023\/10\/unnamed-3.jpg",832,458,false],"2048x2048":["https:\/\/infotep.com.ar\/wp-content\/uploads\/2023\/10\/unnamed-3.jpg",832,458,false],"blossom-feminine-slider":["https:\/\/infotep.com.ar\/wp-content\/uploads\/2023\/10\/unnamed-3.jpg",832,458,false],"blossom-feminine-featured":["https:\/\/infotep.com.ar\/wp-content\/uploads\/2023\/10\/unnamed-3.jpg",832,458,false],"blossom-feminine-with-sidebar":["https:\/\/infotep.com.ar\/wp-content\/uploads\/2023\/10\/unnamed-3.jpg",832,458,false],"blossom-feminine-blog":["https:\/\/infotep.com.ar\/wp-content\/uploads\/2023\/10\/unnamed-3-435x435.jpg",435,435,true],"blossom-feminine-cat":["https:\/\/infotep.com.ar\/wp-content\/uploads\/2023\/10\/unnamed-3-450x300.jpg",450,300,true],"blossom-feminine-related":["https:\/\/infotep.com.ar\/wp-content\/uploads\/2023\/10\/unnamed-3-320x200.jpg",320,200,true],"blossom-feminine-schema":["https:\/\/infotep.com.ar\/wp-content\/uploads\/2023\/10\/unnamed-3-109x60.jpg",109,60,true],"blossom-mommy-blog-slider-big":["https:\/\/infotep.com.ar\/wp-content\/uploads\/2023\/10\/unnamed-3.jpg",832,458,false],"blossom-mommy-blog-slider":["https:\/\/infotep.com.ar\/wp-content\/uploads\/2023\/10\/unnamed-3-460x310.jpg",460,310,true],"blossom-mommy-blog-two":["https:\/\/infotep.com.ar\/wp-content\/uploads\/2023\/10\/unnamed-3-768x458.jpg",768,458,true]},"author_info":{"info":["Angela Tobar"]},"category_info":"<a href=\"https:\/\/infotep.com.ar\/index.php\/category\/universitarias\/\" rel=\"category tag\">Universitarias<\/a>","tag_info":"Universitarias","comment_count":"0","_links":{"self":[{"href":"https:\/\/infotep.com.ar\/index.php\/wp-json\/wp\/v2\/posts\/8547"}],"collection":[{"href":"https:\/\/infotep.com.ar\/index.php\/wp-json\/wp\/v2\/posts"}],"about":[{"href":"https:\/\/infotep.com.ar\/index.php\/wp-json\/wp\/v2\/types\/post"}],"author":[{"embeddable":true,"href":"https:\/\/infotep.com.ar\/index.php\/wp-json\/wp\/v2\/users\/5"}],"replies":[{"embeddable":true,"href":"https:\/\/infotep.com.ar\/index.php\/wp-json\/wp\/v2\/comments?post=8547"}],"version-history":[{"count":1,"href":"https:\/\/infotep.com.ar\/index.php\/wp-json\/wp\/v2\/posts\/8547\/revisions"}],"predecessor-version":[{"id":8549,"href":"https:\/\/infotep.com.ar\/index.php\/wp-json\/wp\/v2\/posts\/8547\/revisions\/8549"}],"wp:featuredmedia":[{"embeddable":true,"href":"https:\/\/infotep.com.ar\/index.php\/wp-json\/wp\/v2\/media\/8548"}],"wp:attachment":[{"href":"https:\/\/infotep.com.ar\/index.php\/wp-json\/wp\/v2\/media?parent=8547"}],"wp:term":[{"taxonomy":"category","embeddable":true,"href":"https:\/\/infotep.com.ar\/index.php\/wp-json\/wp\/v2\/categories?post=8547"},{"taxonomy":"post_tag","embeddable":true,"href":"https:\/\/infotep.com.ar\/index.php\/wp-json\/wp\/v2\/tags?post=8547"}],"curies":[{"name":"wp","href":"https:\/\/api.w.org\/{rel}","templated":true}]}}