{"id":8565,"date":"2023-10-26T13:41:53","date_gmt":"2023-10-26T16:41:53","guid":{"rendered":"https:\/\/infotep.com.ar\/?p=8565"},"modified":"2023-10-26T13:41:54","modified_gmt":"2023-10-26T16:41:54","slug":"llega-el-verano-y-aumenta-la-exposicion-al-sol-que-tipo-de-lunares-hay-que-vigilar","status":"publish","type":"post","link":"https:\/\/infotep.com.ar\/index.php\/2023\/10\/26\/llega-el-verano-y-aumenta-la-exposicion-al-sol-que-tipo-de-lunares-hay-que-vigilar\/","title":{"rendered":"Llega el verano y aumenta la exposici\u00f3n al sol, \u00bfqu\u00e9 tipo de lunares hay que vigilar?"},"content":{"rendered":"\n<p>Asimetr\u00eda, bordes irregulares, varios colores y un di\u00e1metro mayor a 6 mil\u00edmetros son algunas de las caracter\u00edsticas de los lunares que especialistas se\u00f1alan como signos de alerta para sospechar que una lesi\u00f3n puede ser maligna, en tanto desde la Sociedad Argentina de Dermatolog\u00eda (SAD) hacen hincapi\u00e9 en el control anual de los nuevos.<\/p>\n\n\n\n<p>Con la llegada de los calores, los lunares retoman protagonismo y est\u00e1n bajo la lupa. El ascenso de temperaturas obliga a que la piel est\u00e9 m\u00e1s expuesta. \u00bfPor qu\u00e9 es importante el control de los lunares? \u00bfSon indicadores de c\u00e1ncer de piel? \u00bfEn qu\u00e9 caso deben ser extirpados? .<\/p>\n\n\n\n<p>Desde la Sociedad Argentina de Dermatolog\u00eda (SAD), Ana Clara Acosta, coordinadora de la Campa\u00f1a Nacional de Prevenci\u00f3n del C\u00e1ncer de Piel se refiri\u00f3 a la necesidad del control anual de los lunares.<\/p>\n\n\n\n<p>&#8220;Los lunares (o nevos) deben controlarse al menos una vez por a\u00f1o. Hay que tener presente ciertas caracter\u00edsticas que se resumen en el ABCDE que usamos para analizar las lesiones de mayor riesgo: asimetr\u00eda, bordes irregulares, varios colores, di\u00e1metro mayor a 6 mil\u00edmetros (mm) y evoluci\u00f3n o cambios en el tiempo&#8221;, se\u00f1al\u00f3 Acosta en di\u00e1logo con T\u00e9lam-Confiar.<\/p>\n\n\n\n<p>Y continu\u00f3: &#8220;El c\u00e1ncer de piel se presenta de distintas maneras, no solamente los lunares con sus caracter\u00edsticas de sospecha ya descritos, sino otras lesiones nuevas rojo-rosadas, que crecen, pican, se lastiman y no curan. En general se ubican en zonas expuestas al sol cr\u00f3nicamente&#8221;.<\/p>\n\n\n\n<p>En esa l\u00ednea determin\u00f3 que los lunares se extirpan \u00fanicamente ante sospecha de malignidad, no se sacan por &#8220;prevenci\u00f3n&#8221;.<\/p>\n\n\n\n<p>&#8220;La prevenci\u00f3n es cl\u00ednica, haciendo el autocontrol de la piel o en el control que realiza el dermat\u00f3logo. Hay algunos estudios especiales con indicaciones precisas para las personas que tienen muchos lunares o antecedentes de melanoma&#8221;, detall\u00f3.<\/p>\n\n\n\n<p>En ese sentido, agreg\u00f3 que &#8220;todos tenemos nuestra &#8216;carga gen\u00e9tica&#8217; de la cantidad y el tipo de lunares que tenemos en la vida; lo que s\u00ed se modifica es el da\u00f1o gen\u00e9tico que se produce en las pieles no protegidas de los rayos ultravioletas&#8221;.<\/p>\n\n\n\n<p>Respecto al c\u00e1ncer de piel, Acosta enfatiz\u00f3: &#8220;Afecta a cualquier poblaci\u00f3n, algunos tumores relacionados con el tipo de piel (sobre todo los pacientes con piel clara, rubios o pelirrojos y de ojos claros)&#8221;.<\/p>\n\n\n\n<p>&#8220;Las regiones del pa\u00eds est\u00e1n relacionadas con el nivel de radiaci\u00f3n recibida. Algunos c\u00e1nceres de piel pueden provocar la muerte. Si se logra un diagn\u00f3stico precoz, el pron\u00f3stico es mejor&#8221;, asever\u00f3.<\/p>\n\n\n\n<p>Por su parte, Gabriela Gonz\u00e1lez Campos, del Servicio de Dermatolog\u00eda del Hospital Ram\u00f3n Madariaga, profesora en la carrera de Medicina Universidad Cat\u00f3lica de Misiones (Ucami), sostuvo que &#8220;el c\u00e1ncer de piel en general es m\u00e1s frecuente despu\u00e9s de los 40 a\u00f1os; tiempo atr\u00e1s era m\u00e1s prevalente en los hombres, pero con el transcurso de los a\u00f1os se ha visto que aparece cada vez m\u00e1s en gente joven y que se ha equiparado un poquito este riesgo hombre-mujer. La principal causa es la exposici\u00f3n solar prolongada&#8221;.<\/p>\n\n\n\n<p>&#8220;De los tres tipos de c\u00e1ncer de piel m\u00e1s frecuentes que existan, epitelioma basocelular, epitelioma espinocelular y melanoma, el de temer, llam\u00e9mosle as\u00ed, es el melanoma, que es el que tiene la capacidad de dar met\u00e1stasis, esto es, de ir a otros \u00f3rganos y poder producir potencialmente la muerte del paciente&#8221;, se\u00f1al\u00f3.<\/p>\n\n\n\n<p>El melanoma es el c\u00e1ncer de piel que se origina en el melanocito, la c\u00e9lula que tiene la capacidad de producir pigmento en la piel.<\/p>\n\n\n\n<p>&#8220;Se origina en el 80% de los casos en lesiones como lunares nuevos en la piel. En el otro 20% de los casos se puede originar en lunares que uno tenga previamente&#8221;, explic\u00f3 .<\/p>\n\n\n\n<p>En ese marco, a\u00f1adi\u00f3 que, nos obstante, tambi\u00e9n se puede &#8220;tener un lunarcito chiquitito que parezca sim\u00e9trico pero es nuevo y ese ya es una bandera roja por todo lo hablado anteriormente&#8221;.<\/p>\n\n\n\n<p>&#8220;Entonces cualquier lesi\u00f3n pigmentada nueva en la piel, cualquier lunar que yo ya tengo de siempre pero me empieza a dar alg\u00fan tipo de s\u00edntoma o cualquier lunar que re\u00fane estas caracter\u00edsticas es para ser controlado&#8221;, resumi\u00f3.<\/p>\n\n\n\n<p>Gonz\u00e1lez Campos coincidi\u00f3 con su colega De Paulo en la pr\u00e1ctica de extirpar s\u00f3lo previa evaluaci\u00f3n m\u00e9dica.<\/p>\n\n\n\n<p>&#8220;Tampoco debemos pensar que apenas tengo un lunarcito raro me lo saco. Debe ser evaluado por un m\u00e9dico dermat\u00f3logo, debe ser biopsiado con ciertas condiciones para despu\u00e9s poder proceder a su extirpaci\u00f3n haciendo los estudios correspondientes y todo esto implica un conocimiento de c\u00f3mo hacerlo para no quedarnos sin chances de algunos estudios que puedan determinar si este c\u00e1ncer melanoma ha dado alguna met\u00e1stasis&#8221;, determin\u00f3.<\/p>\n\n\n\n<p>Finalmente, entre los factores de riesgo Gonz\u00e1lez Campos se\u00f1al\u00f3 que &#8220;las personas m\u00e1s propensas al c\u00e1ncer de piel son aquellas que tienen una piel clara, ojos claros, que tienen radiaci\u00f3n solar acumulada, vale decir: trabajadores rurales, al aire libre, deportistas, tomadores de sol, aquellas personas que se han expuesto a camas de bronceado artificial que no son otras cosas que camas de radiaci\u00f3n que me duplican el riesgo del c\u00e1ncer de piel a partir de la segunda sesi\u00f3n&#8221;.<\/p>\n\n\n\n<p>&#8220;Tambi\u00e9n -continu\u00f3- aquellas que tienen una inmunodepresi\u00f3n, ya sea que est\u00e1n tomando alguna medicaci\u00f3n que los ponga en esta condici\u00f3n o que tienen cualquier afecci\u00f3n de salud que los deje en esta condici\u00f3n, las personas que tienen m\u00faltiples lunares at\u00edpicos, las personas que ya han tenido un melanoma previo y las personas que tienen antecedentes en su familia de haber tenido melanoma&#8221;.<\/p>\n","protected":false},"excerpt":{"rendered":"<p>Asimetr&iacute;a, bordes irregulares, varios colores y un di&aacute;metro mayor a 6 mil&iacute;metros son algunas de las caracter&iacute;sticas de los lunares que especialistas se&ntilde;alan como signos de alerta para sospechar que una lesi&oacute;n puede ser maligna, en tanto desde la Sociedad Argentina de Dermatolog&iacute;a (SAD) hacen hincapi&eacute; en el control anual de los nuevos. Con la &hellip; <\/p>\n","protected":false},"author":5,"featured_media":1886,"comment_status":"closed","ping_status":"closed","sticky":false,"template":"","format":"standard","meta":{"om_disable_all_campaigns":false,"_joinchat":[]},"categories":[3],"tags":[46,43],"featured_image_urls":{"full":["https:\/\/infotep.com.ar\/wp-content\/uploads\/2022\/10\/Cancer-de-piel.jpg",872,654,false],"thumbnail":["https:\/\/infotep.com.ar\/wp-content\/uploads\/2022\/10\/Cancer-de-piel-150x150.jpg",150,150,true],"medium":["https:\/\/infotep.com.ar\/wp-content\/uploads\/2022\/10\/Cancer-de-piel-300x225.jpg",300,225,true],"medium_large":["https:\/\/infotep.com.ar\/wp-content\/uploads\/2022\/10\/Cancer-de-piel-768x576.jpg",768,576,true],"large":["https:\/\/infotep.com.ar\/wp-content\/uploads\/2022\/10\/Cancer-de-piel.jpg",872,654,false],"1536x1536":["https:\/\/infotep.com.ar\/wp-content\/uploads\/2022\/10\/Cancer-de-piel.jpg",872,654,false],"2048x2048":["https:\/\/infotep.com.ar\/wp-content\/uploads\/2022\/10\/Cancer-de-piel.jpg",872,654,false],"blossom-feminine-slider":["https:\/\/infotep.com.ar\/wp-content\/uploads\/2022\/10\/Cancer-de-piel-872x649.jpg",872,649,true],"blossom-feminine-featured":["https:\/\/infotep.com.ar\/wp-content\/uploads\/2022\/10\/Cancer-de-piel-872x600.jpg",872,600,true],"blossom-feminine-with-sidebar":["https:\/\/infotep.com.ar\/wp-content\/uploads\/2022\/10\/Cancer-de-piel-872x600.jpg",872,600,true],"blossom-feminine-blog":["https:\/\/infotep.com.ar\/wp-content\/uploads\/2022\/10\/Cancer-de-piel-435x435.jpg",435,435,true],"blossom-feminine-cat":["https:\/\/infotep.com.ar\/wp-content\/uploads\/2022\/10\/Cancer-de-piel-450x300.jpg",450,300,true],"blossom-feminine-related":["https:\/\/infotep.com.ar\/wp-content\/uploads\/2022\/10\/Cancer-de-piel-320x200.jpg",320,200,true],"blossom-feminine-schema":["https:\/\/infotep.com.ar\/wp-content\/uploads\/2022\/10\/Cancer-de-piel-80x60.jpg",80,60,true],"blossom-mommy-blog-slider-big":["https:\/\/infotep.com.ar\/wp-content\/uploads\/2022\/10\/Cancer-de-piel-872x650.jpg",872,650,true],"blossom-mommy-blog-slider":["https:\/\/infotep.com.ar\/wp-content\/uploads\/2022\/10\/Cancer-de-piel-460x310.jpg",460,310,true],"blossom-mommy-blog-two":["https:\/\/infotep.com.ar\/wp-content\/uploads\/2022\/10\/Cancer-de-piel-768x480.jpg",768,480,true]},"author_info":{"info":["Angela Tobar"]},"category_info":"<a href=\"https:\/\/infotep.com.ar\/index.php\/category\/nacionales\/\" rel=\"category tag\">Nacionales<\/a>","tag_info":"Nacionales","comment_count":"0","_links":{"self":[{"href":"https:\/\/infotep.com.ar\/index.php\/wp-json\/wp\/v2\/posts\/8565"}],"collection":[{"href":"https:\/\/infotep.com.ar\/index.php\/wp-json\/wp\/v2\/posts"}],"about":[{"href":"https:\/\/infotep.com.ar\/index.php\/wp-json\/wp\/v2\/types\/post"}],"author":[{"embeddable":true,"href":"https:\/\/infotep.com.ar\/index.php\/wp-json\/wp\/v2\/users\/5"}],"replies":[{"embeddable":true,"href":"https:\/\/infotep.com.ar\/index.php\/wp-json\/wp\/v2\/comments?post=8565"}],"version-history":[{"count":1,"href":"https:\/\/infotep.com.ar\/index.php\/wp-json\/wp\/v2\/posts\/8565\/revisions"}],"predecessor-version":[{"id":8566,"href":"https:\/\/infotep.com.ar\/index.php\/wp-json\/wp\/v2\/posts\/8565\/revisions\/8566"}],"wp:featuredmedia":[{"embeddable":true,"href":"https:\/\/infotep.com.ar\/index.php\/wp-json\/wp\/v2\/media\/1886"}],"wp:attachment":[{"href":"https:\/\/infotep.com.ar\/index.php\/wp-json\/wp\/v2\/media?parent=8565"}],"wp:term":[{"taxonomy":"category","embeddable":true,"href":"https:\/\/infotep.com.ar\/index.php\/wp-json\/wp\/v2\/categories?post=8565"},{"taxonomy":"post_tag","embeddable":true,"href":"https:\/\/infotep.com.ar\/index.php\/wp-json\/wp\/v2\/tags?post=8565"}],"curies":[{"name":"wp","href":"https:\/\/api.w.org\/{rel}","templated":true}]}}