{"id":8629,"date":"2023-10-30T13:54:17","date_gmt":"2023-10-30T16:54:17","guid":{"rendered":"https:\/\/infotep.com.ar\/?p=8629"},"modified":"2023-10-30T13:54:18","modified_gmt":"2023-10-30T16:54:18","slug":"taxistas-portenos-lanzaron-campana-ahora-mas-que-nunca-nunca-mas","status":"publish","type":"post","link":"https:\/\/infotep.com.ar\/index.php\/2023\/10\/30\/taxistas-portenos-lanzaron-campana-ahora-mas-que-nunca-nunca-mas\/","title":{"rendered":"Taxistas porte\u00f1os lanzaron campa\u00f1a &#8220;Ahora m\u00e1s que nunca, nunca m\u00e1s&#8221;"},"content":{"rendered":"\n<p>Trabajadores taxistas, nucleados en la Cooperativa Argentina 7 de Mayo, junto a la Asociaci\u00f3n de Taxistas de Capital Federal (ATC), lanzaron hoy la campa\u00f1a denominada &#8220;Ahora m\u00e1s que nunca, Nunca M\u00e1s&#8221;, para promover la &#8220;lucha por Memoria Verdad y Justicia&#8221;, a 40 a\u00f1os de la recuperaci\u00f3n democr\u00e1tica en el pa\u00eds.<\/p>\n\n\n\n<p class=\"has-light-green-cyan-background-color has-background\">&#8220;Hoy es necesario ante personajes negacionistas que reivindican la dictadura militar, seguir movilizados y alertas, ante los que quieren volver al pasado de destrucci\u00f3n de las organizaciones de nuestro pueblo e imponer un sistema de absoluta desigualdad&#8221;, dijo a T\u00e9lam Pablo P\u00e9rez, presidente de la Cooperativa Argentina 7 de Mayo, que nuclea a taxistas porte\u00f1os.<\/p>\n\n\n\n<figure class=\"wp-block-image size-full\"><img decoding=\"async\" loading=\"lazy\" width=\"861\" height=\"475\" src=\"https:\/\/infotep.com.ar\/wp-content\/uploads\/2023\/10\/taxistas-3.png\" alt=\"\" class=\"wp-image-8631\" srcset=\"https:\/\/infotep.com.ar\/wp-content\/uploads\/2023\/10\/taxistas-3.png 861w, https:\/\/infotep.com.ar\/wp-content\/uploads\/2023\/10\/taxistas-3-300x166.png 300w, https:\/\/infotep.com.ar\/wp-content\/uploads\/2023\/10\/taxistas-3-768x424.png 768w, https:\/\/infotep.com.ar\/wp-content\/uploads\/2023\/10\/taxistas-3-109x60.png 109w\" sizes=\"(max-width: 861px) 100vw, 861px\" \/><\/figure>\n\n\n\n<p>P\u00e9rez se\u00f1al\u00f3 que &#8220;como organizaciones gremiales de las y los taxistas nunca olvidaremos que aquellos que fueron c\u00f3mplices de la dictadura son los mismos que hoy ponen en jaque la democracia&#8221;.<\/p>\n\n\n\n<p><strong>La presentaci\u00f3n de la iniciativa &#8220;Ahora m\u00e1s que Nunca, Nunca M\u00e1s&#8221; comenz\u00f3 hoy en todas las unidades de taxis &#8220;para promover la lucha por Memoria Verdad y Justicia&#8221;, remarc\u00f3 el sindicalista.<\/strong><\/p>\n\n\n\n<p>Como parte de la campa\u00f1a, &#8220;fueron colocados en el interior de los veh\u00edculos carteles con un C\u00f3digo QR, alusivos a la defensa de los derechos humanos y a denunciar el genocidio establecido por la dictadura c\u00edvico militar que comenz\u00f3 en la madrugada del 24 de marzo de 1976&#8221;, precis\u00f3.<\/p>\n\n\n\n<p>P\u00e9rez agradeci\u00f3 la &#8220;comunicaci\u00f3n y apoyo&#8221; a la iniciativa de la legisladora porte\u00f1a del Frente de Todos (FdT) Victoria Montenegro y los representantes de distintos organismos de derechos humanos.<\/p>\n","protected":false},"excerpt":{"rendered":"<p>Trabajadores taxistas, nucleados en la Cooperativa Argentina 7 de Mayo, junto a la Asociaci&oacute;n de Taxistas de Capital Federal (ATC), lanzaron hoy la campa&ntilde;a denominada &ldquo;Ahora m&aacute;s que nunca, Nunca M&aacute;s&rdquo;, para promover la &ldquo;lucha por Memoria Verdad y Justicia&rdquo;, a 40 a&ntilde;os de la recuperaci&oacute;n democr&aacute;tica en el pa&iacute;s. &ldquo;Hoy es necesario ante personajes &hellip; <\/p>\n","protected":false},"author":5,"featured_media":8630,"comment_status":"closed","ping_status":"closed","sticky":false,"template":"","format":"standard","meta":{"om_disable_all_campaigns":false,"_joinchat":[]},"categories":[4],"tags":[46,43],"featured_image_urls":{"full":["https:\/\/infotep.com.ar\/wp-content\/uploads\/2023\/10\/386637619_705211588302241_3711174756182791999_n.jpg",720,723,false],"thumbnail":["https:\/\/infotep.com.ar\/wp-content\/uploads\/2023\/10\/386637619_705211588302241_3711174756182791999_n-150x150.jpg",150,150,true],"medium":["https:\/\/infotep.com.ar\/wp-content\/uploads\/2023\/10\/386637619_705211588302241_3711174756182791999_n-300x300.jpg",300,300,true],"medium_large":["https:\/\/infotep.com.ar\/wp-content\/uploads\/2023\/10\/386637619_705211588302241_3711174756182791999_n.jpg",720,723,false],"large":["https:\/\/infotep.com.ar\/wp-content\/uploads\/2023\/10\/386637619_705211588302241_3711174756182791999_n.jpg",720,723,false],"1536x1536":["https:\/\/infotep.com.ar\/wp-content\/uploads\/2023\/10\/386637619_705211588302241_3711174756182791999_n.jpg",720,723,false],"2048x2048":["https:\/\/infotep.com.ar\/wp-content\/uploads\/2023\/10\/386637619_705211588302241_3711174756182791999_n.jpg",720,723,false],"blossom-feminine-slider":["https:\/\/infotep.com.ar\/wp-content\/uploads\/2023\/10\/386637619_705211588302241_3711174756182791999_n-720x649.jpg",720,649,true],"blossom-feminine-featured":["https:\/\/infotep.com.ar\/wp-content\/uploads\/2023\/10\/386637619_705211588302241_3711174756182791999_n-720x600.jpg",720,600,true],"blossom-feminine-with-sidebar":["https:\/\/infotep.com.ar\/wp-content\/uploads\/2023\/10\/386637619_705211588302241_3711174756182791999_n-720x600.jpg",720,600,true],"blossom-feminine-blog":["https:\/\/infotep.com.ar\/wp-content\/uploads\/2023\/10\/386637619_705211588302241_3711174756182791999_n-435x435.jpg",435,435,true],"blossom-feminine-cat":["https:\/\/infotep.com.ar\/wp-content\/uploads\/2023\/10\/386637619_705211588302241_3711174756182791999_n-450x300.jpg",450,300,true],"blossom-feminine-related":["https:\/\/infotep.com.ar\/wp-content\/uploads\/2023\/10\/386637619_705211588302241_3711174756182791999_n-320x200.jpg",320,200,true],"blossom-feminine-schema":["https:\/\/infotep.com.ar\/wp-content\/uploads\/2023\/10\/386637619_705211588302241_3711174756182791999_n-60x60.jpg",60,60,true],"blossom-mommy-blog-slider-big":["https:\/\/infotep.com.ar\/wp-content\/uploads\/2023\/10\/386637619_705211588302241_3711174756182791999_n-720x650.jpg",720,650,true],"blossom-mommy-blog-slider":["https:\/\/infotep.com.ar\/wp-content\/uploads\/2023\/10\/386637619_705211588302241_3711174756182791999_n-460x310.jpg",460,310,true],"blossom-mommy-blog-two":["https:\/\/infotep.com.ar\/wp-content\/uploads\/2023\/10\/386637619_705211588302241_3711174756182791999_n-720x480.jpg",720,480,true]},"author_info":{"info":["Angela Tobar"]},"category_info":"<a href=\"https:\/\/infotep.com.ar\/index.php\/category\/provinciales\/\" rel=\"category tag\">Provinciales<\/a>","tag_info":"Provinciales","comment_count":"0","_links":{"self":[{"href":"https:\/\/infotep.com.ar\/index.php\/wp-json\/wp\/v2\/posts\/8629"}],"collection":[{"href":"https:\/\/infotep.com.ar\/index.php\/wp-json\/wp\/v2\/posts"}],"about":[{"href":"https:\/\/infotep.com.ar\/index.php\/wp-json\/wp\/v2\/types\/post"}],"author":[{"embeddable":true,"href":"https:\/\/infotep.com.ar\/index.php\/wp-json\/wp\/v2\/users\/5"}],"replies":[{"embeddable":true,"href":"https:\/\/infotep.com.ar\/index.php\/wp-json\/wp\/v2\/comments?post=8629"}],"version-history":[{"count":1,"href":"https:\/\/infotep.com.ar\/index.php\/wp-json\/wp\/v2\/posts\/8629\/revisions"}],"predecessor-version":[{"id":8632,"href":"https:\/\/infotep.com.ar\/index.php\/wp-json\/wp\/v2\/posts\/8629\/revisions\/8632"}],"wp:featuredmedia":[{"embeddable":true,"href":"https:\/\/infotep.com.ar\/index.php\/wp-json\/wp\/v2\/media\/8630"}],"wp:attachment":[{"href":"https:\/\/infotep.com.ar\/index.php\/wp-json\/wp\/v2\/media?parent=8629"}],"wp:term":[{"taxonomy":"category","embeddable":true,"href":"https:\/\/infotep.com.ar\/index.php\/wp-json\/wp\/v2\/categories?post=8629"},{"taxonomy":"post_tag","embeddable":true,"href":"https:\/\/infotep.com.ar\/index.php\/wp-json\/wp\/v2\/tags?post=8629"}],"curies":[{"name":"wp","href":"https:\/\/api.w.org\/{rel}","templated":true}]}}