{"id":8636,"date":"2023-10-30T13:59:02","date_gmt":"2023-10-30T16:59:02","guid":{"rendered":"https:\/\/infotep.com.ar\/?p=8636"},"modified":"2023-10-31T19:34:49","modified_gmt":"2023-10-31T22:34:49","slug":"massa-homenajeo-a-alfonsin-y-cuestiono-evaluaciones-sesgadas-e-injustas-sobre-su-figura","status":"publish","type":"post","link":"https:\/\/infotep.com.ar\/index.php\/2023\/10\/30\/massa-homenajeo-a-alfonsin-y-cuestiono-evaluaciones-sesgadas-e-injustas-sobre-su-figura\/","title":{"rendered":"Massa homenaje\u00f3 a Alfons\u00edn y cuestion\u00f3 &#8220;evaluaciones sesgadas e injustas&#8221; sobre su figura"},"content":{"rendered":"\n<p>&#8220;Hoy se cumplen 40 a\u00f1os de las elecciones que nos devolvieron la democracia. Ese d\u00eda las urnas se llenaron de ilusi\u00f3n y esperanza. Nos unimos como sociedad para dejar atr\u00e1s nuestros a\u00f1os m\u00e1s oscuros y construir, entre todos y todas, un futuro mejor&#8221;, se\u00f1al\u00f3 el candidato presidencial.<\/p>\n\n\n\n<p>El ministro de Econom\u00eda y candidato presidencial de Uni\u00f3n por la Patria (UxP), Sergio Massa, rindi\u00f3 homenaje al fallecido exmandatario Ra\u00fal Alfons\u00edn, al cumplirse 40 a\u00f1os de las elecciones que permitieron el regreso a la democracia, y cuestion\u00f3 las &#8220;evaluaciones sesgadas e injustas&#8221; sobre la figura del dirigente radical.<\/p>\n\n\n\n<p>&#8220;Hoy se cumplen 40 a\u00f1os de las elecciones que nos devolvieron la democracia. Ese d\u00eda las urnas se llenaron de ilusi\u00f3n y esperanza. Nos unimos como sociedad para dejar atr\u00e1s nuestros a\u00f1os m\u00e1s oscuros y construir, entre todos y todas, un futuro mejor&#8221;, expres\u00f3 Massa, al referirse a los comicios del 30 de octubre de 1983.<\/p>\n\n\n\n<p>En ese marco, el funcionario y candidato presidencial resalt\u00f3 la figura de Alfons\u00edn &#8220;en tiempos de evaluaciones sesgadas e injustas&#8221; por su &#8220;valent\u00eda, patriotismo y compromiso inquebrantable con nuestra democracia&#8221;.<\/p>\n\n\n\n<p>Massa acompa\u00f1\u00f3 la publicaci\u00f3n con un foto junto al hist\u00f3rico l\u00edder radical.<\/p>\n\n\n\n<p>De esta forma, se sum\u00f3 a dirigentes de todos los partidos pol\u00edticos que resaltaron los 40 a\u00f1os ininterrumpidos de democracia en Argentina al cumplirse un nuevo aniversario del triunfo electoral de Alfons\u00edn, el 30 de octubre de 1983, que puso fin a siete a\u00f1os de dictadura militar en el pa\u00eds<\/p>\n","protected":false},"excerpt":{"rendered":"<p>&ldquo;Hoy se cumplen 40 a&ntilde;os de las elecciones que nos devolvieron la democracia. Ese d&iacute;a las urnas se llenaron de ilusi&oacute;n y esperanza. Nos unimos como sociedad para dejar atr&aacute;s nuestros a&ntilde;os m&aacute;s oscuros y construir, entre todos y todas, un futuro mejor&rdquo;, se&ntilde;al&oacute; el candidato presidencial. El ministro de Econom&iacute;a y candidato presidencial de &hellip; <\/p>\n","protected":false},"author":5,"featured_media":8637,"comment_status":"closed","ping_status":"closed","sticky":false,"template":"","format":"standard","meta":{"om_disable_all_campaigns":false,"_joinchat":[]},"categories":[3],"tags":[46,43],"featured_image_urls":{"full":["https:\/\/infotep.com.ar\/wp-content\/uploads\/2023\/10\/massa-alfonsin.jpg",1200,675,false],"thumbnail":["https:\/\/infotep.com.ar\/wp-content\/uploads\/2023\/10\/massa-alfonsin-150x150.jpg",150,150,true],"medium":["https:\/\/infotep.com.ar\/wp-content\/uploads\/2023\/10\/massa-alfonsin-300x169.jpg",300,169,true],"medium_large":["https:\/\/infotep.com.ar\/wp-content\/uploads\/2023\/10\/massa-alfonsin-768x432.jpg",768,432,true],"large":["https:\/\/infotep.com.ar\/wp-content\/uploads\/2023\/10\/massa-alfonsin-1024x576.jpg",1020,574,true],"1536x1536":["https:\/\/infotep.com.ar\/wp-content\/uploads\/2023\/10\/massa-alfonsin.jpg",1200,675,false],"2048x2048":["https:\/\/infotep.com.ar\/wp-content\/uploads\/2023\/10\/massa-alfonsin.jpg",1200,675,false],"blossom-feminine-slider":["https:\/\/infotep.com.ar\/wp-content\/uploads\/2023\/10\/massa-alfonsin-1200x649.jpg",1200,649,true],"blossom-feminine-featured":["https:\/\/infotep.com.ar\/wp-content\/uploads\/2023\/10\/massa-alfonsin-1200x600.jpg",1200,600,true],"blossom-feminine-with-sidebar":["https:\/\/infotep.com.ar\/wp-content\/uploads\/2023\/10\/massa-alfonsin-1020x600.jpg",1020,600,true],"blossom-feminine-blog":["https:\/\/infotep.com.ar\/wp-content\/uploads\/2023\/10\/massa-alfonsin-435x435.jpg",435,435,true],"blossom-feminine-cat":["https:\/\/infotep.com.ar\/wp-content\/uploads\/2023\/10\/massa-alfonsin-450x300.jpg",450,300,true],"blossom-feminine-related":["https:\/\/infotep.com.ar\/wp-content\/uploads\/2023\/10\/massa-alfonsin-320x200.jpg",320,200,true],"blossom-feminine-schema":["https:\/\/infotep.com.ar\/wp-content\/uploads\/2023\/10\/massa-alfonsin-107x60.jpg",107,60,true],"blossom-mommy-blog-slider-big":["https:\/\/infotep.com.ar\/wp-content\/uploads\/2023\/10\/massa-alfonsin-920x650.jpg",920,650,true],"blossom-mommy-blog-slider":["https:\/\/infotep.com.ar\/wp-content\/uploads\/2023\/10\/massa-alfonsin-460x310.jpg",460,310,true],"blossom-mommy-blog-two":["https:\/\/infotep.com.ar\/wp-content\/uploads\/2023\/10\/massa-alfonsin-768x480.jpg",768,480,true]},"author_info":{"info":["Angela Tobar"]},"category_info":"<a href=\"https:\/\/infotep.com.ar\/index.php\/category\/nacionales\/\" rel=\"category tag\">Nacionales<\/a>","tag_info":"Nacionales","comment_count":"0","_links":{"self":[{"href":"https:\/\/infotep.com.ar\/index.php\/wp-json\/wp\/v2\/posts\/8636"}],"collection":[{"href":"https:\/\/infotep.com.ar\/index.php\/wp-json\/wp\/v2\/posts"}],"about":[{"href":"https:\/\/infotep.com.ar\/index.php\/wp-json\/wp\/v2\/types\/post"}],"author":[{"embeddable":true,"href":"https:\/\/infotep.com.ar\/index.php\/wp-json\/wp\/v2\/users\/5"}],"replies":[{"embeddable":true,"href":"https:\/\/infotep.com.ar\/index.php\/wp-json\/wp\/v2\/comments?post=8636"}],"version-history":[{"count":1,"href":"https:\/\/infotep.com.ar\/index.php\/wp-json\/wp\/v2\/posts\/8636\/revisions"}],"predecessor-version":[{"id":8638,"href":"https:\/\/infotep.com.ar\/index.php\/wp-json\/wp\/v2\/posts\/8636\/revisions\/8638"}],"wp:featuredmedia":[{"embeddable":true,"href":"https:\/\/infotep.com.ar\/index.php\/wp-json\/wp\/v2\/media\/8637"}],"wp:attachment":[{"href":"https:\/\/infotep.com.ar\/index.php\/wp-json\/wp\/v2\/media?parent=8636"}],"wp:term":[{"taxonomy":"category","embeddable":true,"href":"https:\/\/infotep.com.ar\/index.php\/wp-json\/wp\/v2\/categories?post=8636"},{"taxonomy":"post_tag","embeddable":true,"href":"https:\/\/infotep.com.ar\/index.php\/wp-json\/wp\/v2\/tags?post=8636"}],"curies":[{"name":"wp","href":"https:\/\/api.w.org\/{rel}","templated":true}]}}