{"id":8644,"date":"2023-10-30T14:13:28","date_gmt":"2023-10-30T17:13:28","guid":{"rendered":"https:\/\/infotep.com.ar\/?p=8644"},"modified":"2023-10-30T14:13:29","modified_gmt":"2023-10-30T17:13:29","slug":"se-habilito-carga-a-bordo-en-el-amba-la-funcion-que-permite-acreditar-saldo-en-la-sube-desde-el-colectivo","status":"publish","type":"post","link":"https:\/\/infotep.com.ar\/index.php\/2023\/10\/30\/se-habilito-carga-a-bordo-en-el-amba-la-funcion-que-permite-acreditar-saldo-en-la-sube-desde-el-colectivo\/","title":{"rendered":"Se habilit\u00f3 Carga a Bordo en el AMBA, la funci\u00f3n que permite acreditar saldo en la SUBE desde el colectivo"},"content":{"rendered":"\n<p>El ministro de transporte, Diego Giuliano, comunic\u00f3 que esta incorporaci\u00f3n permite lograr que millones de usuarios &#8220;puedan validar la carga directamente en el colectivo&#8221; sin la necesidad de un tel\u00e9fono o de dirigirse a una terminal autom\u00e1tica, lo que genera un &#8220;transporte m\u00e1s \u00e1gil y accesible&#8221;.<\/p>\n\n\n\n<p><strong>Ante el anuncio, confirm\u00f3 que la medida se incorpora en toda la red del AMBA desde este lunes 30 de octubre. Asimismo, se sumar\u00e1n Catamarca y cinco localidades m\u00e1s como Tornquist, Azul, Concepci\u00f3n del Uruguay, Puerto Madryn y Esquel.<\/strong><\/p>\n\n\n\n<p>Junto con la tecnolog\u00eda implementada, las cinco localidades mencionadas tambi\u00e9n comenzar\u00e1n a utilizar tarjeta SUBE lo que ya suma un total de 58 ciudades de todo el pa\u00eds con este sistema.<\/p>\n\n\n\n<p>\u201cLa tarjeta SUBE en el transporte es una innovaci\u00f3n tecnol\u00f3gica y una pol\u00edtica de Estado en la Argentina que sostenemos. Hoy llegamos ya a 58 localidades. La hacemos cada vez m\u00e1s federal para permitir un mejor acceso al transporte urbano de pasajeros tanto en trenes como en colectivos&#8221;, expres\u00f3 Giuliano.<\/p>\n\n\n\n<p>Y agreg\u00f3: \u201cLa queremos llevar a todo el pa\u00eds porque va a ser la herramienta a trav\u00e9s de la cual vamos a transferir y repartir el subsidio al transporte directamente al usuario y no solamente a las empresas como es hasta ahora\u201d.<\/p>\n\n\n\n<p>Con respecto a las provincias que no tienen acceso a Carga a Bordo, informaron que contin\u00faa el sistema de SUBE Digital donde a trav\u00e9s de la app se puede unificar todas las funciones y gestiones, as\u00ed como tambi\u00e9n abonar el boleto del colectivo utilizando el tel\u00e9fono, que deber\u00e1 tener tecnolog\u00eda NFC y sistema Android 8 o superior.<\/p>\n\n\n\n<p><\/p>\n\n\n\n<p><\/p>\n","protected":false},"excerpt":{"rendered":"<p>El ministro de transporte, Diego Giuliano, comunic&oacute; que esta incorporaci&oacute;n permite lograr que millones de usuarios &ldquo;puedan validar la carga directamente en el colectivo&rdquo; sin la necesidad de un tel&eacute;fono o de dirigirse a una terminal autom&aacute;tica, lo que genera un &ldquo;transporte m&aacute;s &aacute;gil y accesible&rdquo;. Ante el anuncio, confirm&oacute; que la medida se incorpora &hellip; <\/p>\n","protected":false},"author":5,"featured_media":7248,"comment_status":"closed","ping_status":"closed","sticky":false,"template":"","format":"standard","meta":{"om_disable_all_campaigns":false,"_joinchat":[]},"categories":[4],"tags":[46,43],"featured_image_urls":{"full":["https:\/\/infotep.com.ar\/wp-content\/uploads\/2023\/09\/sube.jpg",1200,675,false],"thumbnail":["https:\/\/infotep.com.ar\/wp-content\/uploads\/2023\/09\/sube-150x150.jpg",150,150,true],"medium":["https:\/\/infotep.com.ar\/wp-content\/uploads\/2023\/09\/sube-300x169.jpg",300,169,true],"medium_large":["https:\/\/infotep.com.ar\/wp-content\/uploads\/2023\/09\/sube-768x432.jpg",768,432,true],"large":["https:\/\/infotep.com.ar\/wp-content\/uploads\/2023\/09\/sube-1024x576.jpg",1020,574,true],"1536x1536":["https:\/\/infotep.com.ar\/wp-content\/uploads\/2023\/09\/sube.jpg",1200,675,false],"2048x2048":["https:\/\/infotep.com.ar\/wp-content\/uploads\/2023\/09\/sube.jpg",1200,675,false],"blossom-feminine-slider":["https:\/\/infotep.com.ar\/wp-content\/uploads\/2023\/09\/sube-1200x649.jpg",1200,649,true],"blossom-feminine-featured":["https:\/\/infotep.com.ar\/wp-content\/uploads\/2023\/09\/sube-1200x600.jpg",1200,600,true],"blossom-feminine-with-sidebar":["https:\/\/infotep.com.ar\/wp-content\/uploads\/2023\/09\/sube-1020x600.jpg",1020,600,true],"blossom-feminine-blog":["https:\/\/infotep.com.ar\/wp-content\/uploads\/2023\/09\/sube-435x435.jpg",435,435,true],"blossom-feminine-cat":["https:\/\/infotep.com.ar\/wp-content\/uploads\/2023\/09\/sube-450x300.jpg",450,300,true],"blossom-feminine-related":["https:\/\/infotep.com.ar\/wp-content\/uploads\/2023\/09\/sube-320x200.jpg",320,200,true],"blossom-feminine-schema":["https:\/\/infotep.com.ar\/wp-content\/uploads\/2023\/09\/sube-107x60.jpg",107,60,true],"blossom-mommy-blog-slider-big":["https:\/\/infotep.com.ar\/wp-content\/uploads\/2023\/09\/sube-920x650.jpg",920,650,true],"blossom-mommy-blog-slider":["https:\/\/infotep.com.ar\/wp-content\/uploads\/2023\/09\/sube-460x310.jpg",460,310,true],"blossom-mommy-blog-two":["https:\/\/infotep.com.ar\/wp-content\/uploads\/2023\/09\/sube-768x480.jpg",768,480,true]},"author_info":{"info":["Angela Tobar"]},"category_info":"<a href=\"https:\/\/infotep.com.ar\/index.php\/category\/provinciales\/\" rel=\"category tag\">Provinciales<\/a>","tag_info":"Provinciales","comment_count":"0","_links":{"self":[{"href":"https:\/\/infotep.com.ar\/index.php\/wp-json\/wp\/v2\/posts\/8644"}],"collection":[{"href":"https:\/\/infotep.com.ar\/index.php\/wp-json\/wp\/v2\/posts"}],"about":[{"href":"https:\/\/infotep.com.ar\/index.php\/wp-json\/wp\/v2\/types\/post"}],"author":[{"embeddable":true,"href":"https:\/\/infotep.com.ar\/index.php\/wp-json\/wp\/v2\/users\/5"}],"replies":[{"embeddable":true,"href":"https:\/\/infotep.com.ar\/index.php\/wp-json\/wp\/v2\/comments?post=8644"}],"version-history":[{"count":1,"href":"https:\/\/infotep.com.ar\/index.php\/wp-json\/wp\/v2\/posts\/8644\/revisions"}],"predecessor-version":[{"id":8645,"href":"https:\/\/infotep.com.ar\/index.php\/wp-json\/wp\/v2\/posts\/8644\/revisions\/8645"}],"wp:featuredmedia":[{"embeddable":true,"href":"https:\/\/infotep.com.ar\/index.php\/wp-json\/wp\/v2\/media\/7248"}],"wp:attachment":[{"href":"https:\/\/infotep.com.ar\/index.php\/wp-json\/wp\/v2\/media?parent=8644"}],"wp:term":[{"taxonomy":"category","embeddable":true,"href":"https:\/\/infotep.com.ar\/index.php\/wp-json\/wp\/v2\/categories?post=8644"},{"taxonomy":"post_tag","embeddable":true,"href":"https:\/\/infotep.com.ar\/index.php\/wp-json\/wp\/v2\/tags?post=8644"}],"curies":[{"name":"wp","href":"https:\/\/api.w.org\/{rel}","templated":true}]}}