{"id":8646,"date":"2023-10-30T14:22:56","date_gmt":"2023-10-30T17:22:56","guid":{"rendered":"https:\/\/infotep.com.ar\/?p=8646"},"modified":"2023-10-30T14:22:57","modified_gmt":"2023-10-30T17:22:57","slug":"kicillof-prometio-reorganizar-el-gobierno-tras-el-escandalo-de-insaurralde","status":"publish","type":"post","link":"https:\/\/infotep.com.ar\/index.php\/2023\/10\/30\/kicillof-prometio-reorganizar-el-gobierno-tras-el-escandalo-de-insaurralde\/","title":{"rendered":"Kicillof prometi\u00f3 &#8220;reorganizar el Gobierno&#8221; tras el esc\u00e1ndalo de Insaurralde"},"content":{"rendered":"\n<p>El gobernador de Buenos Aires, Axel Kicillof, volvi\u00f3 a hablar del esc\u00e1ndalo de su exjefe de Gabinete Mart\u00edn Insaurralde y prometi\u00f3 que reorganizar\u00e1 el Gobierno.<\/p>\n\n\n\n<p>Lo hizo luego de ganar la elecci\u00f3n y tras la filtraci\u00f3n de las im\u00e1genes de quien supo ser su funcionario en plenas vacaciones en Marbella junto a la modelo Sof\u00eda Clerici.<\/p>\n\n\n\n<p>\u201cEn el Gobierno no va a haber Jefatura de Gabinete, ni quienes desempe\u00f1an los cargos. Vamos a reorganizar el Gobierno, pero hay muchas cosas m\u00e1s que impactan en c\u00f3mo reorganizarlo, que depende tambi\u00e9n de lo que pase a nivel nacional&#8221;, expres\u00f3 el mandatario, y aclar\u00f3: &#8220;Si gana o no Sergio Massa&#8221;.<\/p>\n\n\n\n<p>En declaraciones a Canal 9, agreg\u00f3: \u201cNo s\u00e9 qu\u00e9 efecto tuvo lo de Insaurralde en la elecci\u00f3n, porque la realidad y la intencionalidad del voto tiene que ver con muchos condimentos, que tiene que ver con la econom\u00eda y con la gesti\u00f3n que hizo la provincia de Buenos Aires\u201d.<\/p>\n\n\n\n<p>Tras la pol\u00e9mica, Kicillof asegur\u00f3 que &#8220;no estaba al tanto del viaje&#8221; y que se enter\u00f3 por redes sociales. El mismo fin de semana de la filtraci\u00f3n, le acept\u00f3 a Insaurralde la renuncia.<\/p>\n\n\n\n<p>\u201cNo sab\u00eda que estaba en un yate y eso no es compatible con mi Gobierno\u201d, supo se\u00f1alar al tiempo que admiti\u00f3 enojo por la situaci\u00f3n.<\/p>\n","protected":false},"excerpt":{"rendered":"<p>El gobernador de Buenos Aires, Axel Kicillof, volvi&oacute; a hablar del esc&aacute;ndalo de su exjefe de Gabinete Mart&iacute;n Insaurralde y prometi&oacute; que reorganizar&aacute; el Gobierno. Lo hizo luego de ganar la elecci&oacute;n y tras la filtraci&oacute;n de las im&aacute;genes de quien supo ser su funcionario en plenas vacaciones en Marbella junto a la modelo Sof&iacute;a &hellip; <\/p>\n","protected":false},"author":5,"featured_media":4336,"comment_status":"closed","ping_status":"closed","sticky":false,"template":"","format":"standard","meta":{"om_disable_all_campaigns":false,"_joinchat":[]},"categories":[4],"tags":[46,43],"featured_image_urls":{"full":["https:\/\/infotep.com.ar\/wp-content\/uploads\/2023\/03\/kicillof-1.jpg",1920,1200,false],"thumbnail":["https:\/\/infotep.com.ar\/wp-content\/uploads\/2023\/03\/kicillof-1-150x150.jpg",150,150,true],"medium":["https:\/\/infotep.com.ar\/wp-content\/uploads\/2023\/03\/kicillof-1-300x188.jpg",300,188,true],"medium_large":["https:\/\/infotep.com.ar\/wp-content\/uploads\/2023\/03\/kicillof-1-768x480.jpg",768,480,true],"large":["https:\/\/infotep.com.ar\/wp-content\/uploads\/2023\/03\/kicillof-1-1024x640.jpg",1020,638,true],"1536x1536":["https:\/\/infotep.com.ar\/wp-content\/uploads\/2023\/03\/kicillof-1-1536x960.jpg",1536,960,true],"2048x2048":["https:\/\/infotep.com.ar\/wp-content\/uploads\/2023\/03\/kicillof-1.jpg",1920,1200,false],"blossom-feminine-slider":["https:\/\/infotep.com.ar\/wp-content\/uploads\/2023\/03\/kicillof-1-1920x649.jpg",1920,649,true],"blossom-feminine-featured":["https:\/\/infotep.com.ar\/wp-content\/uploads\/2023\/03\/kicillof-1-1410x600.jpg",1410,600,true],"blossom-feminine-with-sidebar":["https:\/\/infotep.com.ar\/wp-content\/uploads\/2023\/03\/kicillof-1-1020x600.jpg",1020,600,true],"blossom-feminine-blog":["https:\/\/infotep.com.ar\/wp-content\/uploads\/2023\/03\/kicillof-1-435x435.jpg",435,435,true],"blossom-feminine-cat":["https:\/\/infotep.com.ar\/wp-content\/uploads\/2023\/03\/kicillof-1-450x300.jpg",450,300,true],"blossom-feminine-related":["https:\/\/infotep.com.ar\/wp-content\/uploads\/2023\/03\/kicillof-1-320x200.jpg",320,200,true],"blossom-feminine-schema":["https:\/\/infotep.com.ar\/wp-content\/uploads\/2023\/03\/kicillof-1-96x60.jpg",96,60,true],"blossom-mommy-blog-slider-big":["https:\/\/infotep.com.ar\/wp-content\/uploads\/2023\/03\/kicillof-1-920x650.jpg",920,650,true],"blossom-mommy-blog-slider":["https:\/\/infotep.com.ar\/wp-content\/uploads\/2023\/03\/kicillof-1-460x310.jpg",460,310,true],"blossom-mommy-blog-two":["https:\/\/infotep.com.ar\/wp-content\/uploads\/2023\/03\/kicillof-1-768x480.jpg",768,480,true]},"author_info":{"info":["Angela Tobar"]},"category_info":"<a href=\"https:\/\/infotep.com.ar\/index.php\/category\/provinciales\/\" rel=\"category tag\">Provinciales<\/a>","tag_info":"Provinciales","comment_count":"0","_links":{"self":[{"href":"https:\/\/infotep.com.ar\/index.php\/wp-json\/wp\/v2\/posts\/8646"}],"collection":[{"href":"https:\/\/infotep.com.ar\/index.php\/wp-json\/wp\/v2\/posts"}],"about":[{"href":"https:\/\/infotep.com.ar\/index.php\/wp-json\/wp\/v2\/types\/post"}],"author":[{"embeddable":true,"href":"https:\/\/infotep.com.ar\/index.php\/wp-json\/wp\/v2\/users\/5"}],"replies":[{"embeddable":true,"href":"https:\/\/infotep.com.ar\/index.php\/wp-json\/wp\/v2\/comments?post=8646"}],"version-history":[{"count":1,"href":"https:\/\/infotep.com.ar\/index.php\/wp-json\/wp\/v2\/posts\/8646\/revisions"}],"predecessor-version":[{"id":8647,"href":"https:\/\/infotep.com.ar\/index.php\/wp-json\/wp\/v2\/posts\/8646\/revisions\/8647"}],"wp:featuredmedia":[{"embeddable":true,"href":"https:\/\/infotep.com.ar\/index.php\/wp-json\/wp\/v2\/media\/4336"}],"wp:attachment":[{"href":"https:\/\/infotep.com.ar\/index.php\/wp-json\/wp\/v2\/media?parent=8646"}],"wp:term":[{"taxonomy":"category","embeddable":true,"href":"https:\/\/infotep.com.ar\/index.php\/wp-json\/wp\/v2\/categories?post=8646"},{"taxonomy":"post_tag","embeddable":true,"href":"https:\/\/infotep.com.ar\/index.php\/wp-json\/wp\/v2\/tags?post=8646"}],"curies":[{"name":"wp","href":"https:\/\/api.w.org\/{rel}","templated":true}]}}