{"id":8680,"date":"2023-10-31T19:12:32","date_gmt":"2023-10-31T22:12:32","guid":{"rendered":"https:\/\/infotep.com.ar\/?p=8680"},"modified":"2023-10-31T19:12:33","modified_gmt":"2023-10-31T22:12:33","slug":"crecio-la-provision-de-nafta-hubo-que-pegarle-al-chancho-para-que-apareciera-el-dueno","status":"publish","type":"post","link":"https:\/\/infotep.com.ar\/index.php\/2023\/10\/31\/crecio-la-provision-de-nafta-hubo-que-pegarle-al-chancho-para-que-apareciera-el-dueno\/","title":{"rendered":"Creci\u00f3 la provisi\u00f3n de nafta: &#8220;Hubo que pegarle al chancho para que apareciera el due\u00f1o&#8221;"},"content":{"rendered":"\n<p>Al comunicado de la confederaci\u00f3n que nuclea a las estaciones de servicio, sobre la inminente normalizaci\u00f3n del abastecimiento, se sum\u00f3 el an\u00e1lisis del titular de Catheda, Guillermo Pereyra, con la iniciativa de las petroleras de presentar un plan al gobierno para superar la situaci\u00f3n.<\/p>\n\n\n\n<p>Los estacioneros nucleados en la Confederaci\u00f3n de Entidades del Comercio de Hidrocarburos y Afines (Cecha) aseguraron que hubo &#8220;un incremento&#8221; en la provisi\u00f3n de combustibles y que si el abastecimiento contin\u00faa en los vol\u00famenes comprometidos, la situaci\u00f3n &#8220;podr\u00e1 regularizarse durante la presente semana&#8221;<\/p>\n\n\n\n<p>En un comunicado, Cecha se refiri\u00f3 al &#8220;Plan de Acci\u00f3n para normalizar el abastecimiento interno&#8221; que las petroleras dieran a conocer, y se\u00f1al\u00f3 al respecto que &#8220;se viene produciendo un incremento en la provisi\u00f3n de combustibles, en los t\u00e9rminos indicados&#8221;.<\/p>\n\n\n\n<p>&#8220;De disponerse en forma continua, con los vol\u00famenes comprometidos, el ritmo de llenado de tanques de nuestras estaciones de servicio, podr\u00e1 regularizarse durante la presente semana, situaci\u00f3n que ya comenz\u00f3 a ser palpable en los grandes centros urbanos&#8221;, agreg\u00f3.<\/p>\n\n\n\n<p>Por \u00faltimo, la entidad remarc\u00f3 la importancia de &#8220;transmitirles tranquilidad&#8221; a los usuarios &#8220;a los efectos de evitar un estr\u00e9s operativo&#8221; en los puestos de venta y que &#8220;la situaci\u00f3n de abastecimiento tiende a revertirse en forma acelerada&#8221;.<\/p>\n\n\n\n<p>El titular de la Confederaci\u00f3n Argentina de Trabajadores y Empleados de los Hidrocarburos, Energ\u00eda, Combustibles, Derivados y Afines (Catheda), Guillermo Pereyra, expres\u00f3 este martes que &#8220;hab\u00eda que pegarle al chancho para que apareciera el due\u00f1o&#8221; en referencia al plazo puesto por el ministro de Econom\u00eda y candidato presidencial de Uni\u00f3n por la Patria, Sergio Massa, para que las petroleras normalizaran el abastecimiento de combustible y la advertencia de que, en caso contrario, se suspender\u00edan las exportaciones.<\/p>\n\n\n\n<p>&#8220;Las petroleras le presentaron un plan al gobierno y aseguraron que el abastecimiento se est\u00e1 normalizando. Eso demuestra que hab\u00eda que pegarle al chancho para que apareciera el due\u00f1o&#8221;, se\u00f1al\u00f3 Pereyra en declaraciones formuladas a El Destape Radio.<\/p>\n\n\n\n<p>En ese marco, acus\u00f3 a las empresas petroleras de hacer &#8220;una jugada para desabastecer el mercado interno en un per\u00edodo electoral&#8221;.<\/p>\n\n\n\n<p>&#8220;Lo entiendo como una extorsi\u00f3n que le est\u00e1n haciendo a Sergio Massa para que se desregularice el precio del combustible. Me parece muy bien la medida que se ha tomado de limitar las exportaciones hasta que se satisfaga la demanda en el mercado interno&#8221;, opin\u00f3 el titular de Catheda.<\/p>\n\n\n\n<p>En ese sentido, el sindicalista explic\u00f3 que &#8220;el denominado barril criollo&#8221;, que consiste en un precio diferencial para el petr\u00f3leo que se vende en el mercado interno, se paga cerca de 56 d\u00f3lares, cuando &#8220;en el mercado internacional cuesta 80 d\u00f3lares&#8221;<\/p>\n\n\n\n<p>&#8220;Por eso, a las empresas no les convine vender el barril al mercado interno; les conviene exportarlo y es lo que est\u00e1n haciendo. Deben girar al exterior el excedente de la producci\u00f3n local. Est\u00e1n tomando como rehenes a todo el pueblo para sacar alg\u00fan tipo de ventaja&#8221;, sostuvo.<\/p>\n","protected":false},"excerpt":{"rendered":"<p>Al comunicado de la confederaci&oacute;n que nuclea a las estaciones de servicio, sobre la inminente normalizaci&oacute;n del abastecimiento, se sum&oacute; el an&aacute;lisis del titular de Catheda, Guillermo Pereyra, con la iniciativa de las petroleras de presentar un plan al gobierno para superar la situaci&oacute;n. Los estacioneros nucleados en la Confederaci&oacute;n de Entidades del Comercio de &hellip; <\/p>\n","protected":false},"author":5,"featured_media":8681,"comment_status":"closed","ping_status":"closed","sticky":false,"template":"","format":"standard","meta":{"om_disable_all_campaigns":false,"_joinchat":[]},"categories":[3],"tags":[46,43],"featured_image_urls":{"full":["https:\/\/infotep.com.ar\/wp-content\/uploads\/2023\/10\/nafta.jpg",1200,675,false],"thumbnail":["https:\/\/infotep.com.ar\/wp-content\/uploads\/2023\/10\/nafta-150x150.jpg",150,150,true],"medium":["https:\/\/infotep.com.ar\/wp-content\/uploads\/2023\/10\/nafta-300x169.jpg",300,169,true],"medium_large":["https:\/\/infotep.com.ar\/wp-content\/uploads\/2023\/10\/nafta-768x432.jpg",768,432,true],"large":["https:\/\/infotep.com.ar\/wp-content\/uploads\/2023\/10\/nafta-1024x576.jpg",1020,574,true],"1536x1536":["https:\/\/infotep.com.ar\/wp-content\/uploads\/2023\/10\/nafta.jpg",1200,675,false],"2048x2048":["https:\/\/infotep.com.ar\/wp-content\/uploads\/2023\/10\/nafta.jpg",1200,675,false],"blossom-feminine-slider":["https:\/\/infotep.com.ar\/wp-content\/uploads\/2023\/10\/nafta-1200x649.jpg",1200,649,true],"blossom-feminine-featured":["https:\/\/infotep.com.ar\/wp-content\/uploads\/2023\/10\/nafta-1200x600.jpg",1200,600,true],"blossom-feminine-with-sidebar":["https:\/\/infotep.com.ar\/wp-content\/uploads\/2023\/10\/nafta-1020x600.jpg",1020,600,true],"blossom-feminine-blog":["https:\/\/infotep.com.ar\/wp-content\/uploads\/2023\/10\/nafta-435x435.jpg",435,435,true],"blossom-feminine-cat":["https:\/\/infotep.com.ar\/wp-content\/uploads\/2023\/10\/nafta-450x300.jpg",450,300,true],"blossom-feminine-related":["https:\/\/infotep.com.ar\/wp-content\/uploads\/2023\/10\/nafta-320x200.jpg",320,200,true],"blossom-feminine-schema":["https:\/\/infotep.com.ar\/wp-content\/uploads\/2023\/10\/nafta-107x60.jpg",107,60,true],"blossom-mommy-blog-slider-big":["https:\/\/infotep.com.ar\/wp-content\/uploads\/2023\/10\/nafta-920x650.jpg",920,650,true],"blossom-mommy-blog-slider":["https:\/\/infotep.com.ar\/wp-content\/uploads\/2023\/10\/nafta-460x310.jpg",460,310,true],"blossom-mommy-blog-two":["https:\/\/infotep.com.ar\/wp-content\/uploads\/2023\/10\/nafta-768x480.jpg",768,480,true]},"author_info":{"info":["Angela Tobar"]},"category_info":"<a href=\"https:\/\/infotep.com.ar\/index.php\/category\/nacionales\/\" rel=\"category tag\">Nacionales<\/a>","tag_info":"Nacionales","comment_count":"0","_links":{"self":[{"href":"https:\/\/infotep.com.ar\/index.php\/wp-json\/wp\/v2\/posts\/8680"}],"collection":[{"href":"https:\/\/infotep.com.ar\/index.php\/wp-json\/wp\/v2\/posts"}],"about":[{"href":"https:\/\/infotep.com.ar\/index.php\/wp-json\/wp\/v2\/types\/post"}],"author":[{"embeddable":true,"href":"https:\/\/infotep.com.ar\/index.php\/wp-json\/wp\/v2\/users\/5"}],"replies":[{"embeddable":true,"href":"https:\/\/infotep.com.ar\/index.php\/wp-json\/wp\/v2\/comments?post=8680"}],"version-history":[{"count":1,"href":"https:\/\/infotep.com.ar\/index.php\/wp-json\/wp\/v2\/posts\/8680\/revisions"}],"predecessor-version":[{"id":8682,"href":"https:\/\/infotep.com.ar\/index.php\/wp-json\/wp\/v2\/posts\/8680\/revisions\/8682"}],"wp:featuredmedia":[{"embeddable":true,"href":"https:\/\/infotep.com.ar\/index.php\/wp-json\/wp\/v2\/media\/8681"}],"wp:attachment":[{"href":"https:\/\/infotep.com.ar\/index.php\/wp-json\/wp\/v2\/media?parent=8680"}],"wp:term":[{"taxonomy":"category","embeddable":true,"href":"https:\/\/infotep.com.ar\/index.php\/wp-json\/wp\/v2\/categories?post=8680"},{"taxonomy":"post_tag","embeddable":true,"href":"https:\/\/infotep.com.ar\/index.php\/wp-json\/wp\/v2\/tags?post=8680"}],"curies":[{"name":"wp","href":"https:\/\/api.w.org\/{rel}","templated":true}]}}