{"id":8811,"date":"2023-11-05T15:29:47","date_gmt":"2023-11-05T18:29:47","guid":{"rendered":"https:\/\/infotep.com.ar\/?p=8811"},"modified":"2023-11-05T15:29:47","modified_gmt":"2023-11-05T18:29:47","slug":"milei-retomo-su-campana-de-cara-al-balotaje-recorrio-el-palomar-y-san-isidro","status":"publish","type":"post","link":"https:\/\/infotep.com.ar\/index.php\/2023\/11\/05\/milei-retomo-su-campana-de-cara-al-balotaje-recorrio-el-palomar-y-san-isidro\/","title":{"rendered":"Milei retom\u00f3 su campa\u00f1a de cara al balotaje: recorri\u00f3 El Palomar y San Isidro"},"content":{"rendered":"\n<p>En el marco del denominado \u201cTour de la libertad\u201d, el candidato de La Libertad Avanza recorri\u00f3 las localidades bonaerenses de San Isidro y El Palomar a 15 d\u00edas de las elecciones.<br><\/p>\n\n\n\n<p>El candidato presidencial de La Libertad Avanza, Javier Milei, retom\u00f3 este s\u00e1bado su actividad proselitista de cara al balotaje con una caminata por San Isidro y una caravana que finaliz\u00f3 en la localidad de El Palomar, partido de Tres de Febrero.<\/p>\n\n\n\n<p>En el marco del \u201cTour de la libertad\u201d, durante el acto de cierre de la recorrida, Milei habl\u00f3 de dos modelos de pa\u00eds. &#8220;Lo que est\u00e1 en juego en esta elecci\u00f3n es la continuidad de este modelo de la decadencia, el modelo de la casta que consiste en inflaci\u00f3n, desabastecimiento y privilegios para los amigos, o terminar con la decadencia&#8221;, declar\u00f3 Milei a pesar de unirse con el espacio pol\u00edtico de Juntos por el cambio y llevar referentes que participaron activamente para destruir el tejido productivo del pa\u00eds.<\/p>\n\n\n\n<p>En esa l\u00ednea, el candidato libertario aprovech\u00f3 para dejar definiciones sobre su rival en la segunda vuelta cuando, en un pasaje de su discurso, afirm\u00f3: &#8220;Massa es el candidato del status quo. Es el candidato de la continuidad&#8221;.<\/p>\n\n\n\n<p>Por otra parte, Milei alert\u00f3 que nuestro pa\u00eds se encuentra en una \u201ccrisis hist\u00f3rica\u201d a ra\u00edz de la \u201cfiesta populista\u201d. \u201cHoy lleg\u00f3 el momento de pagar la factura. La discusi\u00f3n es qui\u00e9n paga la fiesta: la pagan los argentinos de bien o la pagan los amigos de Massa, o sea la pol\u00edtica, los empresarios prebendarios, los sindigarcas, entre muchos otros&#8221;, sostuvo el candidato que segur\u00f3 que &#8220;su plan de gobierno lleva m\u00e1s ajuste que el que pide el FMI&#8221;. &#8220;Soy el \u00fanico candidato que gan\u00f3 diciendo que va a ajustar sobre los trabajadores&#8221;, asegur\u00f3 en declaraciones pre elecciones generales.<\/p>\n\n\n\n<p>En la recorrida y la caravana que llev\u00f3 a cabo el candidato liberal estuvieron presentes su compa\u00f1era de f\u00f3rmula, Victoria Villarruel, la diputada nacional, Carolina P\u00edparo, el legislador de la ciudad de Buenos Aires, Ramiro Marra, la diputada bonaerense electa, Marcela Pagano y la jefa de campa\u00f1a del espacio, Karina Milei.<\/p>\n\n\n\n<p>En tanto, Villarruel se manifest\u00f3 hoy respecto de las discrepancias en el discurso con el ex presidente Mauricio Macri que se dieron en los \u00faltimos d\u00edas y asegur\u00f3 que encaran &#8220;una lucha en com\u00fan&#8221; de cara al balotaje contra el postulante de Uni\u00f3n por la Patria, Sergio Massa, aunque remarc\u00f3 que &#8220;est\u00e1 claro que la f\u00f3rmula es (Javier) Milei-Villarruel&#8221;.<\/p>\n\n\n\n<p>&#8220;Somos dos espacios que ahora encaramos de cara al 19 de noviembre una lucha en com\u00fan. Lo que nos espera por delante es Massa, que tiene todo el aparato del Estado&#8221;, sostuvo la diputada nacional.<\/p>\n\n\n\n<p>En declaraciones radiales, la libertaria indic\u00f3 que &#8220;puede haber alg\u00fan tipo de diferencias o cuestiones que desde lo discursivo puedan ser diferentes&#8221;.<\/p>\n","protected":false},"excerpt":{"rendered":"<p>En el marco del denominado &ldquo;Tour de la libertad&rdquo;, el candidato de La Libertad Avanza recorri&oacute; las localidades bonaerenses de San Isidro y El Palomar a 15 d&iacute;as de las elecciones. El candidato presidencial de La Libertad Avanza, Javier Milei, retom&oacute; este s&aacute;bado su actividad proselitista de cara al balotaje con una caminata por San &hellip; <\/p>\n","protected":false},"author":5,"featured_media":8812,"comment_status":"closed","ping_status":"closed","sticky":false,"template":"","format":"standard","meta":{"om_disable_all_campaigns":false,"_joinchat":[]},"categories":[9,4],"tags":[46,43],"featured_image_urls":{"full":["https:\/\/infotep.com.ar\/wp-content\/uploads\/2023\/11\/WhatsApp-Image-2023-11-05-at-15.29.25.jpeg",564,414,false],"thumbnail":["https:\/\/infotep.com.ar\/wp-content\/uploads\/2023\/11\/WhatsApp-Image-2023-11-05-at-15.29.25-150x150.jpeg",150,150,true],"medium":["https:\/\/infotep.com.ar\/wp-content\/uploads\/2023\/11\/WhatsApp-Image-2023-11-05-at-15.29.25-300x220.jpeg",300,220,true],"medium_large":["https:\/\/infotep.com.ar\/wp-content\/uploads\/2023\/11\/WhatsApp-Image-2023-11-05-at-15.29.25.jpeg",564,414,false],"large":["https:\/\/infotep.com.ar\/wp-content\/uploads\/2023\/11\/WhatsApp-Image-2023-11-05-at-15.29.25.jpeg",564,414,false],"1536x1536":["https:\/\/infotep.com.ar\/wp-content\/uploads\/2023\/11\/WhatsApp-Image-2023-11-05-at-15.29.25.jpeg",564,414,false],"2048x2048":["https:\/\/infotep.com.ar\/wp-content\/uploads\/2023\/11\/WhatsApp-Image-2023-11-05-at-15.29.25.jpeg",564,414,false],"blossom-feminine-slider":["https:\/\/infotep.com.ar\/wp-content\/uploads\/2023\/11\/WhatsApp-Image-2023-11-05-at-15.29.25.jpeg",564,414,false],"blossom-feminine-featured":["https:\/\/infotep.com.ar\/wp-content\/uploads\/2023\/11\/WhatsApp-Image-2023-11-05-at-15.29.25.jpeg",564,414,false],"blossom-feminine-with-sidebar":["https:\/\/infotep.com.ar\/wp-content\/uploads\/2023\/11\/WhatsApp-Image-2023-11-05-at-15.29.25.jpeg",564,414,false],"blossom-feminine-blog":["https:\/\/infotep.com.ar\/wp-content\/uploads\/2023\/11\/WhatsApp-Image-2023-11-05-at-15.29.25-435x414.jpeg",435,414,true],"blossom-feminine-cat":["https:\/\/infotep.com.ar\/wp-content\/uploads\/2023\/11\/WhatsApp-Image-2023-11-05-at-15.29.25-450x300.jpeg",450,300,true],"blossom-feminine-related":["https:\/\/infotep.com.ar\/wp-content\/uploads\/2023\/11\/WhatsApp-Image-2023-11-05-at-15.29.25-320x200.jpeg",320,200,true],"blossom-feminine-schema":["https:\/\/infotep.com.ar\/wp-content\/uploads\/2023\/11\/WhatsApp-Image-2023-11-05-at-15.29.25-82x60.jpeg",82,60,true],"blossom-mommy-blog-slider-big":["https:\/\/infotep.com.ar\/wp-content\/uploads\/2023\/11\/WhatsApp-Image-2023-11-05-at-15.29.25.jpeg",564,414,false],"blossom-mommy-blog-slider":["https:\/\/infotep.com.ar\/wp-content\/uploads\/2023\/11\/WhatsApp-Image-2023-11-05-at-15.29.25-460x310.jpeg",460,310,true],"blossom-mommy-blog-two":["https:\/\/infotep.com.ar\/wp-content\/uploads\/2023\/11\/WhatsApp-Image-2023-11-05-at-15.29.25.jpeg",564,414,false]},"author_info":{"info":["Angela Tobar"]},"category_info":"<a href=\"https:\/\/infotep.com.ar\/index.php\/category\/municipales\/moron\/\" rel=\"category tag\">Mor\u00f3n<\/a> <a href=\"https:\/\/infotep.com.ar\/index.php\/category\/provinciales\/\" rel=\"category tag\">Provinciales<\/a>","tag_info":"Provinciales","comment_count":"0","_links":{"self":[{"href":"https:\/\/infotep.com.ar\/index.php\/wp-json\/wp\/v2\/posts\/8811"}],"collection":[{"href":"https:\/\/infotep.com.ar\/index.php\/wp-json\/wp\/v2\/posts"}],"about":[{"href":"https:\/\/infotep.com.ar\/index.php\/wp-json\/wp\/v2\/types\/post"}],"author":[{"embeddable":true,"href":"https:\/\/infotep.com.ar\/index.php\/wp-json\/wp\/v2\/users\/5"}],"replies":[{"embeddable":true,"href":"https:\/\/infotep.com.ar\/index.php\/wp-json\/wp\/v2\/comments?post=8811"}],"version-history":[{"count":1,"href":"https:\/\/infotep.com.ar\/index.php\/wp-json\/wp\/v2\/posts\/8811\/revisions"}],"predecessor-version":[{"id":8813,"href":"https:\/\/infotep.com.ar\/index.php\/wp-json\/wp\/v2\/posts\/8811\/revisions\/8813"}],"wp:featuredmedia":[{"embeddable":true,"href":"https:\/\/infotep.com.ar\/index.php\/wp-json\/wp\/v2\/media\/8812"}],"wp:attachment":[{"href":"https:\/\/infotep.com.ar\/index.php\/wp-json\/wp\/v2\/media?parent=8811"}],"wp:term":[{"taxonomy":"category","embeddable":true,"href":"https:\/\/infotep.com.ar\/index.php\/wp-json\/wp\/v2\/categories?post=8811"},{"taxonomy":"post_tag","embeddable":true,"href":"https:\/\/infotep.com.ar\/index.php\/wp-json\/wp\/v2\/tags?post=8811"}],"curies":[{"name":"wp","href":"https:\/\/api.w.org\/{rel}","templated":true}]}}