{"id":8828,"date":"2023-11-06T02:04:00","date_gmt":"2023-11-06T05:04:00","guid":{"rendered":"https:\/\/infotep.com.ar\/?p=8828"},"modified":"2023-11-06T14:05:55","modified_gmt":"2023-11-06T17:05:55","slug":"la-matanza-militancia-de-la-agrupacion-fe-y-esperanza-recordo-a-toto-delgado","status":"publish","type":"post","link":"https:\/\/infotep.com.ar\/index.php\/2023\/11\/06\/la-matanza-militancia-de-la-agrupacion-fe-y-esperanza-recordo-a-toto-delgado\/","title":{"rendered":"La Matanza: militancia de la Agrupaci\u00f3n Fe y Esperanza record\u00f3 a \u201cToto\u201d Delgado"},"content":{"rendered":"\n<p>El \u00faltimo s\u00e1bado 4 de noviembre, se conmemor\u00f3 el 37\u00ba aniversario de la Agrupaci\u00f3n Fe y Esperanza, fundada ese mismo d\u00eda de 1986 por Abraham &#8220;Toto&#8221; Delgado, en coincidencia con el d\u00eda de su natalicio. Este fue el primer acto recordatorio que la militancia de ese sector organiza tras la repentina partida del dirigente, ocurrida el 11 de febrero de este 2023.<br><br>Con ese doble motivo, la celebraci\u00f3n del aniversario del nacimiento de ese espacio pol\u00edtico y social (una de las agrupaciones m\u00e1s antiguas dentro del espectro pol\u00edtico matancero) y el recuerdo al militante y dirigente matancero, que oportunamente fuera Subsecretario de Deportes Municipal y ocupara durante cuatro per\u00edodos una banca en el Honorable Concejo Deliberante, tuvo matices de festejo, nostalgia y emoci\u00f3n.<br><br>Encabez\u00f3 el encuentro Pablo, hijo y sucesor de \u201cToto\u201d Delgado y actual titular de la agrupaci\u00f3n, que hizo un par\u00e9ntesis en \u201cla ardua tarea de campa\u00f1a que viene llevando a cabo en este a\u00f1o, donde se definen los destinos del municipio, la provincia y la naci\u00f3n\u201d.<\/p>\n\n\n\n<figure class=\"wp-block-image size-full\"><img decoding=\"async\" loading=\"lazy\" width=\"720\" height=\"405\" src=\"https:\/\/infotep.com.ar\/wp-content\/uploads\/2023\/11\/55ea77cd-7942-4506-906d-a322135edcb0.jpg\" alt=\"\" class=\"wp-image-8830\" srcset=\"https:\/\/infotep.com.ar\/wp-content\/uploads\/2023\/11\/55ea77cd-7942-4506-906d-a322135edcb0.jpg 720w, https:\/\/infotep.com.ar\/wp-content\/uploads\/2023\/11\/55ea77cd-7942-4506-906d-a322135edcb0-300x169.jpg 300w, https:\/\/infotep.com.ar\/wp-content\/uploads\/2023\/11\/55ea77cd-7942-4506-906d-a322135edcb0-107x60.jpg 107w\" sizes=\"(max-width: 720px) 100vw, 720px\" \/><\/figure>\n\n\n\n<p><br><br>En su discurso, el dirigente se mostr\u00f3 \u201cfeliz por los triunfos obtenidos por Fernando Espinoza en el distrito, Axel Kicillof y Ver\u00f3nica Magario en la Provincia\u201d y acot\u00f3: \u201cAhora es momento de reafirmar la victoria obtenida por Uni\u00f3n por la Patria para que el compa\u00f1ero Sergio Massa sea el pr\u00f3ximo presidente de todos los argentinos\u201d.<br><br>En esa l\u00ednea refiri\u00f3 que \u201ccon ese principal objetivo, quienes integramos este espacio pol\u00edtico, seguimos haciendo honor a los lineamientos marcados por mi pap\u00e1 \u2018Toto\u2019, nuestro conductor, enarbolando el amor como bandera y militando hasta que duela, siempre al lado y en defensa de los intereses del pueblo matancero y de la patria\u201d.<\/p>\n\n\n\n<p><br>Finalmente, Pablo Delgado a\u00f1adi\u00f3: \u201cQueremos agradecer a las compa\u00f1eras y los compa\u00f1eros \u00c1ngel Aisa, Nico Natale, Norma Acosta, Silvio Selvestrelli y Griselda Alarc\u00f3n; a los referentes del Subcomando Casanova Centro M\u00f3nica Noguer y a los representantes de las agrupaciones Ram\u00f3n Carrillo, Enrique Santo Disc\u00e9polo, Juventud Peronista La Matanza, Defendiendo la Cr\u00eda y a diferentes representantes de ONG que estuvieron presentes en este d\u00eda tan especial para nosotros\u201d.<br><\/p>\n","protected":false},"excerpt":{"rendered":"<p>El &uacute;ltimo s&aacute;bado 4 de noviembre, se conmemor&oacute; el 37&ordm; aniversario de la Agrupaci&oacute;n Fe y Esperanza, fundada ese mismo d&iacute;a de 1986 por Abraham &ldquo;Toto&rdquo; Delgado, en coincidencia con el d&iacute;a de su natalicio. Este fue el primer acto recordatorio que la militancia de ese sector organiza tras la repentina partida del dirigente, ocurrida &hellip; <\/p>\n","protected":false},"author":5,"featured_media":8829,"comment_status":"closed","ping_status":"closed","sticky":false,"template":"","format":"standard","meta":{"om_disable_all_campaigns":false,"_joinchat":[]},"categories":[26],"tags":[46,59,43],"featured_image_urls":{"full":["https:\/\/infotep.com.ar\/wp-content\/uploads\/2023\/11\/558cf3b8-e486-490c-9b50-f392525002e8.jpg",720,510,false],"thumbnail":["https:\/\/infotep.com.ar\/wp-content\/uploads\/2023\/11\/558cf3b8-e486-490c-9b50-f392525002e8-150x150.jpg",150,150,true],"medium":["https:\/\/infotep.com.ar\/wp-content\/uploads\/2023\/11\/558cf3b8-e486-490c-9b50-f392525002e8-300x213.jpg",300,213,true],"medium_large":["https:\/\/infotep.com.ar\/wp-content\/uploads\/2023\/11\/558cf3b8-e486-490c-9b50-f392525002e8.jpg",720,510,false],"large":["https:\/\/infotep.com.ar\/wp-content\/uploads\/2023\/11\/558cf3b8-e486-490c-9b50-f392525002e8.jpg",720,510,false],"1536x1536":["https:\/\/infotep.com.ar\/wp-content\/uploads\/2023\/11\/558cf3b8-e486-490c-9b50-f392525002e8.jpg",720,510,false],"2048x2048":["https:\/\/infotep.com.ar\/wp-content\/uploads\/2023\/11\/558cf3b8-e486-490c-9b50-f392525002e8.jpg",720,510,false],"blossom-feminine-slider":["https:\/\/infotep.com.ar\/wp-content\/uploads\/2023\/11\/558cf3b8-e486-490c-9b50-f392525002e8.jpg",720,510,false],"blossom-feminine-featured":["https:\/\/infotep.com.ar\/wp-content\/uploads\/2023\/11\/558cf3b8-e486-490c-9b50-f392525002e8.jpg",720,510,false],"blossom-feminine-with-sidebar":["https:\/\/infotep.com.ar\/wp-content\/uploads\/2023\/11\/558cf3b8-e486-490c-9b50-f392525002e8.jpg",720,510,false],"blossom-feminine-blog":["https:\/\/infotep.com.ar\/wp-content\/uploads\/2023\/11\/558cf3b8-e486-490c-9b50-f392525002e8-435x435.jpg",435,435,true],"blossom-feminine-cat":["https:\/\/infotep.com.ar\/wp-content\/uploads\/2023\/11\/558cf3b8-e486-490c-9b50-f392525002e8-450x300.jpg",450,300,true],"blossom-feminine-related":["https:\/\/infotep.com.ar\/wp-content\/uploads\/2023\/11\/558cf3b8-e486-490c-9b50-f392525002e8-320x200.jpg",320,200,true],"blossom-feminine-schema":["https:\/\/infotep.com.ar\/wp-content\/uploads\/2023\/11\/558cf3b8-e486-490c-9b50-f392525002e8-85x60.jpg",85,60,true],"blossom-mommy-blog-slider-big":["https:\/\/infotep.com.ar\/wp-content\/uploads\/2023\/11\/558cf3b8-e486-490c-9b50-f392525002e8.jpg",720,510,false],"blossom-mommy-blog-slider":["https:\/\/infotep.com.ar\/wp-content\/uploads\/2023\/11\/558cf3b8-e486-490c-9b50-f392525002e8-460x310.jpg",460,310,true],"blossom-mommy-blog-two":["https:\/\/infotep.com.ar\/wp-content\/uploads\/2023\/11\/558cf3b8-e486-490c-9b50-f392525002e8-720x480.jpg",720,480,true]},"author_info":{"info":["Angela Tobar"]},"category_info":"<a href=\"https:\/\/infotep.com.ar\/index.php\/category\/municipales\/la-matanza\/\" rel=\"category tag\">La Matanza<\/a>","tag_info":"La Matanza","comment_count":"0","_links":{"self":[{"href":"https:\/\/infotep.com.ar\/index.php\/wp-json\/wp\/v2\/posts\/8828"}],"collection":[{"href":"https:\/\/infotep.com.ar\/index.php\/wp-json\/wp\/v2\/posts"}],"about":[{"href":"https:\/\/infotep.com.ar\/index.php\/wp-json\/wp\/v2\/types\/post"}],"author":[{"embeddable":true,"href":"https:\/\/infotep.com.ar\/index.php\/wp-json\/wp\/v2\/users\/5"}],"replies":[{"embeddable":true,"href":"https:\/\/infotep.com.ar\/index.php\/wp-json\/wp\/v2\/comments?post=8828"}],"version-history":[{"count":1,"href":"https:\/\/infotep.com.ar\/index.php\/wp-json\/wp\/v2\/posts\/8828\/revisions"}],"predecessor-version":[{"id":8831,"href":"https:\/\/infotep.com.ar\/index.php\/wp-json\/wp\/v2\/posts\/8828\/revisions\/8831"}],"wp:featuredmedia":[{"embeddable":true,"href":"https:\/\/infotep.com.ar\/index.php\/wp-json\/wp\/v2\/media\/8829"}],"wp:attachment":[{"href":"https:\/\/infotep.com.ar\/index.php\/wp-json\/wp\/v2\/media?parent=8828"}],"wp:term":[{"taxonomy":"category","embeddable":true,"href":"https:\/\/infotep.com.ar\/index.php\/wp-json\/wp\/v2\/categories?post=8828"},{"taxonomy":"post_tag","embeddable":true,"href":"https:\/\/infotep.com.ar\/index.php\/wp-json\/wp\/v2\/tags?post=8828"}],"curies":[{"name":"wp","href":"https:\/\/api.w.org\/{rel}","templated":true}]}}