{"id":8919,"date":"2023-11-08T23:19:26","date_gmt":"2023-11-09T02:19:26","guid":{"rendered":"https:\/\/infotep.com.ar\/?p=8919"},"modified":"2023-11-08T23:19:27","modified_gmt":"2023-11-09T02:19:27","slug":"nos-vamos-a-presentar-en-la-justicia-dijo-giuliano-tras-las-amenazas-de-bomba-en-trenes","status":"publish","type":"post","link":"https:\/\/infotep.com.ar\/index.php\/2023\/11\/08\/nos-vamos-a-presentar-en-la-justicia-dijo-giuliano-tras-las-amenazas-de-bomba-en-trenes\/","title":{"rendered":"&#8220;Nos vamos a presentar en la Justicia&#8221;, dijo Giuliano tras las amenazas de bomba en trenes"},"content":{"rendered":"\n<p>&#8220;Est\u00e1n recurriendo a viejas pr\u00e1cticas utilizadas para interrumpir el servicio y dejar a pie a cientos de miles de trabajadores y trabajadoras, estudiantes, jubilados, gente que necesita ir al m\u00e9dico o a ver a su familia y necesitan moverse&#8221;, dijo el ministro de Transporte.<\/p>\n\n\n\n<p>El ministro de Transporte, Diego Giuliano, afirm\u00f3 que desde su cartera recurrir\u00e1n a la Justicia &#8220;para que se conozca a los responsables&#8221; de las amenazas de bomba an\u00f3nimas que generaron demoras en los servicios de las l\u00edneas de ferrocarriles Sarmiento, Roca y Mitre, al tiempo que apunt\u00f3 que con estas pr\u00e1cticas &#8220;est\u00e1n buscando generar malestar y caos y es una provocaci\u00f3n&#8221;.<\/p>\n\n\n\n<p>Giuliano se refiri\u00f3 en estos t\u00e9rminos a las amenazas de bomba an\u00f3nimas recibidas, tras un encuentro que mantuvo con los secretarios generales de la Uni\u00f3n Ferroviaria, Sergio Sasia, y del Sindicato de Conductores de Trenes La Fraternidad, Omar Maturano; y el titular de la Uni\u00f3n Tranviaria Automotor (UTA), Roberto Fern\u00e1ndez.<\/p>\n\n\n\n<p class=\"has-light-green-cyan-background-color has-background\">&#8220;Est\u00e1n recurriendo a viejas pr\u00e1cticas utilizadas para interrumpir el servicio y dejar a pie a cientos de miles de trabajadores y trabajadoras, estudiantes, jubilados, gente que necesita ir al m\u00e9dico o a ver a su familia y necesitan moverse&#8221;, afirm\u00f3 Giuliano, seg\u00fan un comunicado del Ministerio de Transporte.<\/p>\n\n\n\n<p>En esta l\u00ednea, remarc\u00f3 que &#8220;est\u00e1n buscando generar malestar y caos&#8221; y calific\u00f3 a esta acci\u00f3n como &#8220;una provocaci\u00f3n&#8221;.<\/p>\n\n\n\n<p>&#8220;Es una provocaci\u00f3n que no vamos a permitir; vamos a encontrar a los responsables y llegar hasta las \u00faltimas consecuencias&#8221;, advirti\u00f3.<\/p>\n\n\n\n<p>&#8220;Estas amenazas nos hacen recordar a los tiempos m\u00e1s oscuros, intentando generar un clima de miedo, y acompa\u00f1ada con una campa\u00f1a basada en noticias falsas en Internet que buscan confundir a la poblaci\u00f3n&#8221;, asever\u00f3 el funcionario.<\/p>\n\n\n\n<p>En tal sentido, anunci\u00f3: &#8220;Nos vamos a presentar en la Justicia desde el Ministerio para que se conozcan los responsables de generar este clima&#8221;.<\/p>\n\n\n\n<p>Los representantes de los sectores sindicales presentes coincidieron en la preocupaci\u00f3n y le plantearon a Giuliano la necesidad de que se esclarezca el asunto, indic\u00f3 la cartera transportista.<\/p>\n\n\n\n<p>La reuni\u00f3n se desarroll\u00f3 con motivo de que se recibieron al 911 amenazas de bomba an\u00f3nimas que generaron demoras y cancelaciones en las l\u00edneas ferroviarias Sarmiento, Roca y Mitre.<\/p>\n","protected":false},"excerpt":{"rendered":"<p>&ldquo;Est&aacute;n recurriendo a viejas pr&aacute;cticas utilizadas para interrumpir el servicio y dejar a pie a cientos de miles de trabajadores y trabajadoras, estudiantes, jubilados, gente que necesita ir al m&eacute;dico o a ver a su familia y necesitan moverse&rdquo;, dijo el ministro de Transporte. El ministro de Transporte, Diego Giuliano, afirm&oacute; que desde su cartera &hellip; <\/p>\n","protected":false},"author":5,"featured_media":8920,"comment_status":"closed","ping_status":"closed","sticky":false,"template":"","format":"standard","meta":{"om_disable_all_campaigns":false,"_joinchat":[]},"categories":[9,4],"tags":[46,43],"featured_image_urls":{"full":["https:\/\/infotep.com.ar\/wp-content\/uploads\/2023\/11\/trenes-once.jpg",1200,675,false],"thumbnail":["https:\/\/infotep.com.ar\/wp-content\/uploads\/2023\/11\/trenes-once-150x150.jpg",150,150,true],"medium":["https:\/\/infotep.com.ar\/wp-content\/uploads\/2023\/11\/trenes-once-300x169.jpg",300,169,true],"medium_large":["https:\/\/infotep.com.ar\/wp-content\/uploads\/2023\/11\/trenes-once-768x432.jpg",768,432,true],"large":["https:\/\/infotep.com.ar\/wp-content\/uploads\/2023\/11\/trenes-once-1024x576.jpg",1020,574,true],"1536x1536":["https:\/\/infotep.com.ar\/wp-content\/uploads\/2023\/11\/trenes-once.jpg",1200,675,false],"2048x2048":["https:\/\/infotep.com.ar\/wp-content\/uploads\/2023\/11\/trenes-once.jpg",1200,675,false],"blossom-feminine-slider":["https:\/\/infotep.com.ar\/wp-content\/uploads\/2023\/11\/trenes-once-1200x649.jpg",1200,649,true],"blossom-feminine-featured":["https:\/\/infotep.com.ar\/wp-content\/uploads\/2023\/11\/trenes-once-1200x600.jpg",1200,600,true],"blossom-feminine-with-sidebar":["https:\/\/infotep.com.ar\/wp-content\/uploads\/2023\/11\/trenes-once-1020x600.jpg",1020,600,true],"blossom-feminine-blog":["https:\/\/infotep.com.ar\/wp-content\/uploads\/2023\/11\/trenes-once-435x435.jpg",435,435,true],"blossom-feminine-cat":["https:\/\/infotep.com.ar\/wp-content\/uploads\/2023\/11\/trenes-once-450x300.jpg",450,300,true],"blossom-feminine-related":["https:\/\/infotep.com.ar\/wp-content\/uploads\/2023\/11\/trenes-once-320x200.jpg",320,200,true],"blossom-feminine-schema":["https:\/\/infotep.com.ar\/wp-content\/uploads\/2023\/11\/trenes-once-107x60.jpg",107,60,true],"blossom-mommy-blog-slider-big":["https:\/\/infotep.com.ar\/wp-content\/uploads\/2023\/11\/trenes-once-920x650.jpg",920,650,true],"blossom-mommy-blog-slider":["https:\/\/infotep.com.ar\/wp-content\/uploads\/2023\/11\/trenes-once-460x310.jpg",460,310,true],"blossom-mommy-blog-two":["https:\/\/infotep.com.ar\/wp-content\/uploads\/2023\/11\/trenes-once-768x480.jpg",768,480,true]},"author_info":{"info":["Angela Tobar"]},"category_info":"<a href=\"https:\/\/infotep.com.ar\/index.php\/category\/municipales\/moron\/\" rel=\"category tag\">Mor\u00f3n<\/a> <a href=\"https:\/\/infotep.com.ar\/index.php\/category\/provinciales\/\" rel=\"category tag\">Provinciales<\/a>","tag_info":"Provinciales","comment_count":"0","_links":{"self":[{"href":"https:\/\/infotep.com.ar\/index.php\/wp-json\/wp\/v2\/posts\/8919"}],"collection":[{"href":"https:\/\/infotep.com.ar\/index.php\/wp-json\/wp\/v2\/posts"}],"about":[{"href":"https:\/\/infotep.com.ar\/index.php\/wp-json\/wp\/v2\/types\/post"}],"author":[{"embeddable":true,"href":"https:\/\/infotep.com.ar\/index.php\/wp-json\/wp\/v2\/users\/5"}],"replies":[{"embeddable":true,"href":"https:\/\/infotep.com.ar\/index.php\/wp-json\/wp\/v2\/comments?post=8919"}],"version-history":[{"count":1,"href":"https:\/\/infotep.com.ar\/index.php\/wp-json\/wp\/v2\/posts\/8919\/revisions"}],"predecessor-version":[{"id":8921,"href":"https:\/\/infotep.com.ar\/index.php\/wp-json\/wp\/v2\/posts\/8919\/revisions\/8921"}],"wp:featuredmedia":[{"embeddable":true,"href":"https:\/\/infotep.com.ar\/index.php\/wp-json\/wp\/v2\/media\/8920"}],"wp:attachment":[{"href":"https:\/\/infotep.com.ar\/index.php\/wp-json\/wp\/v2\/media?parent=8919"}],"wp:term":[{"taxonomy":"category","embeddable":true,"href":"https:\/\/infotep.com.ar\/index.php\/wp-json\/wp\/v2\/categories?post=8919"},{"taxonomy":"post_tag","embeddable":true,"href":"https:\/\/infotep.com.ar\/index.php\/wp-json\/wp\/v2\/tags?post=8919"}],"curies":[{"name":"wp","href":"https:\/\/api.w.org\/{rel}","templated":true}]}}