{"id":9019,"date":"2023-11-13T14:58:45","date_gmt":"2023-11-13T17:58:45","guid":{"rendered":"https:\/\/infotep.com.ar\/?p=9019"},"modified":"2023-11-14T15:36:44","modified_gmt":"2023-11-14T18:36:44","slug":"el-segundo-detenido-por-el-ataque-a-golpes-a-lautaro-alvaredo-se-nego-a-declarar","status":"publish","type":"post","link":"https:\/\/infotep.com.ar\/index.php\/2023\/11\/13\/el-segundo-detenido-por-el-ataque-a-golpes-a-lautaro-alvaredo-se-nego-a-declarar\/","title":{"rendered":"El segundo detenido por el ataque a golpes a Lautaro Alvaredo se neg\u00f3 a declarar"},"content":{"rendered":"\n<p>Ian Noguera (19), imputado por participar en la golpiza del joven a la salida de un boliche de Gregorio de Laferrere y provocarle muerte cerebral, se entreg\u00f3 el s\u00e1bado en la seccional 1ra. de esa localidad, donde no quiso brindar su testimonio ante el fiscal.<\/p>\n\n\n\n<p>El segundo detenido por el ataque a Lautaro Alvaredo, quien se encuentra internado con muerte cerebral tras ser agredido a golpes el lunes pasado a la salida de un boliche de la localidad bonaerense de Gregorio de Laferrere, se neg\u00f3 a declarar ante el fiscal de la causa, mientras que los investigadores procuran identificar a un tercer sospechoso, informaron este domingo fuentes judiciales.<\/p>\n\n\n\n<p>Se trata de Ian Noguera (19), quien se present\u00f3 el s\u00e1bado \u00faltimo junto a su familia en la seccional 1ra. de dicha localidad fue indagado ese mismo d\u00eda por el fiscal Mat\u00edas Folino, de la Unidad Funcional de Instrucci\u00f3n (UFI) Tem\u00e1tica de Homicidios del Departamento Judicial de La Matanza.<\/p>\n\n\n\n<p>Seg\u00fan indicaron fuentes judiciales, el detenido se neg\u00f3 a declarar al ser indagado como coautor del delito de &#8220;homicidio agravado por alevos\u00eda y por el concurso premeditado de tres o m\u00e1s personas&#8221;.<\/p>\n\n\n\n<p>En tanto, los investigadores contin\u00faan trabajando con miras de identificar a la tercera persona que est\u00e1 sindicada como agresora, expres\u00f3 una fuente de la investigaci\u00f3n.<\/p>\n\n\n\n<p>En el marco de la causa en la que se investiga la golpiza sufrida por Lautaro Diego Alvaredo, hay dos detenidos, el primero fue un joven identificado como Fabricio Rom\u00e1n Stella (18), quien qued\u00f3 aprehendido luego de que su padre y un abogado lo entregaran en una comisar\u00eda de la localidad de Gregorio de Laferrere.<\/p>\n\n\n\n<p>Las fuentes judiciales dijeron que Stella qued\u00f3 detenido y acusado, en principio, como coautor del homicidio, ya que, seg\u00fan testigos e im\u00e1genes tomadas por una c\u00e1mara de seguridad, ser\u00eda uno de los j\u00f3venes que golpe\u00f3 a Lautaro antes de que cayera al suelo y fuera pateado en la cabeza.<\/p>\n\n\n\n<p>El hecho ocurri\u00f3 cuando Lautaro y sus amigos fueron al boliche &#8220;Cyrux&#8221;, situado en avenida Luro y Pedro Obligado, de Laferrere, en la noche del pasado domingo.<\/p>\n\n\n\n<p>De acuerdo a lo establecido hasta el momento, en el local bailable se gener\u00f3 una pelea entre el grupo en el que estaba Lautaro y otros j\u00f3venes, que se traslad\u00f3 a una plaza ubicada a cien metros.<\/p>\n\n\n\n<p>En un momento de la pelea, que involucraba a varios j\u00f3venes, Lautaro cay\u00f3 al piso, donde recibi\u00f3 fuertes golpes en la cabeza hasta quedar inconsciente.<\/p>\n\n\n\n<p>Uno de los amigos que estaba con la v\u00edctima al momento de la pelea declar\u00f3 que el hecho se inici\u00f3 cuando un joven se enfrent\u00f3 a golpes de pu\u00f1o con uno los integrantes de su grupo porque le hab\u00edan roto los lentes adentro del boliche.<\/p>\n\n\n\n<p>Por tal motivo, el personal de seguridad del local decidi\u00f3 expulsar a todos los que hab\u00edan participado de la pelea.<\/p>\n\n\n\n<p>La salida de la v\u00edctima y sus amigos del boliche qued\u00f3 registrada por una c\u00e1mara de seguridad del mismo boliche y hasta ese momento no se hab\u00edan visto hechos de violencia.<\/p>\n\n\n\n<p>Sin embargo, Lautaro y sus amigos caminaron hacia la Plaza Ej\u00e9rcito de los Andes, ubicada a menos de 100 metros del local bailable, y all\u00ed fueron atacados a golpes.<\/p>\n\n\n\n<p>Lautaro sigue internado en la Cl\u00ednica Mariano Moreno, de Moreno, con muerte cerebral.<\/p>\n","protected":false},"excerpt":{"rendered":"<p>Ian Noguera (19), imputado por participar en la golpiza del joven a la salida de un boliche de Gregorio de Laferrere y provocarle muerte cerebral, se entreg&oacute; el s&aacute;bado en la seccional 1ra. de esa localidad, donde no quiso brindar su testimonio ante el fiscal. El segundo detenido por el ataque a Lautaro Alvaredo, quien &hellip; <\/p>\n","protected":false},"author":5,"featured_media":9020,"comment_status":"closed","ping_status":"closed","sticky":false,"template":"","format":"standard","meta":{"om_disable_all_campaigns":false,"_joinchat":[]},"categories":[26],"tags":[46,59,43],"featured_image_urls":{"full":["https:\/\/infotep.com.ar\/wp-content\/uploads\/2023\/11\/654f986daea36_1200.jpg",1200,674,false],"thumbnail":["https:\/\/infotep.com.ar\/wp-content\/uploads\/2023\/11\/654f986daea36_1200-150x150.jpg",150,150,true],"medium":["https:\/\/infotep.com.ar\/wp-content\/uploads\/2023\/11\/654f986daea36_1200-300x169.jpg",300,169,true],"medium_large":["https:\/\/infotep.com.ar\/wp-content\/uploads\/2023\/11\/654f986daea36_1200-768x431.jpg",768,431,true],"large":["https:\/\/infotep.com.ar\/wp-content\/uploads\/2023\/11\/654f986daea36_1200-1024x575.jpg",1020,573,true],"1536x1536":["https:\/\/infotep.com.ar\/wp-content\/uploads\/2023\/11\/654f986daea36_1200.jpg",1200,674,false],"2048x2048":["https:\/\/infotep.com.ar\/wp-content\/uploads\/2023\/11\/654f986daea36_1200.jpg",1200,674,false],"blossom-feminine-slider":["https:\/\/infotep.com.ar\/wp-content\/uploads\/2023\/11\/654f986daea36_1200-1200x649.jpg",1200,649,true],"blossom-feminine-featured":["https:\/\/infotep.com.ar\/wp-content\/uploads\/2023\/11\/654f986daea36_1200-1200x600.jpg",1200,600,true],"blossom-feminine-with-sidebar":["https:\/\/infotep.com.ar\/wp-content\/uploads\/2023\/11\/654f986daea36_1200-1020x600.jpg",1020,600,true],"blossom-feminine-blog":["https:\/\/infotep.com.ar\/wp-content\/uploads\/2023\/11\/654f986daea36_1200-435x435.jpg",435,435,true],"blossom-feminine-cat":["https:\/\/infotep.com.ar\/wp-content\/uploads\/2023\/11\/654f986daea36_1200-450x300.jpg",450,300,true],"blossom-feminine-related":["https:\/\/infotep.com.ar\/wp-content\/uploads\/2023\/11\/654f986daea36_1200-320x200.jpg",320,200,true],"blossom-feminine-schema":["https:\/\/infotep.com.ar\/wp-content\/uploads\/2023\/11\/654f986daea36_1200-107x60.jpg",107,60,true],"blossom-mommy-blog-slider-big":["https:\/\/infotep.com.ar\/wp-content\/uploads\/2023\/11\/654f986daea36_1200-920x650.jpg",920,650,true],"blossom-mommy-blog-slider":["https:\/\/infotep.com.ar\/wp-content\/uploads\/2023\/11\/654f986daea36_1200-460x310.jpg",460,310,true],"blossom-mommy-blog-two":["https:\/\/infotep.com.ar\/wp-content\/uploads\/2023\/11\/654f986daea36_1200-768x480.jpg",768,480,true]},"author_info":{"info":["Angela Tobar"]},"category_info":"<a href=\"https:\/\/infotep.com.ar\/index.php\/category\/municipales\/la-matanza\/\" rel=\"category tag\">La Matanza<\/a>","tag_info":"La Matanza","comment_count":"0","_links":{"self":[{"href":"https:\/\/infotep.com.ar\/index.php\/wp-json\/wp\/v2\/posts\/9019"}],"collection":[{"href":"https:\/\/infotep.com.ar\/index.php\/wp-json\/wp\/v2\/posts"}],"about":[{"href":"https:\/\/infotep.com.ar\/index.php\/wp-json\/wp\/v2\/types\/post"}],"author":[{"embeddable":true,"href":"https:\/\/infotep.com.ar\/index.php\/wp-json\/wp\/v2\/users\/5"}],"replies":[{"embeddable":true,"href":"https:\/\/infotep.com.ar\/index.php\/wp-json\/wp\/v2\/comments?post=9019"}],"version-history":[{"count":1,"href":"https:\/\/infotep.com.ar\/index.php\/wp-json\/wp\/v2\/posts\/9019\/revisions"}],"predecessor-version":[{"id":9021,"href":"https:\/\/infotep.com.ar\/index.php\/wp-json\/wp\/v2\/posts\/9019\/revisions\/9021"}],"wp:featuredmedia":[{"embeddable":true,"href":"https:\/\/infotep.com.ar\/index.php\/wp-json\/wp\/v2\/media\/9020"}],"wp:attachment":[{"href":"https:\/\/infotep.com.ar\/index.php\/wp-json\/wp\/v2\/media?parent=9019"}],"wp:term":[{"taxonomy":"category","embeddable":true,"href":"https:\/\/infotep.com.ar\/index.php\/wp-json\/wp\/v2\/categories?post=9019"},{"taxonomy":"post_tag","embeddable":true,"href":"https:\/\/infotep.com.ar\/index.php\/wp-json\/wp\/v2\/tags?post=9019"}],"curies":[{"name":"wp","href":"https:\/\/api.w.org\/{rel}","templated":true}]}}