{"id":9141,"date":"2023-11-16T14:24:39","date_gmt":"2023-11-16T17:24:39","guid":{"rendered":"https:\/\/infotep.com.ar\/?p=9141"},"modified":"2023-11-16T14:24:39","modified_gmt":"2023-11-16T17:24:39","slug":"la-provincia-entrego-el-kit-no-20-000-del-programa-qunita-bonaerense","status":"publish","type":"post","link":"https:\/\/infotep.com.ar\/index.php\/2023\/11\/16\/la-provincia-entrego-el-kit-no-20-000-del-programa-qunita-bonaerense\/","title":{"rendered":"La Provincia entreg\u00f3 el kit N\u00ba 20.000 del programa Qunita bonaerense"},"content":{"rendered":"\n<p><\/p>\n\n\n\n<p>El Gobierno de la Provincia de Buenos Aires a trav\u00e9s del Ministerio de Salud entreg\u00f3 el kit Qunita n\u00famero 20.000 y, en esta oportunidad, el destinatario fue Benjam\u00edn, que se encontraba en brazos de su mam\u00e1 Vanina y acompa\u00f1ado de su familia: un beb\u00e9 bonaerense nacido en el hospital p\u00fablico de Berazategui.<\/p>\n\n\n\n<p>El acto de entrega estuvo encabezado ayer por el ministro de Salud, Nicol\u00e1s Kreplak; el intendente, Juan Jos\u00e9 Mussi; junto con la directora provincial de Equidad de G\u00e9nero en Salud, Sabrina Bala\u00f1a De Caro; y directores del hospital \u201cEvita Pueblo\u201d.<\/p>\n\n\n\n<p>\u201cEs un d\u00eda con mucho amor al recibir tambi\u00e9n la esperanza de un pueblo que viene ac\u00e1, que nos viene a buscar cuando m\u00e1s nos necesita: cuando est\u00e1 mal, enfermo o cuando est\u00e1 por tener una familia&#8221;, dijo Kreplak.<\/p>\n\n\n\n<p>Adem\u00e1s, el ministro destac\u00f3: &#8220;Entregamos la Qunita n\u00famero 20.000 a una familia que est\u00e1 tremendamente feliz. Es un momento tan importante como los m\u00e1s felices o los m\u00e1s dif\u00edciles, que nos vienen a buscar para que ayudemos a confiar en el sistema de salud, como en la pandemia que no se abandon\u00f3 al pueblo&#8221;.<\/p>\n\n\n\n<p>&#8220;Confiar en el sistema de salud nos llena de energ\u00eda y de amor&#8221; y destac\u00f3 que &#8220;pensar en nuestros compa\u00f1eros o ciudadanos que no son parte de un negocio: son parte de una vida en com\u00fan en la cual queremos es ser felices\u201d, concluy\u00f3 Kreplak.<\/p>\n\n\n\n<p>En este marco, Mussi expres\u00f3: \u201cTenemos que ponernos en la cabeza que hay dos cosas que no pueden desaparecer en Argentina: la educaci\u00f3n y la salud p\u00fablica. Estos lugares igualan, porque pueden asistir el hijo de un acaudalado empresario y el hijo de un desocupado\u201d.<\/p>\n\n\n\n<p>Adem\u00e1s, el intendente resalt\u00f3: \u201cLe mando un agradecimiento muy especial al gobernador Axel Kicillof, porque hoy inauguramos cosas buenas para el Hospital. Ahora vamos por nuevos consultorios y por seguir mejorando el confort de los vecinos y las vecinas que se internan\u201d.<\/p>\n\n\n\n<p>Cada kit contiene un mois\u00e9s con colch\u00f3n, sus respectivas s\u00e1banas y abrigos, vestimentas para los reci\u00e9n nacidos; mochila, cambiador, term\u00f3metro, juguetes y libros de cuentos, gu\u00edas de cuidados para la familia y un set de salud menstrual. Se trata de elementos necesarios para el cuidado y crianza de las personas desde su nacimiento, primera infancia y durante el puerperio.<\/p>\n\n\n\n<p>El programa Qunita es parte de una pol\u00edtica integral que contempla entre sus objetivos acompa\u00f1ar y cuidar a las personas durante el embarazo, parto, nacimiento, puerperio y primera infancia, en el marco de una pol\u00edtica de cuidados que tiene en cuenta la interculturalidad, la diversidad sexual y las condiciones de vida de las personas.<\/p>\n\n\n\n<p>La entrega de los kits alcanza a toda la poblaci\u00f3n objetivo: familias con cobertura p\u00fablica de salud y con asignaci\u00f3n por embarazo que lleven a cabo sus partos en hospitales p\u00fablicos de la provincia.<\/p>\n","protected":false},"excerpt":{"rendered":"<p>El Gobierno de la Provincia de Buenos Aires a trav&eacute;s del Ministerio de Salud entreg&oacute; el kit Qunita n&uacute;mero 20.000 y, en esta oportunidad, el destinatario fue Benjam&iacute;n, que se encontraba en brazos de su mam&aacute; Vanina y acompa&ntilde;ado de su familia: un beb&eacute; bonaerense nacido en el hospital p&uacute;blico de Berazategui. El acto de &hellip; <\/p>\n","protected":false},"author":5,"featured_media":9142,"comment_status":"closed","ping_status":"closed","sticky":false,"template":"","format":"standard","meta":{"om_disable_all_campaigns":false,"_joinchat":[]},"categories":[4],"tags":[46,43],"featured_image_urls":{"full":["https:\/\/infotep.com.ar\/wp-content\/uploads\/2023\/11\/qunita_bonaerense_x2x.jpg_1241169438.webp",1200,900,false],"thumbnail":["https:\/\/infotep.com.ar\/wp-content\/uploads\/2023\/11\/qunita_bonaerense_x2x.jpg_1241169438-150x150.webp",150,150,true],"medium":["https:\/\/infotep.com.ar\/wp-content\/uploads\/2023\/11\/qunita_bonaerense_x2x.jpg_1241169438-300x225.webp",300,225,true],"medium_large":["https:\/\/infotep.com.ar\/wp-content\/uploads\/2023\/11\/qunita_bonaerense_x2x.jpg_1241169438-768x576.webp",768,576,true],"large":["https:\/\/infotep.com.ar\/wp-content\/uploads\/2023\/11\/qunita_bonaerense_x2x.jpg_1241169438-1024x768.webp",1020,765,true],"1536x1536":["https:\/\/infotep.com.ar\/wp-content\/uploads\/2023\/11\/qunita_bonaerense_x2x.jpg_1241169438.webp",1200,900,false],"2048x2048":["https:\/\/infotep.com.ar\/wp-content\/uploads\/2023\/11\/qunita_bonaerense_x2x.jpg_1241169438.webp",1200,900,false],"blossom-feminine-slider":["https:\/\/infotep.com.ar\/wp-content\/uploads\/2023\/11\/qunita_bonaerense_x2x.jpg_1241169438-1200x649.webp",1200,649,true],"blossom-feminine-featured":["https:\/\/infotep.com.ar\/wp-content\/uploads\/2023\/11\/qunita_bonaerense_x2x.jpg_1241169438-1200x600.webp",1200,600,true],"blossom-feminine-with-sidebar":["https:\/\/infotep.com.ar\/wp-content\/uploads\/2023\/11\/qunita_bonaerense_x2x.jpg_1241169438-1020x600.webp",1020,600,true],"blossom-feminine-blog":["https:\/\/infotep.com.ar\/wp-content\/uploads\/2023\/11\/qunita_bonaerense_x2x.jpg_1241169438-435x435.webp",435,435,true],"blossom-feminine-cat":["https:\/\/infotep.com.ar\/wp-content\/uploads\/2023\/11\/qunita_bonaerense_x2x.jpg_1241169438-450x300.webp",450,300,true],"blossom-feminine-related":["https:\/\/infotep.com.ar\/wp-content\/uploads\/2023\/11\/qunita_bonaerense_x2x.jpg_1241169438-320x200.webp",320,200,true],"blossom-feminine-schema":["https:\/\/infotep.com.ar\/wp-content\/uploads\/2023\/11\/qunita_bonaerense_x2x.jpg_1241169438-80x60.webp",80,60,true],"blossom-mommy-blog-slider-big":["https:\/\/infotep.com.ar\/wp-content\/uploads\/2023\/11\/qunita_bonaerense_x2x.jpg_1241169438-920x650.webp",920,650,true],"blossom-mommy-blog-slider":["https:\/\/infotep.com.ar\/wp-content\/uploads\/2023\/11\/qunita_bonaerense_x2x.jpg_1241169438-460x310.webp",460,310,true],"blossom-mommy-blog-two":["https:\/\/infotep.com.ar\/wp-content\/uploads\/2023\/11\/qunita_bonaerense_x2x.jpg_1241169438-768x480.webp",768,480,true]},"author_info":{"info":["Angela Tobar"]},"category_info":"<a href=\"https:\/\/infotep.com.ar\/index.php\/category\/provinciales\/\" rel=\"category tag\">Provinciales<\/a>","tag_info":"Provinciales","comment_count":"0","_links":{"self":[{"href":"https:\/\/infotep.com.ar\/index.php\/wp-json\/wp\/v2\/posts\/9141"}],"collection":[{"href":"https:\/\/infotep.com.ar\/index.php\/wp-json\/wp\/v2\/posts"}],"about":[{"href":"https:\/\/infotep.com.ar\/index.php\/wp-json\/wp\/v2\/types\/post"}],"author":[{"embeddable":true,"href":"https:\/\/infotep.com.ar\/index.php\/wp-json\/wp\/v2\/users\/5"}],"replies":[{"embeddable":true,"href":"https:\/\/infotep.com.ar\/index.php\/wp-json\/wp\/v2\/comments?post=9141"}],"version-history":[{"count":1,"href":"https:\/\/infotep.com.ar\/index.php\/wp-json\/wp\/v2\/posts\/9141\/revisions"}],"predecessor-version":[{"id":9143,"href":"https:\/\/infotep.com.ar\/index.php\/wp-json\/wp\/v2\/posts\/9141\/revisions\/9143"}],"wp:featuredmedia":[{"embeddable":true,"href":"https:\/\/infotep.com.ar\/index.php\/wp-json\/wp\/v2\/media\/9142"}],"wp:attachment":[{"href":"https:\/\/infotep.com.ar\/index.php\/wp-json\/wp\/v2\/media?parent=9141"}],"wp:term":[{"taxonomy":"category","embeddable":true,"href":"https:\/\/infotep.com.ar\/index.php\/wp-json\/wp\/v2\/categories?post=9141"},{"taxonomy":"post_tag","embeddable":true,"href":"https:\/\/infotep.com.ar\/index.php\/wp-json\/wp\/v2\/tags?post=9141"}],"curies":[{"name":"wp","href":"https:\/\/api.w.org\/{rel}","templated":true}]}}