{"id":9291,"date":"2023-11-20T19:02:08","date_gmt":"2023-11-20T22:02:08","guid":{"rendered":"https:\/\/infotep.com.ar\/?p=9291"},"modified":"2023-11-20T19:02:09","modified_gmt":"2023-11-20T22:02:09","slug":"vecinos-de-merlo-cuentan-con-un-parque-ambiental-para-aprender-sobre-cultivo-y-reciclables","status":"publish","type":"post","link":"https:\/\/infotep.com.ar\/index.php\/2023\/11\/20\/vecinos-de-merlo-cuentan-con-un-parque-ambiental-para-aprender-sobre-cultivo-y-reciclables\/","title":{"rendered":"Vecinos de Merlo cuentan con un parque ambiental para aprender sobre cultivo y reciclables"},"content":{"rendered":"\n<p>Los vecinos pueden acercar sus reciclables y aprender sobre cultivos en este \u201cpunto verde\u201d ubicado en la calle Ara San Juan al 1300, en el Barrio Procrear de Parque San Mart\u00edn.<\/p>\n\n\n\n<p>El espacio ecol\u00f3gico cuenta con un aula especial para brindar talleres informativos, un vivero con herramientas, varios compost para fertilizar la tierra, una huerta de alimentos org\u00e1nicos y puestos de reciclaje.<\/p>\n\n\n\n<p>&#8220;La Subsecretar\u00eda de Ambiente, Producci\u00f3n y Econom\u00eda Circular puso en funcionamiento este parque ambiental, que forma parte de un plan estrat\u00e9gico para el cuidado ambiental en nuestro distrito y se suma a una serie de programas que pod\u00e9s conocer ingresando a merlo.gob.ar\/ambientecircular&#8221;, se marc\u00f3.<\/p>\n\n\n\n<p>Estas pol\u00edticas p\u00fablicas son impulsadas por el Gobierno Municipal a trav\u00e9s de la Secretar\u00eda de Desarrollo Econ\u00f3mico Sustentable.<\/p>\n\n\n\n<p>Si quer\u00e9s recibir informaci\u00f3n de los programas la Subsecretar\u00eda que tiene disponible ac\u00e9rcate a Suipacha 866, Merlo Centro.<\/p>\n","protected":false},"excerpt":{"rendered":"<p>Los vecinos pueden acercar sus reciclables y aprender sobre cultivos en este &ldquo;punto verde&rdquo; ubicado en la calle Ara San Juan al 1300, en el Barrio Procrear de Parque San Mart&iacute;n. El espacio ecol&oacute;gico cuenta con un aula especial para brindar talleres informativos, un vivero con herramientas, varios compost para fertilizar la tierra, una huerta &hellip; <\/p>\n","protected":false},"author":5,"featured_media":9292,"comment_status":"closed","ping_status":"closed","sticky":false,"template":"","format":"standard","meta":{"om_disable_all_campaigns":false,"_joinchat":[]},"categories":[10],"tags":[46,43],"featured_image_urls":{"full":["https:\/\/infotep.com.ar\/wp-content\/uploads\/2023\/11\/parque-ambiental-san-martin-4.jpg",1080,608,false],"thumbnail":["https:\/\/infotep.com.ar\/wp-content\/uploads\/2023\/11\/parque-ambiental-san-martin-4-150x150.jpg",150,150,true],"medium":["https:\/\/infotep.com.ar\/wp-content\/uploads\/2023\/11\/parque-ambiental-san-martin-4-300x169.jpg",300,169,true],"medium_large":["https:\/\/infotep.com.ar\/wp-content\/uploads\/2023\/11\/parque-ambiental-san-martin-4-768x432.jpg",768,432,true],"large":["https:\/\/infotep.com.ar\/wp-content\/uploads\/2023\/11\/parque-ambiental-san-martin-4-1024x576.jpg",1020,574,true],"1536x1536":["https:\/\/infotep.com.ar\/wp-content\/uploads\/2023\/11\/parque-ambiental-san-martin-4.jpg",1080,608,false],"2048x2048":["https:\/\/infotep.com.ar\/wp-content\/uploads\/2023\/11\/parque-ambiental-san-martin-4.jpg",1080,608,false],"blossom-feminine-slider":["https:\/\/infotep.com.ar\/wp-content\/uploads\/2023\/11\/parque-ambiental-san-martin-4.jpg",1080,608,false],"blossom-feminine-featured":["https:\/\/infotep.com.ar\/wp-content\/uploads\/2023\/11\/parque-ambiental-san-martin-4-1080x600.jpg",1080,600,true],"blossom-feminine-with-sidebar":["https:\/\/infotep.com.ar\/wp-content\/uploads\/2023\/11\/parque-ambiental-san-martin-4-1020x600.jpg",1020,600,true],"blossom-feminine-blog":["https:\/\/infotep.com.ar\/wp-content\/uploads\/2023\/11\/parque-ambiental-san-martin-4-435x435.jpg",435,435,true],"blossom-feminine-cat":["https:\/\/infotep.com.ar\/wp-content\/uploads\/2023\/11\/parque-ambiental-san-martin-4-450x300.jpg",450,300,true],"blossom-feminine-related":["https:\/\/infotep.com.ar\/wp-content\/uploads\/2023\/11\/parque-ambiental-san-martin-4-320x200.jpg",320,200,true],"blossom-feminine-schema":["https:\/\/infotep.com.ar\/wp-content\/uploads\/2023\/11\/parque-ambiental-san-martin-4-107x60.jpg",107,60,true],"blossom-mommy-blog-slider-big":["https:\/\/infotep.com.ar\/wp-content\/uploads\/2023\/11\/parque-ambiental-san-martin-4-920x608.jpg",920,608,true],"blossom-mommy-blog-slider":["https:\/\/infotep.com.ar\/wp-content\/uploads\/2023\/11\/parque-ambiental-san-martin-4-460x310.jpg",460,310,true],"blossom-mommy-blog-two":["https:\/\/infotep.com.ar\/wp-content\/uploads\/2023\/11\/parque-ambiental-san-martin-4-768x480.jpg",768,480,true]},"author_info":{"info":["Angela Tobar"]},"category_info":"<a href=\"https:\/\/infotep.com.ar\/index.php\/category\/municipales\/merlo\/\" rel=\"category tag\">Merlo<\/a>","tag_info":"Merlo","comment_count":"0","_links":{"self":[{"href":"https:\/\/infotep.com.ar\/index.php\/wp-json\/wp\/v2\/posts\/9291"}],"collection":[{"href":"https:\/\/infotep.com.ar\/index.php\/wp-json\/wp\/v2\/posts"}],"about":[{"href":"https:\/\/infotep.com.ar\/index.php\/wp-json\/wp\/v2\/types\/post"}],"author":[{"embeddable":true,"href":"https:\/\/infotep.com.ar\/index.php\/wp-json\/wp\/v2\/users\/5"}],"replies":[{"embeddable":true,"href":"https:\/\/infotep.com.ar\/index.php\/wp-json\/wp\/v2\/comments?post=9291"}],"version-history":[{"count":1,"href":"https:\/\/infotep.com.ar\/index.php\/wp-json\/wp\/v2\/posts\/9291\/revisions"}],"predecessor-version":[{"id":9293,"href":"https:\/\/infotep.com.ar\/index.php\/wp-json\/wp\/v2\/posts\/9291\/revisions\/9293"}],"wp:featuredmedia":[{"embeddable":true,"href":"https:\/\/infotep.com.ar\/index.php\/wp-json\/wp\/v2\/media\/9292"}],"wp:attachment":[{"href":"https:\/\/infotep.com.ar\/index.php\/wp-json\/wp\/v2\/media?parent=9291"}],"wp:term":[{"taxonomy":"category","embeddable":true,"href":"https:\/\/infotep.com.ar\/index.php\/wp-json\/wp\/v2\/categories?post=9291"},{"taxonomy":"post_tag","embeddable":true,"href":"https:\/\/infotep.com.ar\/index.php\/wp-json\/wp\/v2\/tags?post=9291"}],"curies":[{"name":"wp","href":"https:\/\/api.w.org\/{rel}","templated":true}]}}