{"id":9303,"date":"2023-11-21T13:48:00","date_gmt":"2023-11-21T16:48:00","guid":{"rendered":"https:\/\/infotep.com.ar\/?p=9303"},"modified":"2023-11-21T23:03:59","modified_gmt":"2023-11-22T02:03:59","slug":"tafic-festival-internacional-de-cine-corto-de-tapiales-celebra-su-20-aniversario","status":"publish","type":"post","link":"https:\/\/infotep.com.ar\/index.php\/2023\/11\/21\/tafic-festival-internacional-de-cine-corto-de-tapiales-celebra-su-20-aniversario\/","title":{"rendered":"TAFIC, Festival Internacional de Cine Corto de Tapiales, celebra su 20\u00b0 aniversario"},"content":{"rendered":"\n<p><\/p>\n\n\n\n<p>Con el apoyo de la Secretar\u00eda de Cultura y Educaci\u00f3n de La Matanza, del 24 al 26 de noviembre, la Plaza de Tapiales y el Teatro Municipal \u201cLeopoldo Marechal\u201d de Ramos Mej\u00ed, ser\u00e1n escenario del Festival Internacional de Cine Corto de Tapiales (TAFIC), que celebra su 20\u00ba aniversario, un evento gratuito que busca bridar un espacio de entretenimiento deslumbrar con producciones cinematogr\u00e1ficas cortas provenientes de distintas partes del mundo.<\/p>\n\n\n\n<pre class=\"wp-block-code\"><code>     En esta nueva edici\u00f3n, el festival presentar\u00e1 distintas secciones, entre las que se cuentan, Terrorama, que incluir\u00e1 producciones del g\u00e9nero fant\u00e1stico y de terror; Sentidos del Humor, dedicado a la comedia y Primeras Luces, donde se presentar\u00e1n los cortos de nuevos talentos y las producciones realizadas durante el Taller Municipal \u201c\u00a1Matanza, Vamos a Filmar!\u201d, un espacio formativo en cine y producci\u00f3n audiovisual impulsado por la Secretar\u00eda de Cultura y Educaci\u00f3n.<\/code><\/pre>\n\n\n\n<p>La competencia oficial, que estar\u00e1 dividida en dos categor\u00edas: Producciones Nacionales y Producciones Extranjeras, es auspiciada por el INCAA, el Instituto Cultural de la Provincia de Buenos Aires, RAFMA y SIGNIS Argentina, esta edici\u00f3n del TAFIC recibi\u00f3 m\u00e1s de mil quinientos cortometrajes de diversas latitudes, de los cuales fueron seleccionados los que competir\u00e1n por el primer premio.<\/p>\n\n\n\n<p>Adem\u00e1s, el jurado estar\u00e1 compuesto por personalidades del \u00e1mbito audiovisual como Federico Sosa, Mart\u00edn Ochoa, Gabriela Abraham, Guillermina Rosales, Lidia Greco y Teresa Teramo.<\/p>\n\n\n\n<p>TAFIC 20\u00b0 aniversario \u2013 CRONOGRAMA 2023<\/p>\n\n\n\n<p>\u25cf Viernes 24 de noviembre<\/p>\n\n\n\n<ul>\n<li>20 hs: Sentidos del Humor (Teatro Municipal Leopoldo Marechal, Belgrano 75, Ramos Mej\u00eda \u2013 Entradas disponibles a partir del martes 21\/11)<\/li>\n<\/ul>\n\n\n\n<p>Slave, de Luciano Nacci \/ Argentina.<\/p>\n\n\n\n<p>No te asustes si estoy perdido, de Julio Caloggero \/Argentina<\/p>\n\n\n\n<p>Punto final, de Francisco Bonadeo \/ Argentina<\/p>\n\n\n\n<p>Alquileres de mierda, de Joe Sotelo \/ Argentina<\/p>\n\n\n\n<p>Bleh, de Tim Alard \/ Pa\u00edses Bajos<\/p>\n\n\n\n<p>Workout, de Nicol\u00e1s Girgenti \/ Irlanda<\/p>\n\n\n\n<p>Easy, de Alisa Selishchava \/ Espa\u00f1a<\/p>\n\n\n\n<p>\u25cf S\u00e1bado 25 de noviembre<\/p>\n\n\n\n<ul>\n<li>19 hs: Primeras Luces, Realizadores de \u00a1Matanza, Vamos a Filmar! (Plaza de Tapiales, Altolaguirre y Humait\u00e1)<\/li>\n<\/ul>\n\n\n\n<p>Soporis de H\u00e9ctor Rigos<\/p>\n\n\n\n<p>Todas las calles se llaman Per\u00f3n, de Alejandro Orellana<\/p>\n\n\n\n<p>Cap\u00edtulo final, de Gabriel Cid<\/p>\n\n\n\n<p>Caxandra, de Alejandro Orellana<\/p>\n\n\n\n<p>En la ducha, de Marcelo Sosa<\/p>\n\n\n\n<p>REM, de Emiliano Lozano<\/p>\n\n\n\n<ul>\n<li>20 hs: Terrorama (Teatro Municipal Leopoldo Marechal, Belgrano 75, Ramos Mej\u00eda \u2013 Entradas disponibles a partir del martes 21\/11)<\/li>\n<\/ul>\n\n\n\n<p>Qu\u00e9date conmigo, de Antoni G. Gilabert \/ Espa\u00f1a<\/p>\n\n\n\n<p>Los de al lado, de Matias De Leis Correa \/ Argentina<\/p>\n\n\n\n<p>Juste avant, de Sylvain Bressollette \/ Francia<\/p>\n\n\n\n<p>The last paper, de Romain Gierenz \/ Luxemburgo<\/p>\n\n\n\n<p>El T\u00fanel, de Andr\u00e9 Palacios \/ Argentina<\/p>\n\n\n\n<ul>\n<li>20:30 hs: Competencia Oficial 1 (Plaza de Tapiales, Altolaguirre y Humait\u00e1)<\/li>\n<\/ul>\n\n\n\n<p>Dulce de Jos\u00e9 Mar\u00eda Carrizo \/ Argentina<\/p>\n\n\n\n<p>Las notas de Juan, de Juli\u00e1n C\u00e1neva \/ Argentina<\/p>\n\n\n\n<p>La Mutuante, de Carla Scolari y Javier Rossanigo \/ Argentina<\/p>\n\n\n\n<p>Iyale, de Tatiana Colangelo \/ Argentina.<\/p>\n\n\n\n<ul>\n<li>21:30 hs: Competencia Oficial 2 (Plaza de Tapiales, Altolaguirre y Humait\u00e1)<\/li>\n<\/ul>\n\n\n\n<p>Carga animal, de Iv\u00e1n Bustinduy \/ Argentina<\/p>\n\n\n\n<p>El Grillo, de Carlos Hern\u00e1ndez V\u00e1zquez \/ M\u00e9xico<\/p>\n\n\n\n<p>La visita, de Carmela Sandberg \/ Argentina<\/p>\n\n\n\n<p>El Otro Camino, de Olivier A Dubois y Uriel De Jesus Juarez \/ Canad\u00e1.<\/p>\n\n\n\n<p>\u25cf Domingo 26 de noviembre<\/p>\n\n\n\n<ul>\n<li>20:30 hs: Competencia Oficial 3 (Plaza de Tapiales, Altolaguirre y Humait\u00e1)<\/li>\n<\/ul>\n\n\n\n<p>El tropez\u00f3n, de Axel Cheb Terrab \/ Argentina<\/p>\n\n\n\n<p>Ac\u00e1 te dejo, de Mariano Samengo \/ Argentina<\/p>\n\n\n\n<p>Asedio, de Tomas Lazarowski \/ Argentina<\/p>\n\n\n\n<p>Pilona, de July Naters \/ Per\u00fa<\/p>\n\n\n\n<ul>\n<li>21:30 hs Competencia Oficial 4 (Plaza de Tapiales, Altolaguirre y Humait\u00e1)<\/li>\n<\/ul>\n\n\n\n<p>La Chica Toro, de Sof\u00eda Gonz\u00e1lez Gil y Luc\u00eda Valdemoros \/ Argentina<\/p>\n\n\n\n<p>Entre las palabras, de Farid Isma\u00efl \/ Luxemburgo<\/p>\n\n\n\n<p>Valle de almas, de Edileuza Penha De Souza y Santiago Dellape \/ Brasil<\/p>\n","protected":false},"excerpt":{"rendered":"<p>Con el apoyo de la Secretar&iacute;a de Cultura y Educaci&oacute;n de La Matanza, del 24 al 26 de noviembre, la Plaza de Tapiales y el Teatro Municipal &ldquo;Leopoldo Marechal&rdquo; de Ramos Mej&iacute;, ser&aacute;n escenario del Festival Internacional de Cine Corto de Tapiales (TAFIC), que celebra su 20&ordm; aniversario, un evento gratuito que busca bridar un &hellip; <\/p>\n","protected":false},"author":5,"featured_media":9304,"comment_status":"closed","ping_status":"closed","sticky":false,"template":"","format":"standard","meta":{"om_disable_all_campaigns":false,"_joinchat":[]},"categories":[26],"tags":[46,59,43],"featured_image_urls":{"full":["https:\/\/infotep.com.ar\/wp-content\/uploads\/2023\/11\/TAFIC-1.jpg",1600,1591,false],"thumbnail":["https:\/\/infotep.com.ar\/wp-content\/uploads\/2023\/11\/TAFIC-1-150x150.jpg",150,150,true],"medium":["https:\/\/infotep.com.ar\/wp-content\/uploads\/2023\/11\/TAFIC-1-300x298.jpg",300,298,true],"medium_large":["https:\/\/infotep.com.ar\/wp-content\/uploads\/2023\/11\/TAFIC-1-768x764.jpg",768,764,true],"large":["https:\/\/infotep.com.ar\/wp-content\/uploads\/2023\/11\/TAFIC-1-1024x1018.jpg",1020,1014,true],"1536x1536":["https:\/\/infotep.com.ar\/wp-content\/uploads\/2023\/11\/TAFIC-1-1536x1527.jpg",1536,1527,true],"2048x2048":["https:\/\/infotep.com.ar\/wp-content\/uploads\/2023\/11\/TAFIC-1.jpg",1600,1591,false],"blossom-feminine-slider":["https:\/\/infotep.com.ar\/wp-content\/uploads\/2023\/11\/TAFIC-1-1600x649.jpg",1600,649,true],"blossom-feminine-featured":["https:\/\/infotep.com.ar\/wp-content\/uploads\/2023\/11\/TAFIC-1-1410x600.jpg",1410,600,true],"blossom-feminine-with-sidebar":["https:\/\/infotep.com.ar\/wp-content\/uploads\/2023\/11\/TAFIC-1-1020x600.jpg",1020,600,true],"blossom-feminine-blog":["https:\/\/infotep.com.ar\/wp-content\/uploads\/2023\/11\/TAFIC-1-435x435.jpg",435,435,true],"blossom-feminine-cat":["https:\/\/infotep.com.ar\/wp-content\/uploads\/2023\/11\/TAFIC-1-450x300.jpg",450,300,true],"blossom-feminine-related":["https:\/\/infotep.com.ar\/wp-content\/uploads\/2023\/11\/TAFIC-1-320x200.jpg",320,200,true],"blossom-feminine-schema":["https:\/\/infotep.com.ar\/wp-content\/uploads\/2023\/11\/TAFIC-1-60x60.jpg",60,60,true],"blossom-mommy-blog-slider-big":["https:\/\/infotep.com.ar\/wp-content\/uploads\/2023\/11\/TAFIC-1-920x650.jpg",920,650,true],"blossom-mommy-blog-slider":["https:\/\/infotep.com.ar\/wp-content\/uploads\/2023\/11\/TAFIC-1-460x310.jpg",460,310,true],"blossom-mommy-blog-two":["https:\/\/infotep.com.ar\/wp-content\/uploads\/2023\/11\/TAFIC-1-768x480.jpg",768,480,true]},"author_info":{"info":["Angela Tobar"]},"category_info":"<a href=\"https:\/\/infotep.com.ar\/index.php\/category\/municipales\/la-matanza\/\" rel=\"category tag\">La Matanza<\/a>","tag_info":"La Matanza","comment_count":"0","_links":{"self":[{"href":"https:\/\/infotep.com.ar\/index.php\/wp-json\/wp\/v2\/posts\/9303"}],"collection":[{"href":"https:\/\/infotep.com.ar\/index.php\/wp-json\/wp\/v2\/posts"}],"about":[{"href":"https:\/\/infotep.com.ar\/index.php\/wp-json\/wp\/v2\/types\/post"}],"author":[{"embeddable":true,"href":"https:\/\/infotep.com.ar\/index.php\/wp-json\/wp\/v2\/users\/5"}],"replies":[{"embeddable":true,"href":"https:\/\/infotep.com.ar\/index.php\/wp-json\/wp\/v2\/comments?post=9303"}],"version-history":[{"count":1,"href":"https:\/\/infotep.com.ar\/index.php\/wp-json\/wp\/v2\/posts\/9303\/revisions"}],"predecessor-version":[{"id":9305,"href":"https:\/\/infotep.com.ar\/index.php\/wp-json\/wp\/v2\/posts\/9303\/revisions\/9305"}],"wp:featuredmedia":[{"embeddable":true,"href":"https:\/\/infotep.com.ar\/index.php\/wp-json\/wp\/v2\/media\/9304"}],"wp:attachment":[{"href":"https:\/\/infotep.com.ar\/index.php\/wp-json\/wp\/v2\/media?parent=9303"}],"wp:term":[{"taxonomy":"category","embeddable":true,"href":"https:\/\/infotep.com.ar\/index.php\/wp-json\/wp\/v2\/categories?post=9303"},{"taxonomy":"post_tag","embeddable":true,"href":"https:\/\/infotep.com.ar\/index.php\/wp-json\/wp\/v2\/tags?post=9303"}],"curies":[{"name":"wp","href":"https:\/\/api.w.org\/{rel}","templated":true}]}}