{"id":9306,"date":"2023-11-21T16:32:29","date_gmt":"2023-11-21T19:32:29","guid":{"rendered":"https:\/\/infotep.com.ar\/?p=9306"},"modified":"2023-11-21T16:32:30","modified_gmt":"2023-11-21T19:32:30","slug":"llega-a-la-tv-publica-mordisquito-a-mi-me-la-vas-a-contar-una-ficcion-sobre-discepolo","status":"publish","type":"post","link":"https:\/\/infotep.com.ar\/index.php\/2023\/11\/21\/llega-a-la-tv-publica-mordisquito-a-mi-me-la-vas-a-contar-una-ficcion-sobre-discepolo\/","title":{"rendered":"Llega a la TV P\u00fablica &#8220;Mordisquito. \u00bfA m\u00ed me la vas a contar?&#8221;, una ficci\u00f3n sobre Disc\u00e9polo"},"content":{"rendered":"\n<p><\/p>\n\n\n\n<p>&#8220;Mordisquito. \u00bfA m\u00ed me la vas a contar?&#8221; es el nombre de la miniserie que estrenar\u00e1 esta noche tras el partido de la Selecci\u00f3n Argentina por la Televisi\u00f3n P\u00fablica, cuya trama se centra en los \u00faltimos d\u00edas de vida de Enrique Santos Disc\u00e9polo y que, seg\u00fan indic\u00f3 Daniel Casablanca, encargado de interpretar a este personaje hist\u00f3rico, indagar\u00e1 tambi\u00e9n en el mundo de la radio, en el de los mon\u00f3logos, en el pol\u00edtico y tambi\u00e9n en su v\u00ednculo con Tania, que encarnar\u00e1 Leticia Br\u00e9dice.<\/p>\n\n\n\n<p>El ciclo creado por Radio Nacional y el canal p\u00fablico apuesta a una ficci\u00f3n argentina de calidad y a recuperar la figura de &#8220;Discepol\u00edn&#8221;, quien fue actor, director teatral, dramaturgo, m\u00fasico, guionista de cine, compositor, cultor del teatro musical, director de orquesta, militante y creador de &#8220;Mordisquito&#8221;, cuyos mon\u00f3logos mantienen una vigencia que se ver\u00e1 reflejada en la serie.<\/p>\n\n\n\n<p><\/p>\n","protected":false},"excerpt":{"rendered":"<p>&ldquo;Mordisquito. &iquest;A m&iacute; me la vas a contar?&rdquo; es el nombre de la miniserie que estrenar&aacute; esta noche tras el partido de la Selecci&oacute;n Argentina por la Televisi&oacute;n P&uacute;blica, cuya trama se centra en los &uacute;ltimos d&iacute;as de vida de Enrique Santos Disc&eacute;polo y que, seg&uacute;n indic&oacute; Daniel Casablanca, encargado de interpretar a este personaje &hellip; <\/p>\n","protected":false},"author":5,"featured_media":9307,"comment_status":"closed","ping_status":"closed","sticky":false,"template":"","format":"standard","meta":{"om_disable_all_campaigns":false,"_joinchat":[]},"categories":[3],"tags":[46,43],"featured_image_urls":{"full":["https:\/\/infotep.com.ar\/wp-content\/uploads\/2023\/11\/21-11-2023_mordisquito_a_mi_me_la.jpeg",1600,945,false],"thumbnail":["https:\/\/infotep.com.ar\/wp-content\/uploads\/2023\/11\/21-11-2023_mordisquito_a_mi_me_la-150x150.jpeg",150,150,true],"medium":["https:\/\/infotep.com.ar\/wp-content\/uploads\/2023\/11\/21-11-2023_mordisquito_a_mi_me_la-300x177.jpeg",300,177,true],"medium_large":["https:\/\/infotep.com.ar\/wp-content\/uploads\/2023\/11\/21-11-2023_mordisquito_a_mi_me_la-768x454.jpeg",768,454,true],"large":["https:\/\/infotep.com.ar\/wp-content\/uploads\/2023\/11\/21-11-2023_mordisquito_a_mi_me_la-1024x605.jpeg",1020,603,true],"1536x1536":["https:\/\/infotep.com.ar\/wp-content\/uploads\/2023\/11\/21-11-2023_mordisquito_a_mi_me_la-1536x907.jpeg",1536,907,true],"2048x2048":["https:\/\/infotep.com.ar\/wp-content\/uploads\/2023\/11\/21-11-2023_mordisquito_a_mi_me_la.jpeg",1600,945,false],"blossom-feminine-slider":["https:\/\/infotep.com.ar\/wp-content\/uploads\/2023\/11\/21-11-2023_mordisquito_a_mi_me_la-1600x649.jpeg",1600,649,true],"blossom-feminine-featured":["https:\/\/infotep.com.ar\/wp-content\/uploads\/2023\/11\/21-11-2023_mordisquito_a_mi_me_la-1410x600.jpeg",1410,600,true],"blossom-feminine-with-sidebar":["https:\/\/infotep.com.ar\/wp-content\/uploads\/2023\/11\/21-11-2023_mordisquito_a_mi_me_la-1020x600.jpeg",1020,600,true],"blossom-feminine-blog":["https:\/\/infotep.com.ar\/wp-content\/uploads\/2023\/11\/21-11-2023_mordisquito_a_mi_me_la-435x435.jpeg",435,435,true],"blossom-feminine-cat":["https:\/\/infotep.com.ar\/wp-content\/uploads\/2023\/11\/21-11-2023_mordisquito_a_mi_me_la-450x300.jpeg",450,300,true],"blossom-feminine-related":["https:\/\/infotep.com.ar\/wp-content\/uploads\/2023\/11\/21-11-2023_mordisquito_a_mi_me_la-320x200.jpeg",320,200,true],"blossom-feminine-schema":["https:\/\/infotep.com.ar\/wp-content\/uploads\/2023\/11\/21-11-2023_mordisquito_a_mi_me_la-102x60.jpeg",102,60,true],"blossom-mommy-blog-slider-big":["https:\/\/infotep.com.ar\/wp-content\/uploads\/2023\/11\/21-11-2023_mordisquito_a_mi_me_la-920x650.jpeg",920,650,true],"blossom-mommy-blog-slider":["https:\/\/infotep.com.ar\/wp-content\/uploads\/2023\/11\/21-11-2023_mordisquito_a_mi_me_la-460x310.jpeg",460,310,true],"blossom-mommy-blog-two":["https:\/\/infotep.com.ar\/wp-content\/uploads\/2023\/11\/21-11-2023_mordisquito_a_mi_me_la-768x480.jpeg",768,480,true]},"author_info":{"info":["Angela Tobar"]},"category_info":"<a href=\"https:\/\/infotep.com.ar\/index.php\/category\/nacionales\/\" rel=\"category tag\">Nacionales<\/a>","tag_info":"Nacionales","comment_count":"0","_links":{"self":[{"href":"https:\/\/infotep.com.ar\/index.php\/wp-json\/wp\/v2\/posts\/9306"}],"collection":[{"href":"https:\/\/infotep.com.ar\/index.php\/wp-json\/wp\/v2\/posts"}],"about":[{"href":"https:\/\/infotep.com.ar\/index.php\/wp-json\/wp\/v2\/types\/post"}],"author":[{"embeddable":true,"href":"https:\/\/infotep.com.ar\/index.php\/wp-json\/wp\/v2\/users\/5"}],"replies":[{"embeddable":true,"href":"https:\/\/infotep.com.ar\/index.php\/wp-json\/wp\/v2\/comments?post=9306"}],"version-history":[{"count":1,"href":"https:\/\/infotep.com.ar\/index.php\/wp-json\/wp\/v2\/posts\/9306\/revisions"}],"predecessor-version":[{"id":9308,"href":"https:\/\/infotep.com.ar\/index.php\/wp-json\/wp\/v2\/posts\/9306\/revisions\/9308"}],"wp:featuredmedia":[{"embeddable":true,"href":"https:\/\/infotep.com.ar\/index.php\/wp-json\/wp\/v2\/media\/9307"}],"wp:attachment":[{"href":"https:\/\/infotep.com.ar\/index.php\/wp-json\/wp\/v2\/media?parent=9306"}],"wp:term":[{"taxonomy":"category","embeddable":true,"href":"https:\/\/infotep.com.ar\/index.php\/wp-json\/wp\/v2\/categories?post=9306"},{"taxonomy":"post_tag","embeddable":true,"href":"https:\/\/infotep.com.ar\/index.php\/wp-json\/wp\/v2\/tags?post=9306"}],"curies":[{"name":"wp","href":"https:\/\/api.w.org\/{rel}","templated":true}]}}