{"id":9332,"date":"2023-11-22T14:32:29","date_gmt":"2023-11-22T17:32:29","guid":{"rendered":"https:\/\/infotep.com.ar\/?p=9332"},"modified":"2023-11-22T14:32:30","modified_gmt":"2023-11-22T17:32:30","slug":"almaceneros-advierten-por-aumentos-especulacion-y-falta-de-mercaderia-en-mayoristas","status":"publish","type":"post","link":"https:\/\/infotep.com.ar\/index.php\/2023\/11\/22\/almaceneros-advierten-por-aumentos-especulacion-y-falta-de-mercaderia-en-mayoristas\/","title":{"rendered":"Almaceneros advierten por aumentos, especulaci\u00f3n y falta de mercader\u00eda en mayoristas"},"content":{"rendered":"\n<p><strong>Fernando Savore, titular de la Federaci\u00f3n de Almaceneros bonaerenses, explic\u00f3 que de un d\u00eda para el otro recibieron listas de precios con un 30% de subas y plante\u00f3 que &#8220;no me gusta que (los empresarios) ganen destruyendo el bolsillo del laburante&#8221;. &#8220;La cantidad de faltantes en los mayoristas es impresionante&#8221;, afirm\u00f3.<\/strong><\/p>\n\n\n\n<p>El presidente de la Federaci\u00f3n de Almaceneros de la provincia de Buenos Aires, Fernando Savore, advirti\u00f3 este mi\u00e9rcoles sobre faltantes de mercader\u00eda en granes mayoristas y cuestion\u00f3 que &#8220;hay demasiada especulaci\u00f3n&#8221;, al tiempo que pidi\u00f3 al equipo de gobierno del presidente electo, Javier Milei, que &#8220;cuide a las pymes&#8221;.<\/p>\n\n\n\n<p>&#8220;Hoy le ped\u00ed a todos los colegas que nos env\u00eden fotos de los cambios de precios para ayudarnos a todos a actualizarnos, tambi\u00e9n recorr\u00ed tres mayoristas y la cantidad de faltantes es impresionante, hay mercader\u00eda que desapareci\u00f3 del mayorista. Me llama la atenci\u00f3n que en los mayoristas falte la mercader\u00eda&#8221;, dijo Savore en declaraciones a radio FM La Patriada.<\/p>\n\n\n\n<p>Detall\u00f3 que &#8220;hace seis meses un kilo de az\u00facar lo pagamos 350 pesos en primera marca, empez\u00f3 el calvario de conseguir az\u00facar, la semana pasada lleg\u00f3 a 900 pesos y de ah\u00ed a 1.100, el que guard\u00f3 el az\u00facar mira la diferencia que hizo&#8221;.<\/p>\n\n\n\n<p>&#8220;Sabemos que en el medio hay demasiada especulaci\u00f3n&#8221;, agreg\u00f3.<\/p>\n\n\n\n<p><strong>El dirigente se\u00f1al\u00f3 que &#8220;las empresas que est\u00e1n llorando en estos a\u00f1os han ganado mucha plata, siempre buscan ellos la oportunidad para llenarse los bolsillos&#8221; y agreg\u00f3: &#8220;No estoy en contra de que un empresario gane plata pero la verdad no me gusta que ganen destruyendo el bolsillo del laburante&#8221;.<\/strong><\/p>\n\n\n\n<p class=\"has-light-green-cyan-background-color has-background\">Savore relat\u00f3 que cerr\u00f3 su negocio el lunes y que el martes se encontr\u00f3 con un 30% de aumento. &#8220;Lo gen\u00e9rico de comestible est\u00e1 en un 25% aproximadamente, y lo que es higiene personal es un 30% o un poco m\u00e1s, es un desastre. Creo que en el medio de todo esto hay demasiada especulaci\u00f3n&#8221;, manifest\u00f3.<\/p>\n\n\n\n<p>Sostuvo que &#8220;siempre que el d\u00f3lar hizo picos las empresas aumentaron, en este caso el d\u00f3lar se sostiene, no hab\u00eda raz\u00f3n para despegar de la forma que despegaron o desabastecer de la forma que est\u00e1n desabasteciendo&#8221;.<\/p>\n\n\n\n<p>Explic\u00f3 que &#8220;inevitablemente a la mercader\u00eda le tenes que hacer un cambio del 25% porque sino te quedas, nuestras rentabilidades son peque\u00f1as, estos saltos de precios nos pasan por arriba&#8221;.<\/p>\n\n\n\n<p>&#8220;Nuestro negocio no tiene grandes dep\u00f3sitos si vamos a vender a menos del costo o cambiar la plata, en el medio est\u00e1 el costo operativo del negocio. Si compro a 10 y vendo a 10, mi negocio va a p\u00e9rdida&#8221;, remarc\u00f3.<\/p>\n\n\n\n<p>En ese tono, agreg\u00f3: &#8220;Yo lo \u00fanico que pido al nuevo presidente y equipo de gobierno que protejan las pymes y que los gobiernos entiendan lo que es el comercio de proximidad, cumplimos el laburo de estar donde el hipermercado no le interesa estar&#8221;.<\/p>\n","protected":false},"excerpt":{"rendered":"<p>Fernando Savore, titular de la Federaci&oacute;n de Almaceneros bonaerenses, explic&oacute; que de un d&iacute;a para el otro recibieron listas de precios con un 30% de subas y plante&oacute; que &ldquo;no me gusta que (los empresarios) ganen destruyendo el bolsillo del laburante&rdquo;. &ldquo;La cantidad de faltantes en los mayoristas es impresionante&rdquo;, afirm&oacute;. El presidente de la &hellip; <\/p>\n","protected":false},"author":5,"featured_media":8327,"comment_status":"closed","ping_status":"closed","sticky":false,"template":"","format":"standard","meta":{"om_disable_all_campaigns":false,"_joinchat":[]},"categories":[31,9],"tags":[46,53,43],"featured_image_urls":{"full":["https:\/\/infotep.com.ar\/wp-content\/uploads\/2023\/10\/compras-almacen.jpeg",1200,675,false],"thumbnail":["https:\/\/infotep.com.ar\/wp-content\/uploads\/2023\/10\/compras-almacen-150x150.jpeg",150,150,true],"medium":["https:\/\/infotep.com.ar\/wp-content\/uploads\/2023\/10\/compras-almacen-300x169.jpeg",300,169,true],"medium_large":["https:\/\/infotep.com.ar\/wp-content\/uploads\/2023\/10\/compras-almacen-768x432.jpeg",768,432,true],"large":["https:\/\/infotep.com.ar\/wp-content\/uploads\/2023\/10\/compras-almacen-1024x576.jpeg",1020,574,true],"1536x1536":["https:\/\/infotep.com.ar\/wp-content\/uploads\/2023\/10\/compras-almacen.jpeg",1200,675,false],"2048x2048":["https:\/\/infotep.com.ar\/wp-content\/uploads\/2023\/10\/compras-almacen.jpeg",1200,675,false],"blossom-feminine-slider":["https:\/\/infotep.com.ar\/wp-content\/uploads\/2023\/10\/compras-almacen-1200x649.jpeg",1200,649,true],"blossom-feminine-featured":["https:\/\/infotep.com.ar\/wp-content\/uploads\/2023\/10\/compras-almacen-1200x600.jpeg",1200,600,true],"blossom-feminine-with-sidebar":["https:\/\/infotep.com.ar\/wp-content\/uploads\/2023\/10\/compras-almacen-1020x600.jpeg",1020,600,true],"blossom-feminine-blog":["https:\/\/infotep.com.ar\/wp-content\/uploads\/2023\/10\/compras-almacen-435x435.jpeg",435,435,true],"blossom-feminine-cat":["https:\/\/infotep.com.ar\/wp-content\/uploads\/2023\/10\/compras-almacen-450x300.jpeg",450,300,true],"blossom-feminine-related":["https:\/\/infotep.com.ar\/wp-content\/uploads\/2023\/10\/compras-almacen-320x200.jpeg",320,200,true],"blossom-feminine-schema":["https:\/\/infotep.com.ar\/wp-content\/uploads\/2023\/10\/compras-almacen-107x60.jpeg",107,60,true],"blossom-mommy-blog-slider-big":["https:\/\/infotep.com.ar\/wp-content\/uploads\/2023\/10\/compras-almacen-920x650.jpeg",920,650,true],"blossom-mommy-blog-slider":["https:\/\/infotep.com.ar\/wp-content\/uploads\/2023\/10\/compras-almacen-460x310.jpeg",460,310,true],"blossom-mommy-blog-two":["https:\/\/infotep.com.ar\/wp-content\/uploads\/2023\/10\/compras-almacen-768x480.jpeg",768,480,true]},"author_info":{"info":["Angela Tobar"]},"category_info":"<a href=\"https:\/\/infotep.com.ar\/index.php\/category\/destacadas\/\" rel=\"category tag\">Destacadas<\/a> <a href=\"https:\/\/infotep.com.ar\/index.php\/category\/municipales\/moron\/\" rel=\"category tag\">Mor\u00f3n<\/a>","tag_info":"Mor\u00f3n","comment_count":"0","_links":{"self":[{"href":"https:\/\/infotep.com.ar\/index.php\/wp-json\/wp\/v2\/posts\/9332"}],"collection":[{"href":"https:\/\/infotep.com.ar\/index.php\/wp-json\/wp\/v2\/posts"}],"about":[{"href":"https:\/\/infotep.com.ar\/index.php\/wp-json\/wp\/v2\/types\/post"}],"author":[{"embeddable":true,"href":"https:\/\/infotep.com.ar\/index.php\/wp-json\/wp\/v2\/users\/5"}],"replies":[{"embeddable":true,"href":"https:\/\/infotep.com.ar\/index.php\/wp-json\/wp\/v2\/comments?post=9332"}],"version-history":[{"count":1,"href":"https:\/\/infotep.com.ar\/index.php\/wp-json\/wp\/v2\/posts\/9332\/revisions"}],"predecessor-version":[{"id":9333,"href":"https:\/\/infotep.com.ar\/index.php\/wp-json\/wp\/v2\/posts\/9332\/revisions\/9333"}],"wp:featuredmedia":[{"embeddable":true,"href":"https:\/\/infotep.com.ar\/index.php\/wp-json\/wp\/v2\/media\/8327"}],"wp:attachment":[{"href":"https:\/\/infotep.com.ar\/index.php\/wp-json\/wp\/v2\/media?parent=9332"}],"wp:term":[{"taxonomy":"category","embeddable":true,"href":"https:\/\/infotep.com.ar\/index.php\/wp-json\/wp\/v2\/categories?post=9332"},{"taxonomy":"post_tag","embeddable":true,"href":"https:\/\/infotep.com.ar\/index.php\/wp-json\/wp\/v2\/tags?post=9332"}],"curies":[{"name":"wp","href":"https:\/\/api.w.org\/{rel}","templated":true}]}}