{"id":9438,"date":"2023-11-25T18:42:33","date_gmt":"2023-11-25T21:42:33","guid":{"rendered":"https:\/\/infotep.com.ar\/?p=9438"},"modified":"2023-11-27T15:49:58","modified_gmt":"2023-11-27T18:49:58","slug":"el-centro-municipal-vivir-sin-violencia-de-moron-cumplio-18-anos","status":"publish","type":"post","link":"https:\/\/infotep.com.ar\/index.php\/2023\/11\/25\/el-centro-municipal-vivir-sin-violencia-de-moron-cumplio-18-anos\/","title":{"rendered":"El Centro Municipal Vivir Sin Violencia de Mor\u00f3n cumpli\u00f3 18 a\u00f1os"},"content":{"rendered":"\n<p>El Municipio de Mor\u00f3n celebr\u00f3 este jueves el 18\u00b0 aniversario del Centro Vivir Sin Violencia (Mendoza y Alem), con actividades culturales y de concientizaci\u00f3n sobre las pol\u00edticas de g\u00e9nero que se desarrollan en la comuna. Tambi\u00e9n se realiz\u00f3 una marcha por las calles c\u00e9ntricas de la ciudad por el D\u00eda Internacional de la Eliminaci\u00f3n de las Violencias por Razones de G\u00e9nero, que se celebra cada 25 de noviembre (25N).<\/p>\n\n\n\n<p>El Centro se inaugur\u00f3 en 2005 y fue uno de los primeros del pa\u00eds, lo que coloca a Mor\u00f3n como un municipio pionero en materia de pol\u00edticas de g\u00e9nero. El espacio brinda asistencia y contenci\u00f3n a mujeres y poblaci\u00f3n LGTBI+ en situaci\u00f3n de violencia por razones de g\u00e9nero. Ofrece asesoramiento jur\u00eddico, asistencia psicol\u00f3gica y social a trav\u00e9s de un equipo compuesto por abogadas, trabajadores sociales y psic\u00f3logas.<\/p>\n\n\n\n<p>En las actividades estuvo presente la diputada nacional M\u00f3nica Macha, una de las principales impulsoras de la creaci\u00f3n del Centro Vivir Sin Violencia, integrante del gobierno municipal de Mart\u00edn Sabbatella al momento que fue inaugurado este espacio. \u201cFestejar los 18 a\u00f1os del Centro Vivir Sin Violencia significa celebrar la continuidad de una pol\u00edtica p\u00fablica que genera derechos. Hace 20 a\u00f1os empezamos a trabajar en esta perspectiva, que fue transversal a toda la gesti\u00f3n municipal, y eso nos llev\u00f3 a ir construyendo un trabajo territorial muy importante en todos los barrios de Mor\u00f3n, que hoy est\u00e1 s\u00faper fortalecido\u201d, resalt\u00f3 Macha durante la marcha . .<\/p>\n\n\n\n<p>Los 18 a\u00f1os del Centro coinciden adem\u00e1s con una nueva conmemoraci\u00f3n del 25N, y en ese marco, tambi\u00e9n se realiz\u00f3 la tradicional marcha por las calles de Mor\u00f3n, convocada por el Municipio para sensibilizar sobre las situaciones de violencia por razones de g\u00e9nero y promover las pol\u00edticas. p\u00fablicos que lleva adelante el Estado local para garantizar derechos e igualdad de oportunidades.<\/p>\n\n\n\n<p>Durante la jornada, la secretar\u00eda de Mujeres, G\u00e9neros, Diversidad y Derechos Humanos del Municipio, Cinthia Fr\u00edas, expres\u00f3 que \u201choy m\u00e1s que nunca, es importante reivindicar estas pol\u00edticas que llevamos desde este Estado municipal, que fue pionero en la materia, y que logramos consolidar a lo largo de los a\u00f1os, con mucho compromiso para mejorar la vida de toda la comunidad\u201d.<\/p>\n\n\n\n<p>La marcha recorri\u00f3 las calles c\u00e9ntricas de Mor\u00f3n y tambi\u00e9n se realizaron intervenciones art\u00edsticas en diferentes puntos antes de culminar en la Plaza San Mart\u00edn.<\/p>\n\n\n\n<p class=\"has-light-green-cyan-background-color has-background\">En caso de padecer, percibir o anunciar situaciones de riesgo, se pueden comunicar de lunes a viernes de 8 a 17 al 4629\u20136272 o al 11\u20133177\u20130386. Adem\u00e1s, la l\u00ednea gratuita 144 se encuentra abierta las 24 horas los 365 d\u00edas del a\u00f1o.<\/p>\n","protected":false},"excerpt":{"rendered":"<p>El Municipio de Mor&oacute;n celebr&oacute; este jueves el 18&deg; aniversario del Centro Vivir Sin Violencia (Mendoza y Alem), con actividades culturales y de concientizaci&oacute;n sobre las pol&iacute;ticas de g&eacute;nero que se desarrollan en la comuna. Tambi&eacute;n se realiz&oacute; una marcha por las calles c&eacute;ntricas de la ciudad por el D&iacute;a Internacional de la Eliminaci&oacute;n de &hellip; <\/p>\n","protected":false},"author":5,"featured_media":9439,"comment_status":"closed","ping_status":"closed","sticky":false,"template":"","format":"standard","meta":{"om_disable_all_campaigns":false,"_joinchat":[]},"categories":[9],"tags":[46,53,43],"featured_image_urls":{"full":["https:\/\/infotep.com.ar\/wp-content\/uploads\/2023\/11\/mujeres.webp",1280,853,false],"thumbnail":["https:\/\/infotep.com.ar\/wp-content\/uploads\/2023\/11\/mujeres-150x150.webp",150,150,true],"medium":["https:\/\/infotep.com.ar\/wp-content\/uploads\/2023\/11\/mujeres-300x200.webp",300,200,true],"medium_large":["https:\/\/infotep.com.ar\/wp-content\/uploads\/2023\/11\/mujeres-768x512.webp",768,512,true],"large":["https:\/\/infotep.com.ar\/wp-content\/uploads\/2023\/11\/mujeres-1024x682.webp",1020,679,true],"1536x1536":["https:\/\/infotep.com.ar\/wp-content\/uploads\/2023\/11\/mujeres.webp",1280,853,false],"2048x2048":["https:\/\/infotep.com.ar\/wp-content\/uploads\/2023\/11\/mujeres.webp",1280,853,false],"blossom-feminine-slider":["https:\/\/infotep.com.ar\/wp-content\/uploads\/2023\/11\/mujeres-1280x649.webp",1280,649,true],"blossom-feminine-featured":["https:\/\/infotep.com.ar\/wp-content\/uploads\/2023\/11\/mujeres-1280x600.webp",1280,600,true],"blossom-feminine-with-sidebar":["https:\/\/infotep.com.ar\/wp-content\/uploads\/2023\/11\/mujeres-1020x600.webp",1020,600,true],"blossom-feminine-blog":["https:\/\/infotep.com.ar\/wp-content\/uploads\/2023\/11\/mujeres-435x435.webp",435,435,true],"blossom-feminine-cat":["https:\/\/infotep.com.ar\/wp-content\/uploads\/2023\/11\/mujeres-450x300.webp",450,300,true],"blossom-feminine-related":["https:\/\/infotep.com.ar\/wp-content\/uploads\/2023\/11\/mujeres-320x200.webp",320,200,true],"blossom-feminine-schema":["https:\/\/infotep.com.ar\/wp-content\/uploads\/2023\/11\/mujeres-90x60.webp",90,60,true],"blossom-mommy-blog-slider-big":["https:\/\/infotep.com.ar\/wp-content\/uploads\/2023\/11\/mujeres-920x650.webp",920,650,true],"blossom-mommy-blog-slider":["https:\/\/infotep.com.ar\/wp-content\/uploads\/2023\/11\/mujeres-460x310.webp",460,310,true],"blossom-mommy-blog-two":["https:\/\/infotep.com.ar\/wp-content\/uploads\/2023\/11\/mujeres-768x480.webp",768,480,true]},"author_info":{"info":["Angela Tobar"]},"category_info":"<a href=\"https:\/\/infotep.com.ar\/index.php\/category\/municipales\/moron\/\" rel=\"category tag\">Mor\u00f3n<\/a>","tag_info":"Mor\u00f3n","comment_count":"0","_links":{"self":[{"href":"https:\/\/infotep.com.ar\/index.php\/wp-json\/wp\/v2\/posts\/9438"}],"collection":[{"href":"https:\/\/infotep.com.ar\/index.php\/wp-json\/wp\/v2\/posts"}],"about":[{"href":"https:\/\/infotep.com.ar\/index.php\/wp-json\/wp\/v2\/types\/post"}],"author":[{"embeddable":true,"href":"https:\/\/infotep.com.ar\/index.php\/wp-json\/wp\/v2\/users\/5"}],"replies":[{"embeddable":true,"href":"https:\/\/infotep.com.ar\/index.php\/wp-json\/wp\/v2\/comments?post=9438"}],"version-history":[{"count":1,"href":"https:\/\/infotep.com.ar\/index.php\/wp-json\/wp\/v2\/posts\/9438\/revisions"}],"predecessor-version":[{"id":9440,"href":"https:\/\/infotep.com.ar\/index.php\/wp-json\/wp\/v2\/posts\/9438\/revisions\/9440"}],"wp:featuredmedia":[{"embeddable":true,"href":"https:\/\/infotep.com.ar\/index.php\/wp-json\/wp\/v2\/media\/9439"}],"wp:attachment":[{"href":"https:\/\/infotep.com.ar\/index.php\/wp-json\/wp\/v2\/media?parent=9438"}],"wp:term":[{"taxonomy":"category","embeddable":true,"href":"https:\/\/infotep.com.ar\/index.php\/wp-json\/wp\/v2\/categories?post=9438"},{"taxonomy":"post_tag","embeddable":true,"href":"https:\/\/infotep.com.ar\/index.php\/wp-json\/wp\/v2\/tags?post=9438"}],"curies":[{"name":"wp","href":"https:\/\/api.w.org\/{rel}","templated":true}]}}