{"id":9459,"date":"2023-11-27T15:37:34","date_gmt":"2023-11-27T18:37:34","guid":{"rendered":"https:\/\/infotep.com.ar\/?p=9459"},"modified":"2023-11-27T15:37:35","modified_gmt":"2023-11-27T18:37:35","slug":"kicillof-se-reune-con-intendentes-electos-para-repasar-la-situacion-economica","status":"publish","type":"post","link":"https:\/\/infotep.com.ar\/index.php\/2023\/11\/27\/kicillof-se-reune-con-intendentes-electos-para-repasar-la-situacion-economica\/","title":{"rendered":"Kicillof se re\u00fane con intendentes electos para repasar la situaci\u00f3n econ\u00f3mica"},"content":{"rendered":"\n<p>El mandatario y los jefes comunales trazar\u00e1n durante el encuentro un panorama pol\u00edtico y econ\u00f3mico luego del proyecto de ley que envi\u00f3 el gobernador reelecto para ejecutar proyectos, programas sociales e inversi\u00f3n p\u00fablica.<\/p>\n\n\n\n<p>El gobernador de la provincia de Buenos Aires, Axel Kicillof, se re\u00fane este lunes con los intendentes que resultaron electos en el distrito para repasar la situaci\u00f3n econ\u00f3mica y plantear los desaf\u00edos para el segundo mandato.<\/p>\n\n\n\n<p><strong>El encuentro con los jefes comunales se lleva en la Casa de Gobierno, ubicada en La Plata, informaron fuentes gubernamentales.<\/strong><\/p>\n\n\n\n<p>El mandatario, que fue reelecto para un segundo per\u00edodo, trazar\u00e1 un panorama de la situaci\u00f3n pol\u00edtica y econ\u00f3mica del distrito.<\/p>\n\n\n\n<p>El viernes \u00faltimo, Kicillof envi\u00f3 a la Legislatura un proyecto de ley en el que solicita una autorizaci\u00f3n para que la provincia tome una deuda en pesos por hasta el equivalente a 150 millones de d\u00f3lares.<\/p>\n\n\n\n<p class=\"has-light-green-cyan-background-color has-background\">De acuerdo al texto de ese proyecto, el objetivo es &#8220;financiar la ejecuci\u00f3n e proyectos y\/o programas sociales y\/o de inversi\u00f3n p\u00fablica actualmente en desarrollo o que se prevea iniciar, incluyendo aquellas en materia ambiental y de desarrollos sustentable, atender el d\u00e9ficit financiero, regularizar atrasos de Tesorer\u00eda, otorgar avales, fianzas y\/u otras garant\u00edas, afrontar la cancelaci\u00f3n o renegociaci\u00f3n de deudas, como as\u00ed tambi\u00e9n tender a mejorar el perfil de vencimientos y\/o las condiciones financieras de la deuda p\u00fablica&#8221;.<\/p>\n\n\n\n<p>Tambi\u00e9n establece que el Ministerio de Hacienda podr\u00e1 modificar &#8220;los cronogramas de devoluci\u00f3n de las deudas vigentes en el marco del &#8216;Fondo Especial Emergencia Sanitaria para la Contenci\u00f3n Fiscal Muniicipal y del Fondo Especial de Asignaciones Extraordinarias Salariales para Municipios'&#8221;.<\/p>\n\n\n\n<p>Asimismo se busca, entre otros aspectos, &#8220;prorrogar por dos a\u00f1os m\u00e1s las emergencias en materia de seguridad p\u00fablica, pol\u00edtica y salud penitenciaria, infraestructura, h\u00e1bitat, vivienda y servicios p\u00fablicos, administrativa y tecnol\u00f3gica y social, econ\u00f3mica, productiva, y energ\u00e9tica&#8221;.<\/p>\n","protected":false},"excerpt":{"rendered":"<p>El mandatario y los jefes comunales trazar&aacute;n durante el encuentro un panorama pol&iacute;tico y econ&oacute;mico luego del proyecto de ley que envi&oacute; el gobernador reelecto para ejecutar proyectos, programas sociales e inversi&oacute;n p&uacute;blica. El gobernador de la provincia de Buenos Aires, Axel Kicillof, se re&uacute;ne este lunes con los intendentes que resultaron electos en el &hellip; <\/p>\n","protected":false},"author":5,"featured_media":1390,"comment_status":"closed","ping_status":"closed","sticky":false,"template":"","format":"standard","meta":{"om_disable_all_campaigns":false,"_joinchat":[]},"categories":[31,4],"tags":[46,43],"featured_image_urls":{"full":["https:\/\/infotep.com.ar\/wp-content\/uploads\/2022\/09\/kicillof.jpg",696,392,false],"thumbnail":["https:\/\/infotep.com.ar\/wp-content\/uploads\/2022\/09\/kicillof-150x150.jpg",150,150,true],"medium":["https:\/\/infotep.com.ar\/wp-content\/uploads\/2022\/09\/kicillof-300x169.jpg",300,169,true],"medium_large":["https:\/\/infotep.com.ar\/wp-content\/uploads\/2022\/09\/kicillof.jpg",696,392,false],"large":["https:\/\/infotep.com.ar\/wp-content\/uploads\/2022\/09\/kicillof.jpg",696,392,false],"1536x1536":["https:\/\/infotep.com.ar\/wp-content\/uploads\/2022\/09\/kicillof.jpg",696,392,false],"2048x2048":["https:\/\/infotep.com.ar\/wp-content\/uploads\/2022\/09\/kicillof.jpg",696,392,false],"blossom-feminine-slider":["https:\/\/infotep.com.ar\/wp-content\/uploads\/2022\/09\/kicillof.jpg",696,392,false],"blossom-feminine-featured":["https:\/\/infotep.com.ar\/wp-content\/uploads\/2022\/09\/kicillof.jpg",696,392,false],"blossom-feminine-with-sidebar":["https:\/\/infotep.com.ar\/wp-content\/uploads\/2022\/09\/kicillof.jpg",696,392,false],"blossom-feminine-blog":["https:\/\/infotep.com.ar\/wp-content\/uploads\/2022\/09\/kicillof-435x392.jpg",435,392,true],"blossom-feminine-cat":["https:\/\/infotep.com.ar\/wp-content\/uploads\/2022\/09\/kicillof-450x300.jpg",450,300,true],"blossom-feminine-related":["https:\/\/infotep.com.ar\/wp-content\/uploads\/2022\/09\/kicillof-320x200.jpg",320,200,true],"blossom-feminine-schema":["https:\/\/infotep.com.ar\/wp-content\/uploads\/2022\/09\/kicillof-107x60.jpg",107,60,true],"blossom-mommy-blog-slider-big":["https:\/\/infotep.com.ar\/wp-content\/uploads\/2022\/09\/kicillof.jpg",696,392,false],"blossom-mommy-blog-slider":["https:\/\/infotep.com.ar\/wp-content\/uploads\/2022\/09\/kicillof-460x310.jpg",460,310,true],"blossom-mommy-blog-two":["https:\/\/infotep.com.ar\/wp-content\/uploads\/2022\/09\/kicillof.jpg",696,392,false]},"author_info":{"info":["Angela Tobar"]},"category_info":"<a href=\"https:\/\/infotep.com.ar\/index.php\/category\/destacadas\/\" rel=\"category tag\">Destacadas<\/a> <a href=\"https:\/\/infotep.com.ar\/index.php\/category\/provinciales\/\" rel=\"category tag\">Provinciales<\/a>","tag_info":"Provinciales","comment_count":"0","_links":{"self":[{"href":"https:\/\/infotep.com.ar\/index.php\/wp-json\/wp\/v2\/posts\/9459"}],"collection":[{"href":"https:\/\/infotep.com.ar\/index.php\/wp-json\/wp\/v2\/posts"}],"about":[{"href":"https:\/\/infotep.com.ar\/index.php\/wp-json\/wp\/v2\/types\/post"}],"author":[{"embeddable":true,"href":"https:\/\/infotep.com.ar\/index.php\/wp-json\/wp\/v2\/users\/5"}],"replies":[{"embeddable":true,"href":"https:\/\/infotep.com.ar\/index.php\/wp-json\/wp\/v2\/comments?post=9459"}],"version-history":[{"count":1,"href":"https:\/\/infotep.com.ar\/index.php\/wp-json\/wp\/v2\/posts\/9459\/revisions"}],"predecessor-version":[{"id":9466,"href":"https:\/\/infotep.com.ar\/index.php\/wp-json\/wp\/v2\/posts\/9459\/revisions\/9466"}],"wp:featuredmedia":[{"embeddable":true,"href":"https:\/\/infotep.com.ar\/index.php\/wp-json\/wp\/v2\/media\/1390"}],"wp:attachment":[{"href":"https:\/\/infotep.com.ar\/index.php\/wp-json\/wp\/v2\/media?parent=9459"}],"wp:term":[{"taxonomy":"category","embeddable":true,"href":"https:\/\/infotep.com.ar\/index.php\/wp-json\/wp\/v2\/categories?post=9459"},{"taxonomy":"post_tag","embeddable":true,"href":"https:\/\/infotep.com.ar\/index.php\/wp-json\/wp\/v2\/tags?post=9459"}],"curies":[{"name":"wp","href":"https:\/\/api.w.org\/{rel}","templated":true}]}}