{"id":9463,"date":"2023-11-27T15:35:54","date_gmt":"2023-11-27T18:35:54","guid":{"rendered":"https:\/\/infotep.com.ar\/?p=9463"},"modified":"2023-11-27T15:35:55","modified_gmt":"2023-11-27T18:35:55","slug":"los-gobernadores-del-pj-se-reunen-para-fijar-posicion-ante-la-presidencia-de-milei","status":"publish","type":"post","link":"https:\/\/infotep.com.ar\/index.php\/2023\/11\/27\/los-gobernadores-del-pj-se-reunen-para-fijar-posicion-ante-la-presidencia-de-milei\/","title":{"rendered":"Los gobernadores del PJ se re\u00fanen para fijar posici\u00f3n ante la presidencia de Milei"},"content":{"rendered":"\n<p>La cita es este martes a las 13 en la sede porte\u00f1a del Banco Provincia, donde concurrir\u00e1n los jefes provinciales del PJ -nueve gobernadores m\u00e1s dos de espacios aliados-. Que el nuevo lugar elegido sea la filial del Bapro le otorga protagonismo a Kicillof, uno de los posibles referentes de la oposici\u00f3n para el ciclo pol\u00edtico que se avecina.<\/p>\n\n\n\n<p>Los gobernadores del peronismo y espacios aliados se re\u00fanen este martes en la ciudad de Buenos Aires para fijar posici\u00f3n ante el Gobierno electo de Javier Milei, en lo que ser\u00e1 el primer encuentro de los jefes provinciales del PJ desde la derrota electoral de Uni\u00f3n por la Patria (UxP) en el balotaje.<\/p>\n\n\n\n<p>La cita es a las 13 en la sede porte\u00f1a del Banco Provincia, en el microcentro, donde los jefes provinciales del PJ compartir\u00e1n un almuerzo, indicaron a T\u00e9lam fuentes oficiales. En ese encuentro, que se organiz\u00f3 con cierto hermetismo, los mandatarios tienen previsto avanzar en una posici\u00f3n com\u00fan ante la pr\u00f3xima administraci\u00f3n de Milei.<\/p>\n\n\n\n<p>En efecto, la cita hab\u00eda sido prevista, primero, para el Consejo Federal de Inversiones (CFI), lugar de reuni\u00f3n habitual de los gobernadores en la Capital, pero luego se modific\u00f3 la sede.<\/p>\n\n\n\n<p>Que el nuevo lugar elegido sea la filial porte\u00f1a del Bapro le otorga cierto protagonismo a Kicillof, observado por distintos sectores del peronismo como uno de los posibles referentes de la oposici\u00f3n para el ciclo pol\u00edtico que se avecina.<\/p>\n\n\n\n<p>En efecto, los distintos sectores peronistas se debaten por estos d\u00edas entre la asimilaci\u00f3n del resultado electoral, el llamado a una autocr\u00edtica colectiva que hiciera el presidente Alberto Fern\u00e1ndez y la necesidad de trazar una nueva estrategia de reagrupamiento en los distritos donde se retuvo el poder, especialmente en la provincia de Buenos Aires.<\/p>\n\n\n\n<p>La convocatoria reunir\u00eda no s\u00f3lo a los gobernadores de UxP sino adem\u00e1s a aquellos que fueron electos por espacios aliados, como el rionegrino Alberto Weretilneck, de Juntos Somos R\u00edo Negro (JSRN), y el misionero Hugo Passalacqua, del Frente Renovador de la Concordia.<\/p>\n\n\n\n<p>Tambi\u00e9n asistir\u00e1n algunos mandatarios que resultaron derrotados en sus distritos como la santacruce\u00f1a Alicia Kirchner y el chaque\u00f1o Jorge Capitanich, que se encuentra en la ciudad de Buenos Aires.<\/p>\n\n\n\n<p>Tras haber perdido este a\u00f1o las gobernaciones de San Juan, Entre R\u00edos, San Luis, Santa Fe, Santa Cruz y Chaco a manos de Juntos por el Cambio (JxC), el PJ y sus aliados quedaron al mando de nueve provincias: Tierra del Fuego (Gustavo Melella); La Pampa (Sergio Ziliotto); Buenos Aires (Axel Kicillof); Formosa (Gildo Insfr\u00e1n); Salta (Gustavo S\u00e1enz); Catamarca (Ra\u00fal Jalil); La Rioja (Ricardo Quintela); Tucum\u00e1n (Osvaldo Jaldo) y Santiago del Estero (Gerardo Zamora).<\/p>\n\n\n\n<p>De ellos, el salte\u00f1o S\u00e1enz fue quien se adelant\u00f3 y la semana \u00faltima se reuni\u00f3 con dos representantes de la administraci\u00f3n entrante, Guillermo Francos y Nicol\u00e1s Posse &#8211;anunciados por Milei como sus futuros ministro del Interior y jefe de Gabinete, respectivamente&#8211;, ante quienes plante\u00f3 las &#8220;inquietudes&#8221; de las provincias en materia de federalismo.<\/p>\n\n\n\n<p>A los jefes provinciales les preocupa la decisi\u00f3n de Milei de recortar la coparticipaci\u00f3n federal y dar por terminada la obra p\u00fablica realizada desde el Estado nacional, anuncios que, de concretarse, afectar\u00e1n la conectividad y producir\u00e1n un deterioro en la calidad de vida de los distritos alejados de la regi\u00f3n centro.<\/p>\n\n\n\n<p>A\u00fan sin certezas sobre los pr\u00f3ximos pasos que dar\u00e1 en pol\u00edtica el excandidato presidencial Sergio Massa tras el rev\u00e9s en el balotaje, las distintas corrientes del peronismo, entre las que se cuentan tambi\u00e9n intendentes del conurbano bonaerense, sindicatos y movimientos sociales, dieron inicio a un reordenamiento destinado a definir nuevos liderazgos para un ciclo pol\u00edtico que, presumen, ser\u00e1 complejo y delicado.<\/p>\n\n\n\n<p>Ese reagrupamiento reviste especial inter\u00e9s en territorio bonaerense, donde Kicillof logr\u00f3 la reelecci\u00f3n con el 44,8% de los votos, un resultado que lo posiciona como posible referente de una hipot\u00e9tica reorganizaci\u00f3n peronista en la pr\u00f3xima etapa.<\/p>\n\n\n\n<p>A esa b\u00fasqueda de nuevas terminales se suma adem\u00e1s el llamado a hacer una autocr\u00edtica que realizara la semana pasada el propio Alberto Fern\u00e1ndez, quien propuso iniciar una fase de &#8220;reflexi\u00f3n&#8221; y &#8220;replantarse cosas&#8221; porque el Gobierno del Frente de Todos, dijo, &#8220;no pudo sintetizar con mucha gente del pueblo&#8221;.<\/p>\n\n\n\n<p>En espejo, los gobernadores de Juntos por el Cambio (JxC) tambi\u00e9n se re\u00fanen este martes en el barrio porte\u00f1o de Palermo junto a legisladores de ese espacio para analizar la situaci\u00f3n pol\u00edtica que se abre con la nueva administraci\u00f3n, en un encuentro que tambi\u00e9n estar\u00e1 dominado por la situaci\u00f3n financiera de las provincias.<\/p>\n","protected":false},"excerpt":{"rendered":"<p>La cita es este martes a las 13 en la sede porte&ntilde;a del Banco Provincia, donde concurrir&aacute;n los jefes provinciales del PJ -nueve gobernadores m&aacute;s dos de espacios aliados-. Que el nuevo lugar elegido sea la filial del Bapro le otorga protagonismo a Kicillof, uno de los posibles referentes de la oposici&oacute;n para el ciclo &hellip; <\/p>\n","protected":false},"author":5,"featured_media":9464,"comment_status":"closed","ping_status":"closed","sticky":false,"template":"","format":"standard","meta":{"om_disable_all_campaigns":false,"_joinchat":[]},"categories":[4],"tags":[46,43],"featured_image_urls":{"full":["https:\/\/infotep.com.ar\/wp-content\/uploads\/2023\/11\/gobernadores.png",1004,565,false],"thumbnail":["https:\/\/infotep.com.ar\/wp-content\/uploads\/2023\/11\/gobernadores-150x150.png",150,150,true],"medium":["https:\/\/infotep.com.ar\/wp-content\/uploads\/2023\/11\/gobernadores-300x169.png",300,169,true],"medium_large":["https:\/\/infotep.com.ar\/wp-content\/uploads\/2023\/11\/gobernadores-768x432.png",768,432,true],"large":["https:\/\/infotep.com.ar\/wp-content\/uploads\/2023\/11\/gobernadores.png",1004,565,false],"1536x1536":["https:\/\/infotep.com.ar\/wp-content\/uploads\/2023\/11\/gobernadores.png",1004,565,false],"2048x2048":["https:\/\/infotep.com.ar\/wp-content\/uploads\/2023\/11\/gobernadores.png",1004,565,false],"blossom-feminine-slider":["https:\/\/infotep.com.ar\/wp-content\/uploads\/2023\/11\/gobernadores.png",1004,565,false],"blossom-feminine-featured":["https:\/\/infotep.com.ar\/wp-content\/uploads\/2023\/11\/gobernadores.png",1004,565,false],"blossom-feminine-with-sidebar":["https:\/\/infotep.com.ar\/wp-content\/uploads\/2023\/11\/gobernadores.png",1004,565,false],"blossom-feminine-blog":["https:\/\/infotep.com.ar\/wp-content\/uploads\/2023\/11\/gobernadores-435x435.png",435,435,true],"blossom-feminine-cat":["https:\/\/infotep.com.ar\/wp-content\/uploads\/2023\/11\/gobernadores-450x300.png",450,300,true],"blossom-feminine-related":["https:\/\/infotep.com.ar\/wp-content\/uploads\/2023\/11\/gobernadores-320x200.png",320,200,true],"blossom-feminine-schema":["https:\/\/infotep.com.ar\/wp-content\/uploads\/2023\/11\/gobernadores-107x60.png",107,60,true],"blossom-mommy-blog-slider-big":["https:\/\/infotep.com.ar\/wp-content\/uploads\/2023\/11\/gobernadores-920x565.png",920,565,true],"blossom-mommy-blog-slider":["https:\/\/infotep.com.ar\/wp-content\/uploads\/2023\/11\/gobernadores-460x310.png",460,310,true],"blossom-mommy-blog-two":["https:\/\/infotep.com.ar\/wp-content\/uploads\/2023\/11\/gobernadores-768x480.png",768,480,true]},"author_info":{"info":["Angela Tobar"]},"category_info":"<a href=\"https:\/\/infotep.com.ar\/index.php\/category\/provinciales\/\" rel=\"category tag\">Provinciales<\/a>","tag_info":"Provinciales","comment_count":"0","_links":{"self":[{"href":"https:\/\/infotep.com.ar\/index.php\/wp-json\/wp\/v2\/posts\/9463"}],"collection":[{"href":"https:\/\/infotep.com.ar\/index.php\/wp-json\/wp\/v2\/posts"}],"about":[{"href":"https:\/\/infotep.com.ar\/index.php\/wp-json\/wp\/v2\/types\/post"}],"author":[{"embeddable":true,"href":"https:\/\/infotep.com.ar\/index.php\/wp-json\/wp\/v2\/users\/5"}],"replies":[{"embeddable":true,"href":"https:\/\/infotep.com.ar\/index.php\/wp-json\/wp\/v2\/comments?post=9463"}],"version-history":[{"count":1,"href":"https:\/\/infotep.com.ar\/index.php\/wp-json\/wp\/v2\/posts\/9463\/revisions"}],"predecessor-version":[{"id":9465,"href":"https:\/\/infotep.com.ar\/index.php\/wp-json\/wp\/v2\/posts\/9463\/revisions\/9465"}],"wp:featuredmedia":[{"embeddable":true,"href":"https:\/\/infotep.com.ar\/index.php\/wp-json\/wp\/v2\/media\/9464"}],"wp:attachment":[{"href":"https:\/\/infotep.com.ar\/index.php\/wp-json\/wp\/v2\/media?parent=9463"}],"wp:term":[{"taxonomy":"category","embeddable":true,"href":"https:\/\/infotep.com.ar\/index.php\/wp-json\/wp\/v2\/categories?post=9463"},{"taxonomy":"post_tag","embeddable":true,"href":"https:\/\/infotep.com.ar\/index.php\/wp-json\/wp\/v2\/tags?post=9463"}],"curies":[{"name":"wp","href":"https:\/\/api.w.org\/{rel}","templated":true}]}}