{"id":9470,"date":"2023-11-27T15:45:29","date_gmt":"2023-11-27T18:45:29","guid":{"rendered":"https:\/\/infotep.com.ar\/?p=9470"},"modified":"2023-11-27T15:45:30","modified_gmt":"2023-11-27T18:45:30","slug":"un-intendente-peronista-pidio-la-renuncia-de-alberto-fernandez-y-maximo-kirchner-como-autoridades-del-pj","status":"publish","type":"post","link":"https:\/\/infotep.com.ar\/index.php\/2023\/11\/27\/un-intendente-peronista-pidio-la-renuncia-de-alberto-fernandez-y-maximo-kirchner-como-autoridades-del-pj\/","title":{"rendered":"Un intendente peronista pidi\u00f3 la renuncia de Alberto Fern\u00e1ndez y M\u00e1ximo Kirchner como autoridades del PJ"},"content":{"rendered":"\n<p>El intendente de Esteban Echeverr\u00eda, Fernando Gray, dio pie a la primera reacci\u00f3n del oficialismo tras la derrota electora de Sergio Massa ante el libertario Javier Milei. A una semana del balotaje, Gray pidi\u00f3 la renuncia de M\u00e1ximo Kirchner y de Alberto Fern\u00e1ndez a sus cargos como autoridades del PJ.<\/p>\n\n\n\n<p>A trav\u00e9s de un duro comunicado, el intendente cuestion\u00f3 la ausencia de &#8220;convocatoria, pronunciamiento o tan solo un \u2018gesto pol\u00edtico\u2019 de los \u00f3rganos partidarios&#8221; por lo que enfatiz\u00f3 que &#8220;corresponde que el presidente del PJ Nacional, Alberto Fern\u00e1ndez, y quien se arroga la presidencia del PJ de la Provincia de Buenos Aires, M\u00e1ximo Kirchner, presenten sus renuncias&#8221;.<\/p>\n\n\n\n<p>&#8220;Ni m\u00e1s ni menos que lo hecho por N\u00e9stor Kirchner luego de la derrota del 2009\u201d, subray\u00f3 el acalde en el escrito cuando el Frente para la Victoria perdi\u00f3 las elecciones legislativas de 2009 en el distrito bonaerense, ante el Francisco De Narv\u00e1ez.<\/p>\n\n\n\n<p>Las intenciones de Gray son que Alberto Fern\u00e1ndez de un paso al costado de la presidencial Partido Justicialista Nacional y que M\u00e1ximo Kirchner haga lo propio en el Partido Justicialista de la Provincia de Buenos Aires.<\/p>\n\n\n\n<p>Asimismo, record\u00f3 su intervenci\u00f3n en la justicia cuando en 2021, el hijo de la vicepresidenta lo sucedi\u00f3 en el cargo, luego de la elecci\u00f3n de autoridades del PJ bonaerense, proceso que -aclar\u00f3- \u201cse encuentra en la Corte Suprema de Justicia de la Naci\u00f3n\u201d.<\/p>\n\n\n\n<p>&#8220;En esa oportunidad, la C\u00e1mara Nacional Electoral permiti\u00f3, en un hecho in\u00e9dito, elevar el recurso solicitado por Gray a la Corte, fundamentado en un caso de &#8216;gravedad institucional'&#8221;, apunt\u00f3 adem\u00e1s.<\/p>\n\n\n\n<p>No es la primera vez que Gray apunta contra M\u00e1ximo Kirchner y la fuerza que lidera. \u201cEl peronismo es much\u00edsimo m\u00e1s que La C\u00e1mpora\u201d, resalta siempre que puede. Incluso, en tiempos en los que el diputado renunci\u00f3 a la presidencia del bloque del Frente de Todos, tras el acuerdo con el Fondo Monetario Internacional (FMI) que encabez\u00f3 Alberto Fern\u00e1ndez, el intendente carg\u00f3 con dureza.<\/p>\n","protected":false},"excerpt":{"rendered":"<p>El intendente de Esteban Echeverr&iacute;a, Fernando Gray, dio pie a la primera reacci&oacute;n del oficialismo tras la derrota electora de Sergio Massa ante el libertario Javier Milei. A una semana del balotaje, Gray pidi&oacute; la renuncia de M&aacute;ximo Kirchner y de Alberto Fern&aacute;ndez a sus cargos como autoridades del PJ. A trav&eacute;s de un duro &hellip; <\/p>\n","protected":false},"author":5,"featured_media":9471,"comment_status":"closed","ping_status":"closed","sticky":false,"template":"","format":"standard","meta":{"om_disable_all_campaigns":false,"_joinchat":[]},"categories":[3,4],"tags":[46,43],"featured_image_urls":{"full":["https:\/\/infotep.com.ar\/wp-content\/uploads\/2023\/11\/fernando-gray.webp",790,474,false],"thumbnail":["https:\/\/infotep.com.ar\/wp-content\/uploads\/2023\/11\/fernando-gray-150x150.webp",150,150,true],"medium":["https:\/\/infotep.com.ar\/wp-content\/uploads\/2023\/11\/fernando-gray-300x180.webp",300,180,true],"medium_large":["https:\/\/infotep.com.ar\/wp-content\/uploads\/2023\/11\/fernando-gray-768x461.webp",768,461,true],"large":["https:\/\/infotep.com.ar\/wp-content\/uploads\/2023\/11\/fernando-gray.webp",790,474,false],"1536x1536":["https:\/\/infotep.com.ar\/wp-content\/uploads\/2023\/11\/fernando-gray.webp",790,474,false],"2048x2048":["https:\/\/infotep.com.ar\/wp-content\/uploads\/2023\/11\/fernando-gray.webp",790,474,false],"blossom-feminine-slider":["https:\/\/infotep.com.ar\/wp-content\/uploads\/2023\/11\/fernando-gray.webp",790,474,false],"blossom-feminine-featured":["https:\/\/infotep.com.ar\/wp-content\/uploads\/2023\/11\/fernando-gray.webp",790,474,false],"blossom-feminine-with-sidebar":["https:\/\/infotep.com.ar\/wp-content\/uploads\/2023\/11\/fernando-gray.webp",790,474,false],"blossom-feminine-blog":["https:\/\/infotep.com.ar\/wp-content\/uploads\/2023\/11\/fernando-gray-435x435.webp",435,435,true],"blossom-feminine-cat":["https:\/\/infotep.com.ar\/wp-content\/uploads\/2023\/11\/fernando-gray-450x300.webp",450,300,true],"blossom-feminine-related":["https:\/\/infotep.com.ar\/wp-content\/uploads\/2023\/11\/fernando-gray-320x200.webp",320,200,true],"blossom-feminine-schema":["https:\/\/infotep.com.ar\/wp-content\/uploads\/2023\/11\/fernando-gray-100x60.webp",100,60,true],"blossom-mommy-blog-slider-big":["https:\/\/infotep.com.ar\/wp-content\/uploads\/2023\/11\/fernando-gray.webp",790,474,false],"blossom-mommy-blog-slider":["https:\/\/infotep.com.ar\/wp-content\/uploads\/2023\/11\/fernando-gray-460x310.webp",460,310,true],"blossom-mommy-blog-two":["https:\/\/infotep.com.ar\/wp-content\/uploads\/2023\/11\/fernando-gray-768x474.webp",768,474,true]},"author_info":{"info":["Angela Tobar"]},"category_info":"<a href=\"https:\/\/infotep.com.ar\/index.php\/category\/nacionales\/\" rel=\"category tag\">Nacionales<\/a> <a href=\"https:\/\/infotep.com.ar\/index.php\/category\/provinciales\/\" rel=\"category tag\">Provinciales<\/a>","tag_info":"Provinciales","comment_count":"0","_links":{"self":[{"href":"https:\/\/infotep.com.ar\/index.php\/wp-json\/wp\/v2\/posts\/9470"}],"collection":[{"href":"https:\/\/infotep.com.ar\/index.php\/wp-json\/wp\/v2\/posts"}],"about":[{"href":"https:\/\/infotep.com.ar\/index.php\/wp-json\/wp\/v2\/types\/post"}],"author":[{"embeddable":true,"href":"https:\/\/infotep.com.ar\/index.php\/wp-json\/wp\/v2\/users\/5"}],"replies":[{"embeddable":true,"href":"https:\/\/infotep.com.ar\/index.php\/wp-json\/wp\/v2\/comments?post=9470"}],"version-history":[{"count":1,"href":"https:\/\/infotep.com.ar\/index.php\/wp-json\/wp\/v2\/posts\/9470\/revisions"}],"predecessor-version":[{"id":9472,"href":"https:\/\/infotep.com.ar\/index.php\/wp-json\/wp\/v2\/posts\/9470\/revisions\/9472"}],"wp:featuredmedia":[{"embeddable":true,"href":"https:\/\/infotep.com.ar\/index.php\/wp-json\/wp\/v2\/media\/9471"}],"wp:attachment":[{"href":"https:\/\/infotep.com.ar\/index.php\/wp-json\/wp\/v2\/media?parent=9470"}],"wp:term":[{"taxonomy":"category","embeddable":true,"href":"https:\/\/infotep.com.ar\/index.php\/wp-json\/wp\/v2\/categories?post=9470"},{"taxonomy":"post_tag","embeddable":true,"href":"https:\/\/infotep.com.ar\/index.php\/wp-json\/wp\/v2\/tags?post=9470"}],"curies":[{"name":"wp","href":"https:\/\/api.w.org\/{rel}","templated":true}]}}