{"id":9635,"date":"2023-12-05T10:22:42","date_gmt":"2023-12-05T13:22:42","guid":{"rendered":"https:\/\/infotep.com.ar\/?p=9635"},"modified":"2023-12-05T10:22:42","modified_gmt":"2023-12-05T13:22:42","slug":"la-pobreza-fue-de-447-en-tercer-trimestre-y-entre-ninos-y-adolescentes-llego-al-629-segun-uca","status":"publish","type":"post","link":"https:\/\/infotep.com.ar\/index.php\/2023\/12\/05\/la-pobreza-fue-de-447-en-tercer-trimestre-y-entre-ninos-y-adolescentes-llego-al-629-segun-uca\/","title":{"rendered":"La pobreza fue de 44,7% en tercer trimestre y entre ni\u00f1os y adolescentes lleg\u00f3 al 62,9%, seg\u00fan UCA"},"content":{"rendered":"\n<p><\/p>\n\n\n\n<p>La pobreza multidimensional urbana ascendi\u00f3 en el tercer trimestre de 2023 al 44,7% del total de la poblaci\u00f3n y al 62,9% de los ni\u00f1os y adolescentes, de acuerdo con el informe dado a conocer hoy por el Observatorio de la Deuda Social Argentina (ODSA) de la Universidad Cat\u00f3lica Argentina (UCA).<\/p>\n\n\n\n<p>Asimismo, la indigencia alcanz\u00f3 al 9,6% y la calidad de empleo cay\u00f3 a los niveles m\u00e1s bajo de la serie que el ODSA mide desde 2004, con un 33,1% de la poblaci\u00f3n econ\u00f3micamente activa mayor de 18 a\u00f1os en condici\u00f3n de desempleo (8,8%) o de subempleo inestable (24,3%).<\/p>\n\n\n\n<p>Las cifras de la nueva medici\u00f3n reflejan un crecimiento de los \u00edndices respecto al mismo trimestre de 2022, cuando la pobreza lleg\u00f3 al 43,1% y la indigencia al 8,1%.<\/p>\n\n\n\n<p>El director del Observatorio, Agust\u00edn Salvia, indic\u00f3 que para 2024 &#8220;se abre un escenario en el que la pobreza va a seguir aumentando, no de manera explosiva, sino en niveles similares al crecimiento que tuvo en los \u00faltimos dos a\u00f1os&#8221;, en un contexto que, como anticip\u00f3 el presidente electo Javier Milei, coexistir\u00e1n &#8220;una din\u00e1mica de alta inflaci\u00f3n con el estancamiento econ\u00f3mico&#8221;.<\/p>\n\n\n\n<p>&#8220;Estamos en presencia de una crisis que marca un fin de ciclo, gobierne quien gobierne&#8221;, sentenci\u00f3 en una rueda de prensa, en referencia a las dos d\u00e9cadas iniciadas en la &#8220;posconvertibilidad&#8221; en el que &#8220;se apost\u00f3 m\u00e1s al equilibrio social fomentando el consumo que al crecimiento econ\u00f3mico priorizando la inversi\u00f3n&#8221;.<\/p>\n\n\n\n<p>La s\u00edntesis de ese proceso fue &#8220;un comienzo que fue pr\u00f3spero, a lo que le sigui\u00f3 un per\u00edodo de estancamiento y finalmente entr\u00f3 en franca decadencia&#8221;, se\u00f1al\u00f3 y asegur\u00f3 que &#8220;si esto sigue as\u00ed, aumentar\u00e1n los pobres a costa de una reducci\u00f3n de las clases medias&#8221;.<\/p>\n\n\n\n<p>Sobre sus expectativas acerca del futuro gobierno de Milei, advirti\u00f3 que en el corto plazo habr\u00e1 &#8220;un ajuste en los precios relativos&#8221; que incidir\u00e1 negativamente en los niveles de pobreza e indigencia, mientras que en el mediano y largo plazo &#8220;no se sabe a d\u00f3nde va a llegar, pero si es exitoso tiene la potencialidad de crecimiento&#8221;.<\/p>\n\n\n\n<p>Salvia sostuvo que &#8220;en el proceso, habr\u00e1 una puja distributiva muy importante y los sectores m\u00e1s vulnerables deber\u00e1n ser cuidados&#8221;.<\/p>\n\n\n\n<p>&#8220;Hay un consenso que algo se est\u00e1 haciendo muy mal y hay que cambiarlo&#8221;, asegur\u00f3 y precis\u00f3 que &#8220;si esto sigue as\u00ed, habr\u00e1 un aumento de nuevos pobres por descenso de clase medias bajas, pobreza m\u00e1s estructural y mayor dependencia de los pobres extremos y las clases bajas de la asistencia p\u00fablica&#8221;.<\/p>\n\n\n\n<p>Por otra parte, el ODSA espera un &#8220;desarrollo de estructuras defensivas por parte de las clases medias empresarias&#8221;, adem\u00e1s de un &#8220;crecimiento del trabajo informal y de la econom\u00eda social de subsistencia con mayor autoexplotaci\u00f3n familiar y deterioro de la salud, la educaci\u00f3n, el h\u00e1bitat, la seguridad y el acceso a la Justicia de los sectores pobres&#8221;.<\/p>\n\n\n\n<p>&#8220;Desde hace mucho tiempo que la econom\u00eda argentina no garantiza un crecimiento estable y prolongado de manera sostenible&#8221;, acot\u00f3 e indic\u00f3 que &#8220;durante los \u00faltimos 23 a\u00f1os el crecimiento promedio per c\u00e1pita apenas fue del 0,73% anual, claramente deficitario para atender deudas sociales hist\u00f3ricas&#8221;.<\/p>\n\n\n\n<p>El resultado de ese bajo crecimiento es que &#8220;ciclo tras ciclo la sociedad argentina viene acumulando una pobreza estructural, cr\u00f3nica y persistente, con brechas de desigualdad que ponen barreras a los acuerdos sociales y pol\u00edticos&#8221;, manifest\u00f3 Salvia.<\/p>\n\n\n\n<p>Adem\u00e1s, destac\u00f3 la contenci\u00f3n que representa la asistencia social y financiera para evitar un incremento a\u00fan mayor de los \u00edndices de pobreza e indigencia.<\/p>\n\n\n\n<p>&#8220;La pregunta no debe ser por qu\u00e9 hay tanta pobreza sino por qu\u00e9 no ha sido superior, en un contexto de alta inflaci\u00f3n y precariedad en el empleo&#8221;, agreg\u00f3.<\/p>\n\n\n\n<p>Al respecto, el ODSA present\u00f3 un ejercicio de simulaci\u00f3n en el que estiman a cu\u00e1nto ascender\u00edan la pobreza y la indigencia sin algunas de las asistencias estatales: la tasa observada de 9,6% para la indigencia trepar\u00eda al 17,1% sin la Asignaci\u00f3n Universal por Hijo (AUH) y otros programas, al 20,1% si adem\u00e1s se excluyeran las pensiones no contributivas y al 11,3% sin bonos extraordinarios, en tanto el 44,7% de pobreza ascender\u00eda al 47,9%, 49,1% y 46,6%, respectivamente.<\/p>\n\n\n\n<p>&#8220;El 35,9% de los hogares recibi\u00f3 alguna asistencia social en 2023, esto representa alrededor del 46,7% de las personas dentro del universo analizado&#8221;, precis\u00f3 el Observatorio, que subray\u00f3 que &#8220;la asistencia social adquiere mayor relevancia en los estratos m\u00e1s bajos, con d\u00e9ficits educativos, en condici\u00f3n de pobreza y\/o inseguridad alimentaria, as\u00ed como en el conjunto de unidades dom\u00e9sticas con presencia de ni\u00f1os y ni\u00f1as&#8221;.<\/p>\n\n\n\n<p>A diferencia del Instituto Nacional de Estad\u00edstica y Censos (Indec), que mide la pobreza por ingresos, la medici\u00f3n del ODSA comprende seis dimensiones: alimentaci\u00f3n y salud, vivienda digna, acceso educativos, acceso a servicios b\u00e1sicos, acceso a un medio ambiente saludable y empleo y seguridad social.<\/p>\n","protected":false},"excerpt":{"rendered":"<p>La pobreza multidimensional urbana ascendi&oacute; en el tercer trimestre de 2023 al 44,7% del total de la poblaci&oacute;n y al 62,9% de los ni&ntilde;os y adolescentes, de acuerdo con el informe dado a conocer hoy por el Observatorio de la Deuda Social Argentina (ODSA) de la Universidad Cat&oacute;lica Argentina (UCA). Asimismo, la indigencia alcanz&oacute; al &hellip; <\/p>\n","protected":false},"author":5,"featured_media":9636,"comment_status":"closed","ping_status":"closed","sticky":false,"template":"","format":"standard","meta":{"om_disable_all_campaigns":false,"_joinchat":[]},"categories":[3],"tags":[46,43],"featured_image_urls":{"full":["https:\/\/infotep.com.ar\/wp-content\/uploads\/2023\/12\/pobreza-uca-argentina.jpg",791,445,false],"thumbnail":["https:\/\/infotep.com.ar\/wp-content\/uploads\/2023\/12\/pobreza-uca-argentina-150x150.jpg",150,150,true],"medium":["https:\/\/infotep.com.ar\/wp-content\/uploads\/2023\/12\/pobreza-uca-argentina-300x169.jpg",300,169,true],"medium_large":["https:\/\/infotep.com.ar\/wp-content\/uploads\/2023\/12\/pobreza-uca-argentina-768x432.jpg",768,432,true],"large":["https:\/\/infotep.com.ar\/wp-content\/uploads\/2023\/12\/pobreza-uca-argentina.jpg",791,445,false],"1536x1536":["https:\/\/infotep.com.ar\/wp-content\/uploads\/2023\/12\/pobreza-uca-argentina.jpg",791,445,false],"2048x2048":["https:\/\/infotep.com.ar\/wp-content\/uploads\/2023\/12\/pobreza-uca-argentina.jpg",791,445,false],"blossom-feminine-slider":["https:\/\/infotep.com.ar\/wp-content\/uploads\/2023\/12\/pobreza-uca-argentina.jpg",791,445,false],"blossom-feminine-featured":["https:\/\/infotep.com.ar\/wp-content\/uploads\/2023\/12\/pobreza-uca-argentina.jpg",791,445,false],"blossom-feminine-with-sidebar":["https:\/\/infotep.com.ar\/wp-content\/uploads\/2023\/12\/pobreza-uca-argentina.jpg",791,445,false],"blossom-feminine-blog":["https:\/\/infotep.com.ar\/wp-content\/uploads\/2023\/12\/pobreza-uca-argentina-435x435.jpg",435,435,true],"blossom-feminine-cat":["https:\/\/infotep.com.ar\/wp-content\/uploads\/2023\/12\/pobreza-uca-argentina-450x300.jpg",450,300,true],"blossom-feminine-related":["https:\/\/infotep.com.ar\/wp-content\/uploads\/2023\/12\/pobreza-uca-argentina-320x200.jpg",320,200,true],"blossom-feminine-schema":["https:\/\/infotep.com.ar\/wp-content\/uploads\/2023\/12\/pobreza-uca-argentina-107x60.jpg",107,60,true],"blossom-mommy-blog-slider-big":["https:\/\/infotep.com.ar\/wp-content\/uploads\/2023\/12\/pobreza-uca-argentina.jpg",791,445,false],"blossom-mommy-blog-slider":["https:\/\/infotep.com.ar\/wp-content\/uploads\/2023\/12\/pobreza-uca-argentina-460x310.jpg",460,310,true],"blossom-mommy-blog-two":["https:\/\/infotep.com.ar\/wp-content\/uploads\/2023\/12\/pobreza-uca-argentina-768x445.jpg",768,445,true]},"author_info":{"info":["Angela Tobar"]},"category_info":"<a href=\"https:\/\/infotep.com.ar\/index.php\/category\/nacionales\/\" rel=\"category tag\">Nacionales<\/a>","tag_info":"Nacionales","comment_count":"0","_links":{"self":[{"href":"https:\/\/infotep.com.ar\/index.php\/wp-json\/wp\/v2\/posts\/9635"}],"collection":[{"href":"https:\/\/infotep.com.ar\/index.php\/wp-json\/wp\/v2\/posts"}],"about":[{"href":"https:\/\/infotep.com.ar\/index.php\/wp-json\/wp\/v2\/types\/post"}],"author":[{"embeddable":true,"href":"https:\/\/infotep.com.ar\/index.php\/wp-json\/wp\/v2\/users\/5"}],"replies":[{"embeddable":true,"href":"https:\/\/infotep.com.ar\/index.php\/wp-json\/wp\/v2\/comments?post=9635"}],"version-history":[{"count":1,"href":"https:\/\/infotep.com.ar\/index.php\/wp-json\/wp\/v2\/posts\/9635\/revisions"}],"predecessor-version":[{"id":9637,"href":"https:\/\/infotep.com.ar\/index.php\/wp-json\/wp\/v2\/posts\/9635\/revisions\/9637"}],"wp:featuredmedia":[{"embeddable":true,"href":"https:\/\/infotep.com.ar\/index.php\/wp-json\/wp\/v2\/media\/9636"}],"wp:attachment":[{"href":"https:\/\/infotep.com.ar\/index.php\/wp-json\/wp\/v2\/media?parent=9635"}],"wp:term":[{"taxonomy":"category","embeddable":true,"href":"https:\/\/infotep.com.ar\/index.php\/wp-json\/wp\/v2\/categories?post=9635"},{"taxonomy":"post_tag","embeddable":true,"href":"https:\/\/infotep.com.ar\/index.php\/wp-json\/wp\/v2\/tags?post=9635"}],"curies":[{"name":"wp","href":"https:\/\/api.w.org\/{rel}","templated":true}]}}