{"id":9641,"date":"2023-12-05T10:37:36","date_gmt":"2023-12-05T13:37:36","guid":{"rendered":"https:\/\/infotep.com.ar\/?p=9641"},"modified":"2023-12-05T10:37:37","modified_gmt":"2023-12-05T13:37:37","slug":"daniel-bozzani-asumio-como-nuevo-rector-en-la-universidad-nacional-de-lanus","status":"publish","type":"post","link":"https:\/\/infotep.com.ar\/index.php\/2023\/12\/05\/daniel-bozzani-asumio-como-nuevo-rector-en-la-universidad-nacional-de-lanus\/","title":{"rendered":"Daniel Bozzani asumi\u00f3 como nuevo rector en la Universidad Nacional de Lan\u00fas"},"content":{"rendered":"\n<p>El nuevo rector en la Universidad Nacional de Lan\u00fas (UNLa), Daniel Bozzani, asumi\u00f3 hoy en reemplazo de Ana Jaramillo, quien se jubil\u00f3 y renunci\u00f3 al cargo, durante una ceremonia realizada en el Aula Magna Bicentenario, con presencia de funcionarios nacionales, provinciales y locales, inform\u00f3 esa alta casa de estudios.<\/p>\n\n\n\n<p>&#8220;La filosof\u00eda que propongo se fundamenta en respeto, colaboraci\u00f3n y responsabilidad; entendemos que el valor m\u00e1s supremo de la patria, representada en nuestra universidad, es el compromiso con la excelencia acad\u00e9mica, la justicia social y construcci\u00f3n de un futuro sostenible&#8221;, anticipo Bozzani en el acto inaugural.<\/p>\n\n\n\n<p>&#8220;La defensa de los derechos humanos y la equidad ser\u00e1n una prioridad. Trabajaremos incansablemente para garantizar que cada persona que forme parte de nuestra comunidad tenga acceso a oportunidades educativas y desarrollo personal, sin discriminaci\u00f3n de ning\u00fan tipo&#8221;, ampli\u00f3 el flamante rector de la UNLa.<\/p>\n\n\n\n<p>Bozzani agradeci\u00f3 a su antecesora Jaramillo por confiar en \u00e9l &#8220;para asumir este rol que es tan trascendente y a la Asamblea Universitaria, que hace poco m\u00e1s de un a\u00f1o fue convocada&#8221;, y le dio &#8220;su voto y su confianza para estar hoy aqu\u00ed frente a ustedes&#8221;.<\/p>\n\n\n\n<p>&#8220;Ella nos dejar\u00e1 una huella imborrable en la universidad, que hizo nacer y que nos permiti\u00f3 verla crecer, permiti\u00e9ndonos que juntos agregamos un pedazo de nuestra impronta&#8221;, manifest\u00f3 el docente, nueva autoridad de UNLa.<\/p>\n\n\n\n<p>&#8220;Un momento emotivo de la ceremonia sucedi\u00f3 cuando la agrupaci\u00f3n de derechos humanos H.I.J.O.S de Lan\u00fas le obsequi\u00f3 a Bozzani un pa\u00f1uelo con el logo de la organizaci\u00f3n por todo sus compromisos con la memoria, por la verdad y justicia&#8221;, se\u00f1alaron voceros universitarios.<\/p>\n\n\n\n<p>Participaron del acto el subsecretario de Pol\u00edticas Universitarias de la Naci\u00f3n, Daniel L\u00f3pez; la presidenta del Instituto Cultural de la Provincia de Buenos Aires, Florencia Saintout; el intendente electo de Lan\u00fas, Juli\u00e1n \u00c1lvarez; el director de Asuntos Pol\u00edticos de la Jefatura de Gabinete y concejal electo, Agust\u00edn Balladares; el diputado provincial, Nicol\u00e1s Russo; y el secretario de Asuntos Internacionales para la Defensa, Francisco Cafiero, entre otros funcionarios.<\/p>\n\n\n\n<p>Bozzani estudi\u00f3 piano y composici\u00f3n en la Universidad Cat\u00f3lica Argentina, y prosigui\u00f3 su formaci\u00f3n musical en el Mozarteum de Salzburgo y en el Conservatorio de Rotterdam.<\/p>\n\n\n\n<p>En la Musikhochschule de Z\u00farich finaliz\u00f3 sus estudios de Composici\u00f3n, y particip\u00f3 como compositor y director de orquesta en festivales y salas de concierto del todo el pa\u00eds y en festivales de las principales ciudades de Europa y Am\u00e9rica Latina.<\/p>\n\n\n\n<p>Desde 2001 se desempe\u00f1\u00f3 como director de la Licenciatura en M\u00fasica de C\u00e1mara y Sinf\u00f3nica de UNLa.<\/p>\n\n\n\n<p>En 2014, asumi\u00f3 como Director del Departamento de Humanidades y Artes de la Universidad, cargo que desempe\u00f1\u00f3 hasta asumir como vicerrector en 2022.<\/p>\n\n\n\n<p>Actualmente, se desempe\u00f1aba como docente investigador y director de la Orquesta Acad\u00e9mica y de C\u00e1mara de la Universidad Nacional de Lan\u00fas.<\/p>\n","protected":false},"excerpt":{"rendered":"<p>El nuevo rector en la Universidad Nacional de Lan&uacute;s (UNLa), Daniel Bozzani, asumi&oacute; hoy en reemplazo de Ana Jaramillo, quien se jubil&oacute; y renunci&oacute; al cargo, durante una ceremonia realizada en el Aula Magna Bicentenario, con presencia de funcionarios nacionales, provinciales y locales, inform&oacute; esa alta casa de estudios. &ldquo;La filosof&iacute;a que propongo se fundamenta &hellip; <\/p>\n","protected":false},"author":5,"featured_media":9642,"comment_status":"closed","ping_status":"closed","sticky":false,"template":"","format":"standard","meta":{"om_disable_all_campaigns":false,"_joinchat":[]},"categories":[6],"tags":[46,43],"featured_image_urls":{"full":["https:\/\/infotep.com.ar\/wp-content\/uploads\/2023\/12\/universidad-de-lanus.jpg",1599,1066,false],"thumbnail":["https:\/\/infotep.com.ar\/wp-content\/uploads\/2023\/12\/universidad-de-lanus-150x150.jpg",150,150,true],"medium":["https:\/\/infotep.com.ar\/wp-content\/uploads\/2023\/12\/universidad-de-lanus-300x200.jpg",300,200,true],"medium_large":["https:\/\/infotep.com.ar\/wp-content\/uploads\/2023\/12\/universidad-de-lanus-768x512.jpg",768,512,true],"large":["https:\/\/infotep.com.ar\/wp-content\/uploads\/2023\/12\/universidad-de-lanus-1024x683.jpg",1020,680,true],"1536x1536":["https:\/\/infotep.com.ar\/wp-content\/uploads\/2023\/12\/universidad-de-lanus-1536x1024.jpg",1536,1024,true],"2048x2048":["https:\/\/infotep.com.ar\/wp-content\/uploads\/2023\/12\/universidad-de-lanus.jpg",1599,1066,false],"blossom-feminine-slider":["https:\/\/infotep.com.ar\/wp-content\/uploads\/2023\/12\/universidad-de-lanus-1599x649.jpg",1599,649,true],"blossom-feminine-featured":["https:\/\/infotep.com.ar\/wp-content\/uploads\/2023\/12\/universidad-de-lanus-1410x600.jpg",1410,600,true],"blossom-feminine-with-sidebar":["https:\/\/infotep.com.ar\/wp-content\/uploads\/2023\/12\/universidad-de-lanus-1020x600.jpg",1020,600,true],"blossom-feminine-blog":["https:\/\/infotep.com.ar\/wp-content\/uploads\/2023\/12\/universidad-de-lanus-435x435.jpg",435,435,true],"blossom-feminine-cat":["https:\/\/infotep.com.ar\/wp-content\/uploads\/2023\/12\/universidad-de-lanus-450x300.jpg",450,300,true],"blossom-feminine-related":["https:\/\/infotep.com.ar\/wp-content\/uploads\/2023\/12\/universidad-de-lanus-320x200.jpg",320,200,true],"blossom-feminine-schema":["https:\/\/infotep.com.ar\/wp-content\/uploads\/2023\/12\/universidad-de-lanus-90x60.jpg",90,60,true],"blossom-mommy-blog-slider-big":["https:\/\/infotep.com.ar\/wp-content\/uploads\/2023\/12\/universidad-de-lanus-920x650.jpg",920,650,true],"blossom-mommy-blog-slider":["https:\/\/infotep.com.ar\/wp-content\/uploads\/2023\/12\/universidad-de-lanus-460x310.jpg",460,310,true],"blossom-mommy-blog-two":["https:\/\/infotep.com.ar\/wp-content\/uploads\/2023\/12\/universidad-de-lanus-768x480.jpg",768,480,true]},"author_info":{"info":["Angela Tobar"]},"category_info":"<a href=\"https:\/\/infotep.com.ar\/index.php\/category\/universitarias\/\" rel=\"category tag\">Universitarias<\/a>","tag_info":"Universitarias","comment_count":"0","_links":{"self":[{"href":"https:\/\/infotep.com.ar\/index.php\/wp-json\/wp\/v2\/posts\/9641"}],"collection":[{"href":"https:\/\/infotep.com.ar\/index.php\/wp-json\/wp\/v2\/posts"}],"about":[{"href":"https:\/\/infotep.com.ar\/index.php\/wp-json\/wp\/v2\/types\/post"}],"author":[{"embeddable":true,"href":"https:\/\/infotep.com.ar\/index.php\/wp-json\/wp\/v2\/users\/5"}],"replies":[{"embeddable":true,"href":"https:\/\/infotep.com.ar\/index.php\/wp-json\/wp\/v2\/comments?post=9641"}],"version-history":[{"count":1,"href":"https:\/\/infotep.com.ar\/index.php\/wp-json\/wp\/v2\/posts\/9641\/revisions"}],"predecessor-version":[{"id":9643,"href":"https:\/\/infotep.com.ar\/index.php\/wp-json\/wp\/v2\/posts\/9641\/revisions\/9643"}],"wp:featuredmedia":[{"embeddable":true,"href":"https:\/\/infotep.com.ar\/index.php\/wp-json\/wp\/v2\/media\/9642"}],"wp:attachment":[{"href":"https:\/\/infotep.com.ar\/index.php\/wp-json\/wp\/v2\/media?parent=9641"}],"wp:term":[{"taxonomy":"category","embeddable":true,"href":"https:\/\/infotep.com.ar\/index.php\/wp-json\/wp\/v2\/categories?post=9641"},{"taxonomy":"post_tag","embeddable":true,"href":"https:\/\/infotep.com.ar\/index.php\/wp-json\/wp\/v2\/tags?post=9641"}],"curies":[{"name":"wp","href":"https:\/\/api.w.org\/{rel}","templated":true}]}}