{"id":9677,"date":"2023-12-07T15:35:30","date_gmt":"2023-12-07T18:35:30","guid":{"rendered":"https:\/\/infotep.com.ar\/?p=9677"},"modified":"2023-12-07T15:35:31","modified_gmt":"2023-12-07T18:35:31","slug":"la-matanza-se-viste-de-gala-y-despide-el-ano-con-el-evento-cultural-carmina-burana","status":"publish","type":"post","link":"https:\/\/infotep.com.ar\/index.php\/2023\/12\/07\/la-matanza-se-viste-de-gala-y-despide-el-ano-con-el-evento-cultural-carmina-burana\/","title":{"rendered":"La Matanza se viste de gala y despide el a\u00f1o con el evento cultural \u201cCarmina Burana\u201d"},"content":{"rendered":"\n<p><\/p>\n\n\n\n<p>Una vez m\u00e1s, las vecinas y vecinos de La Matanza podr\u00e1n disfrutar el mega evento cultural emblem\u00e1tico del distrito, el Concierto a Cielo Abierto, del que participa la Orquesta Sinf\u00f3nica Nacional, el Coro Polif\u00f3nico Nacional y el Coro Nacional de Ni\u00f1os, bajo la direcci\u00f3n del Maestro Carlos Vieu, con la conducci\u00f3n especial de Tet\u00e9 Coustarot.<\/p>\n\n\n\n<p><strong>El concierto sinf\u00f3nico coral de Cultura Viva cuenta con entrada libre y gratuita, y se llevar\u00e1 a cabo el pr\u00f3ximo 15 de diciembre a las 20.30 horas, sobre Avenida de Mayo, en el centro de Ramos Mej\u00eda. Como cada temporada, el Municipio de La Matanza, a trav\u00e9s de la Secretar\u00eda de Cultura y Educaci\u00f3n de La Matanza, y en conjunto con la Direcci\u00f3n Nacional de Organismos Estables del Ministerio de Cultura de la Naci\u00f3n, organiza este importante evento que cierra la agenda cultural 2023 del distrito.<\/strong><\/p>\n\n\n\n<p>En esta oportunidad, las vecinas y vecinos podr\u00e1n disfrutar de un espect\u00e1culo de primer nivel que incluir\u00e1 la cantata esc\u00e9nica Carmina Burana, escrita por el compositor alem\u00e1n Carl Orff en el siglo XX, y que destaca por su poderosa combinaci\u00f3n de coro, orquesta y solistas, as\u00ed como por su vibrante energ\u00eda r\u00edtmica y mel\u00f3dica. La obra est\u00e1 basada en una selecci\u00f3n de poemas medievales que han logrado capturar la esencia de las emociones humanas universales. Orff logra trascender el tiempo y conectar con la audiencia a trav\u00e9s de temas que van desde la exaltaci\u00f3n de la primavera y el amor, pasando por el goce de vivir, hasta la naturaleza, el placer y las escenas de la vida cotidiana.<\/p>\n\n\n\n<p>El reconocido y multipremiado Maestro Carlos Vieu ser\u00e1 el encargado de dirigir esta magn\u00edfica obra que estar\u00e1 interpretada por la prestigiosa Orquesta Sinf\u00f3nica Nacional junto al Coro Polif\u00f3nico Nacional y el Coro Nacional de Ni\u00f1os, y los solistas Antonella Zanetti (soprano), Ricardo Gonz\u00e1lez Dorrego (tenor) y Alejandro Spies (bar\u00edtono).<\/p>\n\n\n\n<p><strong>El Concierto<\/strong><\/p>\n\n\n\n<p>El Concierto a Cielo Abierto se lleva a cabo desde el a\u00f1o 2008 en el Municipio de La Matanza como cierre de cada temporada cultural, convirti\u00e9ndose en un imponente espect\u00e1culo de m\u00fasica sinf\u00f3nico-coral en el que participan m\u00e1s de 300 artistas en escena de las m\u00e1s prestigiosas agrupaciones nacionales, quienes interpretan en vivo importantes obras de la historia de la m\u00fasica universal en un teatro sin techo ni paredes, bajo las estrellas, abierto a todo p\u00fablico con entrada libre y gratuita.<\/p>\n\n\n\n<p><strong>La Orquesta Sinf\u00f3nica Nacional<\/strong><\/p>\n\n\n\n<p>Fue creada en 1948 con el objetivo de difundir a directores, compositores y m\u00fasicos argentinos, como as\u00ed tambi\u00e9n interpretar los cl\u00e1sicos de la historia de la m\u00fasica universal en los m\u00e1s variados auditorios. A lo largo de su historia fue liderada por los m\u00e1s reconocidos directores y personalidades.<\/p>\n\n\n\n<p>Cumpliendo con su fin de orquesta nacional, se present\u00f3 en todo el pa\u00eds, y tambi\u00e9n realiz\u00f3 giras por Latinoam\u00e9rica, Europa y Asia. A lo largo de su historia se present\u00f3 en importantes festivales, eventos musicales y particip\u00f3 de programas de gran contenido social. Por su invalorable aporte a la cultura musical del pa\u00eds, fue galardonada con el diploma al m\u00e9rito que otorga la Fundaci\u00f3n Konex en 1989.<\/p>\n\n\n\n<p>Fue distinguida, asimismo, por la Asociaci\u00f3n de Cr\u00edticos Musicales de la Argentina como Mejor Orquesta de las Temporadas 1996, 2000 y 2002. Desde 1994 hasta 2015, el maestro Pedro Ignacio Calder\u00f3n fue su director titular. Se ha presentado en La Matanza en innumerables ocasiones a lo largo de los \u00faltimos 16 a\u00f1os, invitada por el Municipio para formar parte de uno de los eventos m\u00e1s importantes de la agenda cultural anual: el Concierto a Cielo Abierto.<\/p>\n\n\n\n<p><strong>El Coro Polif\u00f3nico Nacional<\/strong><\/p>\n\n\n\n<p>Desde 1968, la funci\u00f3n del Coro Polif\u00f3nico Nacional, a trav\u00e9s de sus 94 coreutas, es interpretar obras del repertorio sinf\u00f3nico-coral, as\u00ed como otras con acompa\u00f1amiento instrumental, grandes obras a cappella, piezas corales de c\u00e1mara, coros de \u00f3pera, entre otras. Su objetivo incluye, adem\u00e1s, la presentaci\u00f3n de estas obras en todo el \u00e1mbito nacional y en el exterior, la realizaci\u00f3n de conciertos did\u00e1cticos, la participaci\u00f3n en actos oficiales y la promoci\u00f3n de la actividad coral.<\/p>\n\n\n\n<p>A lo largo de su historia ha sido dirigido por los m\u00e1s prestigiosos directores. Actualmente, se ha designado como preparador coral al Mtro. Antonio Domenighini. En los a\u00f1os 1995, 1997, 1998 y 2015 fue distinguido como Mejor Coro de la Temporada por la Asociaci\u00f3n de Cr\u00edticos Musicales de la Argentina y en el a\u00f1o 2018 celebr\u00f3 su 50\u00ba aniversario en La Matanza en el marco del Concierto a Cielo Abierto.<\/p>\n\n\n\n<p><strong>El Coro Nacional de Ni\u00f1os<\/strong><\/p>\n\n\n\n<p>Su meta principal es la expresi\u00f3n art\u00edstica del repertorio coral en todos los \u00e1mbitos del pa\u00eds, a la vez que promueve la formaci\u00f3n profesional de los peque\u00f1os cantantes que en \u00e9l intervienen. Hasta fines de 2009 fue dirigido por la Mtra. Vilma Gorini de Teseo. Al a\u00f1o siguiente la direcci\u00f3n fue asumida por la Lic. Mar\u00eda Isabel Sanz. El organismo posee un esp\u00edritu musical de gran amplitud, manteniendo siempre la premisa de la mejor calidad art\u00edstica posible.<\/p>\n\n\n\n<p>Esto se refleja en la prol\u00edfica trayectoria del coro y en la interpretaci\u00f3n de obras, fundamentalmente \u201ca cappella\u201d, pero tambi\u00e9n sinf\u00f3nico-corales o escrita para otras diversas formaciones musicales. Su vasto repertorio abarca desde la m\u00fasica de c\u00e1mara del Renacimiento hasta la actualidad, incluyendo tambi\u00e9n el g\u00e9nero oper\u00edstico. Cuenta con seis registros en su historia y fue convocado a participar de la banda sonora de las pel\u00edculas \u201cYo, la peor de todas\u201d (de Mar\u00eda Luisa Bemberg, 1989) y \u201cTetro\u201d (de Francis Ford Coppola, 2008).<\/p>\n\n\n\n<p><strong>Maestro Carlos Vieu<\/strong><\/p>\n\n\n\n<p>Es uno de los m\u00e1s reconocidos directores de orquesta de nuestro pa\u00eds. Se desempe\u00f1\u00f3 en los cargos de director de la Orquesta Sinf\u00f3nica de Mar del Plata, de la Orquesta Estable del Teatro Col\u00f3n, y de la Orquesta del Teatro Argentino de La Plata, del cual fue director musical (entre 2013 y 2016). Dirige como invitado permanente las principales orquestas del pa\u00eds y Latinoam\u00e9rica. Adem\u00e1s, ha dirigido en Europa, Estados Unidos, y ha realizado giras por todo el pa\u00eds. Tambi\u00e9n ha sido organizador y jurado en diversos cert\u00e1menes.<\/p>\n\n\n\n<p>En 2010 fue designado Profesor del Instituto Superior de Arte del Teatro Col\u00f3n. Colabor\u00f3 por m\u00e1s de 10 a\u00f1os con Buenos Aires L\u00edrica en el Teatro Avenida de Buenos Aires y desde el a\u00f1o 2014 es director invitado en la Silicon Valley Symphony en los EEUU. Entre otras presentaciones se destacan \u201cAida\u201d en los 110 a\u00f1os del Teatro Col\u00f3n y la apertura de la temporada de Ballet 2019 con Don Quijote, con puesta de Vladymir Vasiliev y la gala Aida Garifullina.<\/p>\n\n\n\n<p>Posee 20 a\u00f1os de trayectoria como docente, en la Universidad Nacional de las Artes y en la Universidad Cat\u00f3lica Argentina. Fue reconocido como mejor director argentino por la Asociaci\u00f3n de Cr\u00edticos, premio Estrella de Mar por las Galas del Mar (2003 y 2004), premio Camu-Unesco a la labor de difusi\u00f3n de la m\u00fasica de compositores nacionales, y Diploma al M\u00e9rito Konex en 2009 y 2019.<\/p>\n\n\n\n<p>En los \u00faltimos a\u00f1os, desarroll\u00f3 master classes online sobre estilos y g\u00e9neros de \u00f3pera. Desde 2023 ocupa nuevamente el cargo de Director Musical del Teatro Argentino de La Plata. Su labor es reconocida m\u00e1s all\u00e1 de las fronteras de nuestro pa\u00eds, a nivel internacional, y hoy dirige en La Matanza el concierto a Cielo Abierto por 5\u00ba a\u00f1o consecutivo.<\/p>\n","protected":false},"excerpt":{"rendered":"<p>Una vez m&aacute;s, las vecinas y vecinos de La Matanza podr&aacute;n disfrutar el mega evento cultural emblem&aacute;tico del distrito, el Concierto a Cielo Abierto, del que participa la Orquesta Sinf&oacute;nica Nacional, el Coro Polif&oacute;nico Nacional y el Coro Nacional de Ni&ntilde;os, bajo la direcci&oacute;n del Maestro Carlos Vieu, con la conducci&oacute;n especial de Tet&eacute; Coustarot. &hellip; <\/p>\n","protected":false},"author":5,"featured_media":9678,"comment_status":"closed","ping_status":"closed","sticky":false,"template":"","format":"standard","meta":{"om_disable_all_campaigns":false,"_joinchat":[]},"categories":[26],"tags":[46,59,43],"featured_image_urls":{"full":["https:\/\/infotep.com.ar\/wp-content\/uploads\/2023\/12\/cult-orquesta-bellasasrtes.jpg",768,479,false],"thumbnail":["https:\/\/infotep.com.ar\/wp-content\/uploads\/2023\/12\/cult-orquesta-bellasasrtes-150x150.jpg",150,150,true],"medium":["https:\/\/infotep.com.ar\/wp-content\/uploads\/2023\/12\/cult-orquesta-bellasasrtes-300x187.jpg",300,187,true],"medium_large":["https:\/\/infotep.com.ar\/wp-content\/uploads\/2023\/12\/cult-orquesta-bellasasrtes.jpg",768,479,false],"large":["https:\/\/infotep.com.ar\/wp-content\/uploads\/2023\/12\/cult-orquesta-bellasasrtes.jpg",768,479,false],"1536x1536":["https:\/\/infotep.com.ar\/wp-content\/uploads\/2023\/12\/cult-orquesta-bellasasrtes.jpg",768,479,false],"2048x2048":["https:\/\/infotep.com.ar\/wp-content\/uploads\/2023\/12\/cult-orquesta-bellasasrtes.jpg",768,479,false],"blossom-feminine-slider":["https:\/\/infotep.com.ar\/wp-content\/uploads\/2023\/12\/cult-orquesta-bellasasrtes.jpg",768,479,false],"blossom-feminine-featured":["https:\/\/infotep.com.ar\/wp-content\/uploads\/2023\/12\/cult-orquesta-bellasasrtes.jpg",768,479,false],"blossom-feminine-with-sidebar":["https:\/\/infotep.com.ar\/wp-content\/uploads\/2023\/12\/cult-orquesta-bellasasrtes.jpg",768,479,false],"blossom-feminine-blog":["https:\/\/infotep.com.ar\/wp-content\/uploads\/2023\/12\/cult-orquesta-bellasasrtes-435x435.jpg",435,435,true],"blossom-feminine-cat":["https:\/\/infotep.com.ar\/wp-content\/uploads\/2023\/12\/cult-orquesta-bellasasrtes-450x300.jpg",450,300,true],"blossom-feminine-related":["https:\/\/infotep.com.ar\/wp-content\/uploads\/2023\/12\/cult-orquesta-bellasasrtes-320x200.jpg",320,200,true],"blossom-feminine-schema":["https:\/\/infotep.com.ar\/wp-content\/uploads\/2023\/12\/cult-orquesta-bellasasrtes-96x60.jpg",96,60,true],"blossom-mommy-blog-slider-big":["https:\/\/infotep.com.ar\/wp-content\/uploads\/2023\/12\/cult-orquesta-bellasasrtes.jpg",768,479,false],"blossom-mommy-blog-slider":["https:\/\/infotep.com.ar\/wp-content\/uploads\/2023\/12\/cult-orquesta-bellasasrtes-460x310.jpg",460,310,true],"blossom-mommy-blog-two":["https:\/\/infotep.com.ar\/wp-content\/uploads\/2023\/12\/cult-orquesta-bellasasrtes.jpg",768,479,false]},"author_info":{"info":["Angela Tobar"]},"category_info":"<a href=\"https:\/\/infotep.com.ar\/index.php\/category\/municipales\/la-matanza\/\" rel=\"category tag\">La Matanza<\/a>","tag_info":"La Matanza","comment_count":"0","_links":{"self":[{"href":"https:\/\/infotep.com.ar\/index.php\/wp-json\/wp\/v2\/posts\/9677"}],"collection":[{"href":"https:\/\/infotep.com.ar\/index.php\/wp-json\/wp\/v2\/posts"}],"about":[{"href":"https:\/\/infotep.com.ar\/index.php\/wp-json\/wp\/v2\/types\/post"}],"author":[{"embeddable":true,"href":"https:\/\/infotep.com.ar\/index.php\/wp-json\/wp\/v2\/users\/5"}],"replies":[{"embeddable":true,"href":"https:\/\/infotep.com.ar\/index.php\/wp-json\/wp\/v2\/comments?post=9677"}],"version-history":[{"count":1,"href":"https:\/\/infotep.com.ar\/index.php\/wp-json\/wp\/v2\/posts\/9677\/revisions"}],"predecessor-version":[{"id":9679,"href":"https:\/\/infotep.com.ar\/index.php\/wp-json\/wp\/v2\/posts\/9677\/revisions\/9679"}],"wp:featuredmedia":[{"embeddable":true,"href":"https:\/\/infotep.com.ar\/index.php\/wp-json\/wp\/v2\/media\/9678"}],"wp:attachment":[{"href":"https:\/\/infotep.com.ar\/index.php\/wp-json\/wp\/v2\/media?parent=9677"}],"wp:term":[{"taxonomy":"category","embeddable":true,"href":"https:\/\/infotep.com.ar\/index.php\/wp-json\/wp\/v2\/categories?post=9677"},{"taxonomy":"post_tag","embeddable":true,"href":"https:\/\/infotep.com.ar\/index.php\/wp-json\/wp\/v2\/tags?post=9677"}],"curies":[{"name":"wp","href":"https:\/\/api.w.org\/{rel}","templated":true}]}}