{"id":9723,"date":"2023-12-11T08:42:12","date_gmt":"2023-12-11T11:42:12","guid":{"rendered":"https:\/\/infotep.com.ar\/?p=9723"},"modified":"2023-12-11T08:42:12","modified_gmt":"2023-12-11T11:42:12","slug":"el-vocero-presidencial-afirmo-que-manana-caputo-hara-los-primeros-anuncios-economicos","status":"publish","type":"post","link":"https:\/\/infotep.com.ar\/index.php\/2023\/12\/11\/el-vocero-presidencial-afirmo-que-manana-caputo-hara-los-primeros-anuncios-economicos\/","title":{"rendered":"El vocero presidencial afirm\u00f3 que ma\u00f1ana Caputo har\u00e1 los primeros anuncios econ\u00f3micos"},"content":{"rendered":"\n<p>Adorni dijo que comienza una etapa &#8220;distinta&#8221; en el pa\u00eds con el Gobierno de Javier Milei, del &#8220;m\u00e9rito&#8221;, en el que no &#8220;tengamos que sufrir ni la pobreza, ni la indigencia ni los salarios bajos&#8221;, con &#8220;respeto por la ley, las libertades individuales y la propiedad privada&#8221;.<\/p>\n\n\n\n<p><\/p>\n\n\n\n<p>El vocero presidencial, Manuel Adorni, apost\u00f3 por el inicio de una etapa &#8220;distinta&#8221; en el pa\u00eds con el Gobierno de Javier Milei, del &#8220;m\u00e9rito&#8221;, en el que no &#8220;tengamos que sufrir ni la pobreza, ni la indigencia ni los salarios bajos&#8221;, con &#8220;respeto por la ley, las libertades individuales y la propiedad privada&#8221;.<\/p>\n\n\n\n<p>En su primera conferencia de prensa en Casa de Gobierno, Adorni anticip\u00f3 que esos encuentros se realizar\u00e1n todos los d\u00edas a las 9.<\/p>\n\n\n\n<p>Adorni dijo que el ministro de Econom\u00eda, Luis Caputo, har\u00e1 el martes los primeros anuncios en materia econ\u00f3mica.<\/p>\n\n\n\n<p>&#8220;El ministro Caputo dar\u00e1 ma\u00f1ana las precisiones de las primeras medidas econ\u00f3micas&#8221;, indic\u00f3 el vocero<\/p>\n","protected":false},"excerpt":{"rendered":"<p>Adorni dijo que comienza una etapa &ldquo;distinta&rdquo; en el pa&iacute;s con el Gobierno de Javier Milei, del &ldquo;m&eacute;rito&rdquo;, en el que no &ldquo;tengamos que sufrir ni la pobreza, ni la indigencia ni los salarios bajos&rdquo;, con &ldquo;respeto por la ley, las libertades individuales y la propiedad privada&rdquo;. El vocero presidencial, Manuel Adorni, apost&oacute; por el &hellip; <\/p>\n","protected":false},"author":5,"featured_media":9724,"comment_status":"closed","ping_status":"closed","sticky":false,"template":"","format":"standard","meta":{"om_disable_all_campaigns":false,"_joinchat":[]},"categories":[31,3],"tags":[46,43],"featured_image_urls":{"full":["https:\/\/infotep.com.ar\/wp-content\/uploads\/2023\/12\/6576ee6fa1f30_1200.jpg",1200,674,false],"thumbnail":["https:\/\/infotep.com.ar\/wp-content\/uploads\/2023\/12\/6576ee6fa1f30_1200-150x150.jpg",150,150,true],"medium":["https:\/\/infotep.com.ar\/wp-content\/uploads\/2023\/12\/6576ee6fa1f30_1200-300x169.jpg",300,169,true],"medium_large":["https:\/\/infotep.com.ar\/wp-content\/uploads\/2023\/12\/6576ee6fa1f30_1200-768x431.jpg",768,431,true],"large":["https:\/\/infotep.com.ar\/wp-content\/uploads\/2023\/12\/6576ee6fa1f30_1200-1024x575.jpg",1020,573,true],"1536x1536":["https:\/\/infotep.com.ar\/wp-content\/uploads\/2023\/12\/6576ee6fa1f30_1200.jpg",1200,674,false],"2048x2048":["https:\/\/infotep.com.ar\/wp-content\/uploads\/2023\/12\/6576ee6fa1f30_1200.jpg",1200,674,false],"blossom-feminine-slider":["https:\/\/infotep.com.ar\/wp-content\/uploads\/2023\/12\/6576ee6fa1f30_1200-1200x649.jpg",1200,649,true],"blossom-feminine-featured":["https:\/\/infotep.com.ar\/wp-content\/uploads\/2023\/12\/6576ee6fa1f30_1200-1200x600.jpg",1200,600,true],"blossom-feminine-with-sidebar":["https:\/\/infotep.com.ar\/wp-content\/uploads\/2023\/12\/6576ee6fa1f30_1200-1020x600.jpg",1020,600,true],"blossom-feminine-blog":["https:\/\/infotep.com.ar\/wp-content\/uploads\/2023\/12\/6576ee6fa1f30_1200-435x435.jpg",435,435,true],"blossom-feminine-cat":["https:\/\/infotep.com.ar\/wp-content\/uploads\/2023\/12\/6576ee6fa1f30_1200-450x300.jpg",450,300,true],"blossom-feminine-related":["https:\/\/infotep.com.ar\/wp-content\/uploads\/2023\/12\/6576ee6fa1f30_1200-320x200.jpg",320,200,true],"blossom-feminine-schema":["https:\/\/infotep.com.ar\/wp-content\/uploads\/2023\/12\/6576ee6fa1f30_1200-107x60.jpg",107,60,true],"blossom-mommy-blog-slider-big":["https:\/\/infotep.com.ar\/wp-content\/uploads\/2023\/12\/6576ee6fa1f30_1200-920x650.jpg",920,650,true],"blossom-mommy-blog-slider":["https:\/\/infotep.com.ar\/wp-content\/uploads\/2023\/12\/6576ee6fa1f30_1200-460x310.jpg",460,310,true],"blossom-mommy-blog-two":["https:\/\/infotep.com.ar\/wp-content\/uploads\/2023\/12\/6576ee6fa1f30_1200-768x480.jpg",768,480,true]},"author_info":{"info":["Angela Tobar"]},"category_info":"<a href=\"https:\/\/infotep.com.ar\/index.php\/category\/destacadas\/\" rel=\"category tag\">Destacadas<\/a> <a href=\"https:\/\/infotep.com.ar\/index.php\/category\/nacionales\/\" rel=\"category tag\">Nacionales<\/a>","tag_info":"Nacionales","comment_count":"0","_links":{"self":[{"href":"https:\/\/infotep.com.ar\/index.php\/wp-json\/wp\/v2\/posts\/9723"}],"collection":[{"href":"https:\/\/infotep.com.ar\/index.php\/wp-json\/wp\/v2\/posts"}],"about":[{"href":"https:\/\/infotep.com.ar\/index.php\/wp-json\/wp\/v2\/types\/post"}],"author":[{"embeddable":true,"href":"https:\/\/infotep.com.ar\/index.php\/wp-json\/wp\/v2\/users\/5"}],"replies":[{"embeddable":true,"href":"https:\/\/infotep.com.ar\/index.php\/wp-json\/wp\/v2\/comments?post=9723"}],"version-history":[{"count":1,"href":"https:\/\/infotep.com.ar\/index.php\/wp-json\/wp\/v2\/posts\/9723\/revisions"}],"predecessor-version":[{"id":9726,"href":"https:\/\/infotep.com.ar\/index.php\/wp-json\/wp\/v2\/posts\/9723\/revisions\/9726"}],"wp:featuredmedia":[{"embeddable":true,"href":"https:\/\/infotep.com.ar\/index.php\/wp-json\/wp\/v2\/media\/9724"}],"wp:attachment":[{"href":"https:\/\/infotep.com.ar\/index.php\/wp-json\/wp\/v2\/media?parent=9723"}],"wp:term":[{"taxonomy":"category","embeddable":true,"href":"https:\/\/infotep.com.ar\/index.php\/wp-json\/wp\/v2\/categories?post=9723"},{"taxonomy":"post_tag","embeddable":true,"href":"https:\/\/infotep.com.ar\/index.php\/wp-json\/wp\/v2\/tags?post=9723"}],"curies":[{"name":"wp","href":"https:\/\/api.w.org\/{rel}","templated":true}]}}