{"id":9730,"date":"2023-12-11T18:08:23","date_gmt":"2023-12-11T21:08:23","guid":{"rendered":"https:\/\/infotep.com.ar\/?p=9730"},"modified":"2023-12-11T18:08:34","modified_gmt":"2023-12-11T21:08:34","slug":"oficial-dejan-de-existir-los-ministerios-de-la-mujer-educacion-trabajo-y-desarrollo-social","status":"publish","type":"post","link":"https:\/\/infotep.com.ar\/index.php\/2023\/12\/11\/oficial-dejan-de-existir-los-ministerios-de-la-mujer-educacion-trabajo-y-desarrollo-social\/","title":{"rendered":"Oficial: dejan de existir los ministerios de la Mujer, Educaci\u00f3n, Trabajo y Desarrollo Social"},"content":{"rendered":"\n<p>En el Bolet\u00edn Oficial publicado este lunes 11 de diciembre, el presidente Javier Milei cumpli\u00f3 con su palabra de campa\u00f1a y el ministerio de la Mujer perdi\u00f3 el rango ministerial.<br><\/p>\n\n\n\n<p>Con relaci\u00f3n a las funciones de la cartera que hasta la semana pasada ocupaba Ayel\u00e9n Mazzina, el decreto dice: \u201cLos compromisos y obligaciones asumidos por el MINISTERIO DE LAS MUJERES, G\u00c9NEROS Y DIVERSIDAD estar\u00e1n a cargo del MINISTERIO DE CAPITAL HUMANO, consider\u00e1ndose transferidos los cr\u00e9ditos presupuestarios, unidades organizativas, bienes, personal con sus cargos y dotaciones vigentes a la fecha, hasta tanto se aprueben las estructuras correspondientes\u201d.<\/p>\n\n\n\n<p>El nuevo ministerio de Capital Humano tambi\u00e9n absorbi\u00f3 los ministerios de Educaci\u00f3n, Cultura, Trabajo y Desarrollo Social.<\/p>\n\n\n\n<p>Las principales responsabilidades del Ministerio de Capital Humano incluyen<br><br><strong>Trabajo y Empleo<\/strong>: Supervisar el cumplimiento de las normas de trabajo, coordinar la protecci\u00f3n de maternidades y paternidades, y elaborar pol\u00edticas para el empleo verde. Con relaci\u00f3n a los planes sociales, la norma se\u00f1ala que el ministerio de Capital Humano entender\u00e1 \u201cen la formulaci\u00f3n, gesti\u00f3n, supervisi\u00f3n y auditor\u00edas de planes y pol\u00edticas relacionados con la capacitaci\u00f3n laboral, preferentemente aplicando criterios de descentralizaci\u00f3n. Coordinar las acciones vinculadas entre el empleo, la capacitaci\u00f3n laboral, la producci\u00f3n y la tecnolog\u00eda\u201d.<\/p>\n\n\n\n<p><strong>Educaci\u00f3n y Cultura:<\/strong> Formular pol\u00edticas y estrategias educativas, promover y difundir actividades econ\u00f3micas asociadas a las industrias culturales, y coordinar la calidad y equidad en la educaci\u00f3n.<\/p>\n\n\n\n<p>Seguridad Social y Asistencia Social: Determinar pol\u00edticas de seguridad social, supervisar reg\u00edmenes de mutualidades, y ejecutar acciones de asistencia directa a personas en situaci\u00f3n de vulnerabilidad.<\/p>\n\n\n\n<p><strong>Desarrollo Humano y Pol\u00edticas de G\u00e9nero: <\/strong>Implementar pol\u00edticas p\u00fablicas orientadas al desarrollo humano, igualdad y diversidad, y promover la integraci\u00f3n social de diversos sectores vulnerables.<\/p>\n\n\n\n<p><strong>Vivienda y H\u00e1bitat: <\/strong>Ejecutar planes y proyectos relacionados con el acceso a vivienda digna y cumplir compromisos internacionales en estas materias.<\/p>\n\n\n\n<p><strong>Pol\u00edticas Alimentarias y Salud:<\/strong> Formular y coordinar pol\u00edticas alimentarias y programas de salud a nivel nacional, provincial y municipal.<\/p>\n\n\n\n<p><strong>Infancia y Adolescencia<\/strong>: Formular pol\u00edticas destinadas a la infancia y adolescencia, promoviendo la protecci\u00f3n y defensa de sus derechos.<\/p>\n\n\n\n<p><strong>Familia y Adultos Mayores:<\/strong> Coordinar programas de promoci\u00f3n, cuidado e integraci\u00f3n social de adultos mayores y formular pol\u00edticas destinadas a la familia.<\/p>\n","protected":false},"excerpt":{"rendered":"<p>En el Bolet&iacute;n Oficial publicado este lunes 11 de diciembre, el presidente Javier Milei cumpli&oacute; con su palabra de campa&ntilde;a y el ministerio de la Mujer perdi&oacute; el rango ministerial. Con relaci&oacute;n a las funciones de la cartera que hasta la semana pasada ocupaba Ayel&eacute;n Mazzina, el decreto dice: &ldquo;Los compromisos y obligaciones asumidos por &hellip; <\/p>\n","protected":false},"author":5,"featured_media":6860,"comment_status":"closed","ping_status":"closed","sticky":false,"template":"","format":"standard","meta":{"om_disable_all_campaigns":false,"_joinchat":[]},"categories":[3],"tags":[46,43],"featured_image_urls":{"full":["https:\/\/infotep.com.ar\/wp-content\/uploads\/2023\/08\/milei-1.jpg",1426,894,false],"thumbnail":["https:\/\/infotep.com.ar\/wp-content\/uploads\/2023\/08\/milei-1-150x150.jpg",150,150,true],"medium":["https:\/\/infotep.com.ar\/wp-content\/uploads\/2023\/08\/milei-1-300x188.jpg",300,188,true],"medium_large":["https:\/\/infotep.com.ar\/wp-content\/uploads\/2023\/08\/milei-1-768x481.jpg",768,481,true],"large":["https:\/\/infotep.com.ar\/wp-content\/uploads\/2023\/08\/milei-1-1024x642.jpg",1020,639,true],"1536x1536":["https:\/\/infotep.com.ar\/wp-content\/uploads\/2023\/08\/milei-1.jpg",1426,894,false],"2048x2048":["https:\/\/infotep.com.ar\/wp-content\/uploads\/2023\/08\/milei-1.jpg",1426,894,false],"blossom-feminine-slider":["https:\/\/infotep.com.ar\/wp-content\/uploads\/2023\/08\/milei-1-1426x649.jpg",1426,649,true],"blossom-feminine-featured":["https:\/\/infotep.com.ar\/wp-content\/uploads\/2023\/08\/milei-1-1410x600.jpg",1410,600,true],"blossom-feminine-with-sidebar":["https:\/\/infotep.com.ar\/wp-content\/uploads\/2023\/08\/milei-1-1020x600.jpg",1020,600,true],"blossom-feminine-blog":["https:\/\/infotep.com.ar\/wp-content\/uploads\/2023\/08\/milei-1-435x435.jpg",435,435,true],"blossom-feminine-cat":["https:\/\/infotep.com.ar\/wp-content\/uploads\/2023\/08\/milei-1-450x300.jpg",450,300,true],"blossom-feminine-related":["https:\/\/infotep.com.ar\/wp-content\/uploads\/2023\/08\/milei-1-320x200.jpg",320,200,true],"blossom-feminine-schema":["https:\/\/infotep.com.ar\/wp-content\/uploads\/2023\/08\/milei-1-96x60.jpg",96,60,true],"blossom-mommy-blog-slider-big":["https:\/\/infotep.com.ar\/wp-content\/uploads\/2023\/08\/milei-1-920x650.jpg",920,650,true],"blossom-mommy-blog-slider":["https:\/\/infotep.com.ar\/wp-content\/uploads\/2023\/08\/milei-1-460x310.jpg",460,310,true],"blossom-mommy-blog-two":["https:\/\/infotep.com.ar\/wp-content\/uploads\/2023\/08\/milei-1-768x480.jpg",768,480,true]},"author_info":{"info":["Angela Tobar"]},"category_info":"<a href=\"https:\/\/infotep.com.ar\/index.php\/category\/nacionales\/\" rel=\"category tag\">Nacionales<\/a>","tag_info":"Nacionales","comment_count":"0","_links":{"self":[{"href":"https:\/\/infotep.com.ar\/index.php\/wp-json\/wp\/v2\/posts\/9730"}],"collection":[{"href":"https:\/\/infotep.com.ar\/index.php\/wp-json\/wp\/v2\/posts"}],"about":[{"href":"https:\/\/infotep.com.ar\/index.php\/wp-json\/wp\/v2\/types\/post"}],"author":[{"embeddable":true,"href":"https:\/\/infotep.com.ar\/index.php\/wp-json\/wp\/v2\/users\/5"}],"replies":[{"embeddable":true,"href":"https:\/\/infotep.com.ar\/index.php\/wp-json\/wp\/v2\/comments?post=9730"}],"version-history":[{"count":1,"href":"https:\/\/infotep.com.ar\/index.php\/wp-json\/wp\/v2\/posts\/9730\/revisions"}],"predecessor-version":[{"id":9731,"href":"https:\/\/infotep.com.ar\/index.php\/wp-json\/wp\/v2\/posts\/9730\/revisions\/9731"}],"wp:featuredmedia":[{"embeddable":true,"href":"https:\/\/infotep.com.ar\/index.php\/wp-json\/wp\/v2\/media\/6860"}],"wp:attachment":[{"href":"https:\/\/infotep.com.ar\/index.php\/wp-json\/wp\/v2\/media?parent=9730"}],"wp:term":[{"taxonomy":"category","embeddable":true,"href":"https:\/\/infotep.com.ar\/index.php\/wp-json\/wp\/v2\/categories?post=9730"},{"taxonomy":"post_tag","embeddable":true,"href":"https:\/\/infotep.com.ar\/index.php\/wp-json\/wp\/v2\/tags?post=9730"}],"curies":[{"name":"wp","href":"https:\/\/api.w.org\/{rel}","templated":true}]}}