{"id":9732,"date":"2023-12-11T18:32:19","date_gmt":"2023-12-11T21:32:19","guid":{"rendered":"https:\/\/infotep.com.ar\/?p=9732"},"modified":"2023-12-11T18:32:19","modified_gmt":"2023-12-11T21:32:19","slug":"balean-a-un-policia-bonaerense-retirado-para-robarle-la-camioneta-en-merlo","status":"publish","type":"post","link":"https:\/\/infotep.com.ar\/index.php\/2023\/12\/11\/balean-a-un-policia-bonaerense-retirado-para-robarle-la-camioneta-en-merlo\/","title":{"rendered":"Balean a un polic\u00eda bonaerense retirado para robarle la camioneta en Merlo"},"content":{"rendered":"\n<p><\/p>\n\n\n\n<p>Un polic\u00eda bonaerense retirado fue baleado y golpeado por tres delincuentes que le robaron su camioneta en el partido de Merlo, informaron hoy fuentes policiales.<\/p>\n\n\n\n<p>El episodio, dado a conocer hoy, ocurri\u00f3 la noche del jueves en la esquina de las calles Doblas y de la Linde, en el barrio Libertad del mencionado distrito del Gran Buenos Aires, cuando Juan Carlos Ver\u00f3n (62) circulaba en su camioneta Volkswagen Amarok gris y fue interceptado por tres ladrones armados.<\/p>\n\n\n\n<p>En ese marco, los asaltantes se apoderaron del rodado y balearon en la mano derecha a Ver\u00f3n y le pegaron un culatazo en la cabeza.<\/p>\n\n\n\n<p>El polic\u00eda jubilado fue trasladado al hospital Favaloro de La Matanza, donde fue atendido por personal m\u00e9dico y logr\u00f3 recuperarse de sus heridas.<\/p>\n\n\n\n<p>Interviene en el hecho la Unidad Funcional de Instrucci\u00f3n (UFI) de turno del Departamento Judicial de Mor\u00f3n.<\/p>\n\n\n\n<p>Este hecho sucedi\u00f3 en el marco de dos asesinatos a polic\u00edas durante intentos de robos que tuvieron lugar en menos de 12 horas, entre el jueves y viernes pasados.<\/p>\n\n\n\n<p>Por un lado, el oficial de la Polic\u00eda de la Ciudad Emanuel Ferreyra Anania fue asesinado hace cuatro d\u00edas durante un asalto en Ciudad Evita, partido de La Matanza.<\/p>\n\n\n\n<p>El crimen de Ferreyra Anania sucedi\u00f3 entre las 3 y las 4 de la ma\u00f1ana del pasado viernes, cuando el polic\u00eda porte\u00f1o, quien se encontraba de franco y vestido de civil, llev\u00f3 a su novia hasta el complejo de viviendas situado en inmediaciones de Monse\u00f1or Bufano (exruta 4) y Puente 18, cerca de la rotonda de La Tablada, precisaron los voceros.<\/p>\n\n\n\n<p>En esas circunstancias, la pareja, que estaba a bordo de un Renault Sandero, fue interceptada por cuatro delincuentes que se aproximaron por la parte trasera del rodado con fines de robo.<\/p>\n\n\n\n<p>A ese asesinato, se le sum\u00f3 el homicidio del oficial bonaerense Pedro Larezca, quien muri\u00f3 tras ser baleado por delincuentes armados que intentaron robarle el veh\u00edculo en el que viajaba como acompa\u00f1ante en la localidad de Loma Hermosa con un amigo y vestido de civil.<\/p>\n\n\n\n<p>Cuando los asaltantes los interceptaron, Laresca, quien se desempe\u00f1aba en el Comando de Patrullas de Tres de Febrero, sac\u00f3 su arma reglamentaria y comenz\u00f3 un breve tiroteo en el que recibi\u00f3 al menos un impacto en la cabeza que le produjo la muerte.<\/p>\n\n\n\n<p>En tanto, durante la semana pasada se produjeron otros hechos de robo contra polic\u00edas, dos de los cuales se encuentran a\u00fan en grave estado.<\/p>\n\n\n\n<p>El jueves pasado un efectivo de la Polic\u00eda Local de Lomas de Zamora y su hermano quedaron heridos tras tirotearse y matar a dos delincuentes que intentaron entrar a robar a la vivienda familiar en la que funciona un almac\u00e9n, en el partido bonaerense de Florencio Varela.<\/p>\n\n\n\n<p>En tanto, el mi\u00e9rcoles 6, el oficial de la Polic\u00eda de la Ciudad Daniel Antonio Blanco (43) fue herido de un balazo en la cabeza por dos delincuentes que le robaron el auto con el cual realizaba viajes para una aplicaci\u00f3n en la localidad bonaerense de Glew,<\/p>\n\n\n\n<p>La v\u00edctima fue intervenida quir\u00fargicamente en un hospital de la zona y permanece internada en grave estado, dijeron a T\u00e9lam fuentes policiales.<\/p>\n","protected":false},"excerpt":{"rendered":"<p>Un polic&iacute;a bonaerense retirado fue baleado y golpeado por tres delincuentes que le robaron su camioneta en el partido de Merlo, informaron hoy fuentes policiales. El episodio, dado a conocer hoy, ocurri&oacute; la noche del jueves en la esquina de las calles Doblas y de la Linde, en el barrio Libertad del mencionado distrito del &hellip; <\/p>\n","protected":false},"author":5,"featured_media":8401,"comment_status":"closed","ping_status":"closed","sticky":false,"template":"","format":"standard","meta":{"om_disable_all_campaigns":false,"_joinchat":[]},"categories":[10],"tags":[46,43],"featured_image_urls":{"full":["https:\/\/infotep.com.ar\/wp-content\/uploads\/2023\/10\/policia.jpg",1200,675,false],"thumbnail":["https:\/\/infotep.com.ar\/wp-content\/uploads\/2023\/10\/policia-150x150.jpg",150,150,true],"medium":["https:\/\/infotep.com.ar\/wp-content\/uploads\/2023\/10\/policia-300x169.jpg",300,169,true],"medium_large":["https:\/\/infotep.com.ar\/wp-content\/uploads\/2023\/10\/policia-768x432.jpg",768,432,true],"large":["https:\/\/infotep.com.ar\/wp-content\/uploads\/2023\/10\/policia-1024x576.jpg",1020,574,true],"1536x1536":["https:\/\/infotep.com.ar\/wp-content\/uploads\/2023\/10\/policia.jpg",1200,675,false],"2048x2048":["https:\/\/infotep.com.ar\/wp-content\/uploads\/2023\/10\/policia.jpg",1200,675,false],"blossom-feminine-slider":["https:\/\/infotep.com.ar\/wp-content\/uploads\/2023\/10\/policia-1200x649.jpg",1200,649,true],"blossom-feminine-featured":["https:\/\/infotep.com.ar\/wp-content\/uploads\/2023\/10\/policia-1200x600.jpg",1200,600,true],"blossom-feminine-with-sidebar":["https:\/\/infotep.com.ar\/wp-content\/uploads\/2023\/10\/policia-1020x600.jpg",1020,600,true],"blossom-feminine-blog":["https:\/\/infotep.com.ar\/wp-content\/uploads\/2023\/10\/policia-435x435.jpg",435,435,true],"blossom-feminine-cat":["https:\/\/infotep.com.ar\/wp-content\/uploads\/2023\/10\/policia-450x300.jpg",450,300,true],"blossom-feminine-related":["https:\/\/infotep.com.ar\/wp-content\/uploads\/2023\/10\/policia-320x200.jpg",320,200,true],"blossom-feminine-schema":["https:\/\/infotep.com.ar\/wp-content\/uploads\/2023\/10\/policia-107x60.jpg",107,60,true],"blossom-mommy-blog-slider-big":["https:\/\/infotep.com.ar\/wp-content\/uploads\/2023\/10\/policia-920x650.jpg",920,650,true],"blossom-mommy-blog-slider":["https:\/\/infotep.com.ar\/wp-content\/uploads\/2023\/10\/policia-460x310.jpg",460,310,true],"blossom-mommy-blog-two":["https:\/\/infotep.com.ar\/wp-content\/uploads\/2023\/10\/policia-768x480.jpg",768,480,true]},"author_info":{"info":["Angela Tobar"]},"category_info":"<a href=\"https:\/\/infotep.com.ar\/index.php\/category\/municipales\/merlo\/\" rel=\"category tag\">Merlo<\/a>","tag_info":"Merlo","comment_count":"0","_links":{"self":[{"href":"https:\/\/infotep.com.ar\/index.php\/wp-json\/wp\/v2\/posts\/9732"}],"collection":[{"href":"https:\/\/infotep.com.ar\/index.php\/wp-json\/wp\/v2\/posts"}],"about":[{"href":"https:\/\/infotep.com.ar\/index.php\/wp-json\/wp\/v2\/types\/post"}],"author":[{"embeddable":true,"href":"https:\/\/infotep.com.ar\/index.php\/wp-json\/wp\/v2\/users\/5"}],"replies":[{"embeddable":true,"href":"https:\/\/infotep.com.ar\/index.php\/wp-json\/wp\/v2\/comments?post=9732"}],"version-history":[{"count":1,"href":"https:\/\/infotep.com.ar\/index.php\/wp-json\/wp\/v2\/posts\/9732\/revisions"}],"predecessor-version":[{"id":9733,"href":"https:\/\/infotep.com.ar\/index.php\/wp-json\/wp\/v2\/posts\/9732\/revisions\/9733"}],"wp:featuredmedia":[{"embeddable":true,"href":"https:\/\/infotep.com.ar\/index.php\/wp-json\/wp\/v2\/media\/8401"}],"wp:attachment":[{"href":"https:\/\/infotep.com.ar\/index.php\/wp-json\/wp\/v2\/media?parent=9732"}],"wp:term":[{"taxonomy":"category","embeddable":true,"href":"https:\/\/infotep.com.ar\/index.php\/wp-json\/wp\/v2\/categories?post=9732"},{"taxonomy":"post_tag","embeddable":true,"href":"https:\/\/infotep.com.ar\/index.php\/wp-json\/wp\/v2\/tags?post=9732"}],"curies":[{"name":"wp","href":"https:\/\/api.w.org\/{rel}","templated":true}]}}